{"id":994,"date":"2026-07-02T20:14:37","date_gmt":"2026-07-02T20:14:37","guid":{"rendered":"https:\/\/gundem44.com.tr\/?p=994"},"modified":"2026-07-02T20:14:38","modified_gmt":"2026-07-02T20:14:38","slug":"malatyada-silahli-yaralama-olayi","status":"publish","type":"post","link":"https:\/\/gundem44.com.tr\/?p=994","title":{"rendered":"Malatya&#8217;da Silahl\u0131 Yaralama Olay\u0131"},"content":{"rendered":"\n<p class=\"wp-block-paragraph\">Malatya&#8217;da tart\u0131\u015fma sonucu baca\u011f\u0131ndan vurulan ki\u015fi hastaneye kald\u0131r\u0131ld\u0131, sald\u0131rgan ka\u00e7t\u0131.<\/p>\n\n\n\n<p class=\"wp-block-paragraph\"><a href=\"https:\/\/www.sondakika.com\/malatya\/\">Malatya<\/a>&#8216;da tart\u0131\u015ft\u0131\u011f\u0131 ki\u015fi taraf\u0131ndan silahla vurulan \u015fah\u0131s baca\u011f\u0131ndan yaraland\u0131.<\/p>\n\n\n\n<p class=\"wp-block-paragraph\">Olay, ak\u015fam saatlerinde Ye\u015filyurt il\u00e7esi Tecde Mahallesi Alt\u0131nka\u015f\u0131k Sokak&#8217;ta meydana geldi. \u0130ddiaya g\u00f6re, \u00d6.F.K. ile kimli\u011fi hen\u00fcz belirlenemeyen bir ki\u015fi aras\u0131nda tart\u0131\u015fma \u00e7\u0131kt\u0131. Ka\u00e7maya \u00e7al\u0131\u015fan \u00d6.F.K., girdi\u011fi kay\u0131s\u0131 bah\u00e7esinde \u015fahs\u0131n silahla ate\u015f a\u00e7mas\u0131 sonucu baca\u011f\u0131ndan yaraland\u0131. Sald\u0131rgan olay yerinden ka\u00e7arak uzakla\u015f\u0131rken, ihbar \u00fczerine b\u00f6lgeye polis ve sa\u011fl\u0131k ekipleri sevk edildi. Sa\u011fl\u0131k ekiplerinin olay yerindeki ilk m\u00fcdahalesinin ard\u0131ndan yaral\u0131, Malatya E\u011fitim ve Ara\u015ft\u0131rma Hastanesi&#8217;ne kald\u0131r\u0131larak tedavi alt\u0131na al\u0131nd\u0131. Ka\u00e7an \u015f\u00fcphelinin yakalanmas\u0131 i\u00e7in \u00e7al\u0131\u015fma ba\u015flat\u0131ld\u0131.<\/p>\n","protected":false},"excerpt":{"rendered":"<p>Malatya&#8217;da tart\u0131\u015fma sonucu baca\u011f\u0131ndan vurulan ki\u015fi hastaneye kald\u0131r\u0131ld\u0131, sald\u0131rgan ka\u00e7t\u0131. Malatya&#8216;da tart\u0131\u015ft\u0131\u011f\u0131 ki\u015fi taraf\u0131ndan silahla&#8230;<\/p>\n","protected":false},"author":1,"featured_media":995,"comment_status":"open","ping_status":"open","sticky":false,"template":"","format":"standard","meta":{"footnotes":""},"categories":[20],"tags":[],"class_list":["post-994","post","type-post","status-publish","format-standard","has-post-thumbnail","hentry","category-yesilyurt"],"_links":{"self":[{"href":"https:\/\/gundem44.com.tr\/index.php?rest_route=\/wp\/v2\/posts\/994","targetHints":{"allow":["GET"]}}],"collection":[{"href":"https:\/\/gundem44.com.tr\/index.php?rest_route=\/wp\/v2\/posts"}],"about":[{"href":"https:\/\/gundem44.com.tr\/index.php?rest_route=\/wp\/v2\/types\/post"}],"author":[{"embeddable":true,"href":"https:\/\/gundem44.com.tr\/index.php?rest_route=\/wp\/v2\/users\/1"}],"replies":[{"embeddable":true,"href":"https:\/\/gundem44.com.tr\/index.php?rest_route=%2Fwp%2Fv2%2Fcomments&post=994"}],"version-history":[{"count":1,"href":"https:\/\/gundem44.com.tr\/index.php?rest_route=\/wp\/v2\/posts\/994\/revisions"}],"predecessor-version":[{"id":996,"href":"https:\/\/gundem44.com.tr\/index.php?rest_route=\/wp\/v2\/posts\/994\/revisions\/996"}],"wp:featuredmedia":[{"embeddable":true,"href":"https:\/\/gundem44.com.tr\/index.php?rest_route=\/wp\/v2\/media\/995"}],"wp:attachment":[{"href":"https:\/\/gundem44.com.tr\/index.php?rest_route=%2Fwp%2Fv2%2Fmedia&parent=994"}],"wp:term":[{"taxonomy":"category","embeddable":true,"href":"https:\/\/gundem44.com.tr\/index.php?rest_route=%2Fwp%2Fv2%2Fcategories&post=994"},{"taxonomy":"post_tag","embeddable":true,"href":"https:\/\/gundem44.com.tr\/index.php?rest_route=%2Fwp%2Fv2%2Ftags&post=994"}],"curies":[{"name":"wp","href":"https:\/\/api.w.org\/{rel}","templated":true}]}}