{"id":991,"date":"2026-07-02T20:13:17","date_gmt":"2026-07-02T20:13:17","guid":{"rendered":"https:\/\/gundem44.com.tr\/?p=991"},"modified":"2026-07-02T20:13:18","modified_gmt":"2026-07-02T20:13:18","slug":"malatyada-yangin-ihbarina-giden-itfaiye-araci-devrildi-3-yarali","status":"publish","type":"post","link":"https:\/\/gundem44.com.tr\/?p=991","title":{"rendered":"Malatya&#8217;da yang\u0131n ihbar\u0131na giden itfaiye arac\u0131 devrildi: 3 yaral\u0131"},"content":{"rendered":"\n<p class=\"wp-block-paragraph\">Malatya&#8217;n\u0131n Ye\u015filyurt il\u00e7esinde yang\u0131n ihbar\u0131na giden itfaiye arac\u0131n\u0131n devrilmesi sonucu 3 itfaiye personeli yaraland\u0131. Yaral\u0131lar hastanede tedavi alt\u0131na al\u0131n\u0131rken, kazayla ilgili inceleme ba\u015flat\u0131ld\u0131.<\/p>\n\n\n\n<p class=\"wp-block-paragraph\"><a href=\"https:\/\/www.sondakika.com\/malatya\/\">Malatya<\/a>&#8216;da yang\u0131n ihbar\u0131na m\u00fcdahale i\u00e7in olay yerine giden itfaiye arac\u0131n\u0131n devrilmesi sonucu meydana gelen kazada 3 itfaiye personeli yaraland\u0131.<\/p>\n\n\n\n<p class=\"wp-block-paragraph\"><a href=\"https:\/\/www.sondakika.com\/kaza\/\">Kaza<\/a>, ak\u015fam saatlerinde&nbsp;<a href=\"https:\/\/www.sondakika.com\/yesilyurt\/\">Ye\u015filyurt<\/a>&nbsp;il\u00e7esi Dilek Mahallesi&#8217;nde meydana geldi. Edinilen bilgilere g\u00f6re, Dilek Mahallesi&#8217;ndeki yang\u0131na m\u00fcdahale etmek \u00fczere yola \u00e7\u0131kan Malatya B\u00fcy\u00fck\u015fehir Belediyesi&nbsp;<a href=\"https:\/\/www.sondakika.com\/itfaiye\/\">\u0130tfaiye<\/a>&nbsp;Daire Ba\u015fkanl\u0131\u011f\u0131&#8217;na ait itfaiye arac\u0131, s\u00fcr\u00fcc\u00fcs\u00fcn\u00fcn kontrol\u00fcnden \u00e7\u0131karak devrildi. Yan yatan ara\u00e7ta bulunan 3 itfaiye personeli yaraland\u0131. \u0130hbar \u00fczerine olay yerine jandarma ve sa\u011fl\u0131k ekipleri sevk edildi. Yaral\u0131lar, ambulanslarla Malatya E\u011fitim ve Ara\u015ft\u0131rma Hastanesi&#8217;ne kald\u0131r\u0131larak tedavi alt\u0131na al\u0131nd\u0131.<\/p>\n\n\n\n<p class=\"wp-block-paragraph\">Malatya B\u00fcy\u00fck\u015fehir Belediye Ba\u015fkan\u0131 Sami Er, sosyal medya hesab\u0131ndan yapt\u0131\u011f\u0131 payla\u015f\u0131mda, Dilek Mahallesi&#8217;ndeki yang\u0131na m\u00fcdahale i\u00e7in yola \u00e7\u0131kan itfaiye arac\u0131n\u0131n kaza yapt\u0131\u011f\u0131n\u0131 \u00fcz\u00fcnt\u00fcyle \u00f6\u011frendi\u011fini belirterek, &#8220;Yaralanan 3 mesai arkada\u015f\u0131m\u0131z\u0131n sa\u011fl\u0131k durumunu yak\u0131ndan takip ediyoruz. \u00c7al\u0131\u015fma arkada\u015flar\u0131m\u0131za acil \u015fifalar, ailelerine ve t\u00fcm itfaiye te\u015fkilat\u0131m\u0131za ge\u00e7mi\u015f olsun diliyorum&#8221; ifadelerine yer verdi.<\/p>\n\n\n\n<p class=\"wp-block-paragraph\">Kazayla ilgili inceleme ba\u015flat\u0131ld\u0131.<\/p>\n","protected":false},"excerpt":{"rendered":"<p>Malatya&#8217;n\u0131n Ye\u015filyurt il\u00e7esinde yang\u0131n ihbar\u0131na giden itfaiye arac\u0131n\u0131n devrilmesi sonucu 3 itfaiye personeli yaraland\u0131. Yaral\u0131lar&#8230;<\/p>\n","protected":false},"author":1,"featured_media":992,"comment_status":"open","ping_status":"open","sticky":false,"template":"","format":"standard","meta":{"footnotes":""},"categories":[20],"tags":[],"class_list":["post-991","post","type-post","status-publish","format-standard","has-post-thumbnail","hentry","category-yesilyurt"],"_links":{"self":[{"href":"https:\/\/gundem44.com.tr\/index.php?rest_route=\/wp\/v2\/posts\/991","targetHints":{"allow":["GET"]}}],"collection":[{"href":"https:\/\/gundem44.com.tr\/index.php?rest_route=\/wp\/v2\/posts"}],"about":[{"href":"https:\/\/gundem44.com.tr\/index.php?rest_route=\/wp\/v2\/types\/post"}],"author":[{"embeddable":true,"href":"https:\/\/gundem44.com.tr\/index.php?rest_route=\/wp\/v2\/users\/1"}],"replies":[{"embeddable":true,"href":"https:\/\/gundem44.com.tr\/index.php?rest_route=%2Fwp%2Fv2%2Fcomments&post=991"}],"version-history":[{"count":1,"href":"https:\/\/gundem44.com.tr\/index.php?rest_route=\/wp\/v2\/posts\/991\/revisions"}],"predecessor-version":[{"id":993,"href":"https:\/\/gundem44.com.tr\/index.php?rest_route=\/wp\/v2\/posts\/991\/revisions\/993"}],"wp:featuredmedia":[{"embeddable":true,"href":"https:\/\/gundem44.com.tr\/index.php?rest_route=\/wp\/v2\/media\/992"}],"wp:attachment":[{"href":"https:\/\/gundem44.com.tr\/index.php?rest_route=%2Fwp%2Fv2%2Fmedia&parent=991"}],"wp:term":[{"taxonomy":"category","embeddable":true,"href":"https:\/\/gundem44.com.tr\/index.php?rest_route=%2Fwp%2Fv2%2Fcategories&post=991"},{"taxonomy":"post_tag","embeddable":true,"href":"https:\/\/gundem44.com.tr\/index.php?rest_route=%2Fwp%2Fv2%2Ftags&post=991"}],"curies":[{"name":"wp","href":"https:\/\/api.w.org\/{rel}","templated":true}]}}