{"id":985,"date":"2026-07-02T20:10:45","date_gmt":"2026-07-02T20:10:45","guid":{"rendered":"https:\/\/gundem44.com.tr\/?p=985"},"modified":"2026-07-02T20:10:45","modified_gmt":"2026-07-02T20:10:45","slug":"malatyada-tmo-randevulu-alim-yapacak","status":"publish","type":"post","link":"https:\/\/gundem44.com.tr\/?p=985","title":{"rendered":"Malatya&#8217;da TMO Randevulu Al\u0131m Yapacak"},"content":{"rendered":"\n<p class=\"wp-block-paragraph\">Ba\u015fkan \u00d6zcan, TMO&#8217;nun y\u00fcksek rekolte bekledi\u011fini ve arpa-bu\u011fday al\u0131mlar\u0131n\u0131n randevulu devam edece\u011fini a\u00e7\u0131klad\u0131.<\/p>\n\n\n\n<p class=\"wp-block-paragraph\"><a href=\"https:\/\/www.sondakika.com\/malatya\/\">Malatya<\/a>&nbsp;Ticaret Borsas\u0131 Y\u00f6netim Kurulu Ba\u015fkan\u0131 Ramazan \u00d6zcan, Toprak Mahsulleri Ofisi&#8217;nin arpa ve bu\u011fday al\u0131mlar\u0131n\u0131 randevulu sistemle s\u00fcrd\u00fcrd\u00fc\u011f\u00fcn\u00fc belirterek, bu y\u0131l y\u00fcksek rekolte beklendi\u011fini ve ilde hasat edilen \u00fcr\u00fcnlerin tamam\u0131n\u0131n TMO taraf\u0131ndan al\u0131naca\u011f\u0131n\u0131 s\u00f6yledi.<\/p>\n\n\n\n<p class=\"wp-block-paragraph\">Malatya Ticaret Borsas\u0131 Y\u00f6netim Kurulu Ba\u015fkan\u0131 Ramazan \u00d6zcan ve Toprak Mahsulleri Ofisi Malatya \u015eube M\u00fcd\u00fcr\u00fc \u015eeref Aslan, TMO taraf\u0131ndan arpa ve bu\u011fday al\u0131mlar\u0131n\u0131n yap\u0131ld\u0131\u011f\u0131 noktalar\u0131 ziyaret etti.<\/p>\n\n\n\n<p class=\"wp-block-paragraph\">Bu\u011fday al\u0131m noktalar\u0131ndaki \u00e7al\u0131\u015fmalar hakk\u0131nda bilgi alan Malatya Ticaret Borsas\u0131 Ba\u015fkan\u0131 Ramazan \u00d6zcan, Toprak Mahsulleri Ofisi&#8217;nin bu y\u0131l da T\u00fcrkiye genelinde daha \u00f6nce al\u0131m yap\u0131lan 600&#8217;\u00fcn \u00fczerindeki noktada faaliyet g\u00f6sterece\u011fini ifade etti.<\/p>\n\n\n\n<p class=\"wp-block-paragraph\">Ba\u015fkan \u00d6zcan, randevulu al\u0131m sisteminin anla\u015fmal\u0131 lisansl\u0131 depolar da dahil olmak \u00fczere t\u00fcm al\u0131m noktalar\u0131nda uygulanmaya devam edece\u011fini belirtti.<\/p>\n\n\n\n<p class=\"wp-block-paragraph\">Yeni hasat d\u00f6neminin ba\u015flamas\u0131yla birlikte tar\u0131m sekt\u00f6r\u00fcnde yo\u011fun bir \u00e7al\u0131\u015fma s\u00fcrecine girildi\u011fini ifade eden Ba\u015fkan \u00d6zcan, &#8220;Topra\u011fa emek veren, \u00fcretimiyle \u00fclkemizin g\u0131da arz g\u00fcvenli\u011fine katk\u0131 sa\u011flayan t\u00fcm \u00e7ift\u00e7ilerimize bereketli ve hay\u0131rl\u0131 bir hasat sezonu diliyorum. Yeni d\u00f6nemin \u00fcreticilerimiz, sekt\u00f6r\u00fcm\u00fcz ve \u00fclkemiz ad\u0131na hay\u0131rlara vesile olmas\u0131n\u0131 temenni ediyorum&#8221; dedi.<\/p>\n\n\n\n<p class=\"wp-block-paragraph\">Ba\u015fkan \u00d6zcan, \u00fcreticilerin randevu konusunda herhangi bir sorun ya\u015famad\u0131\u011f\u0131n\u0131 belirterek, &#8220;\u0130limizde bir hafta \u00f6nce arpa hasad\u0131 \u015fu an ise Arguvan b\u00f6lgesinde bu\u011fday hasad\u0131 ba\u015flad\u0131. \u00dcreticimizin ve besicilerimiz ma\u011fdur olmamas\u0131 i\u00e7in Malatya da hasat edilen arpa ve bu\u011fday\u0131 al\u0131mlar\u0131 TMO Malatya \u015eubesi taraf\u0131ndan devam ediyor. Bu y\u0131l y\u00fcksek bir rekolte bekleniyor. \u00dclkemiz ve ilimiz a\u00e7\u0131s\u0131ndan stratejik olarak \u00e7ok \u00f6nemli. Bu y\u0131l ilimizde \u00fcretilen arpa ve bu\u011fday\u0131n tamam\u0131n\u0131 TMO periyodik olarak al\u0131mlar\u0131na devam edecek. Randevu almada herhangi bir s\u0131k\u0131nt\u0131 yok. Ayr\u0131ca g\u00fcnl\u00fck al\u0131nan hububat randevular\u0131n\u0131n tamam\u0131 g\u00fcn i\u00e7erisinde TMO taraf\u0131ndan al\u0131nmaktad\u0131r. M\u00fcracaat eden her \u00e7ift\u00e7i \u00fcr\u00fcn\u00fcn\u00fc TMO Malatya \u015eube M\u00fcd\u00fcrl\u00fc\u011f\u00fc&#8217;n\u00fcn belirlemi\u015f oldu\u011fu lokasyon ve noktalara getirip \u00fcr\u00fcn\u00fc teslim ediyorlar. Bu y\u0131l tahmini arpa ve bu\u011fday da rekoltemiz y\u00fcksek. Al\u0131mlarla ilgili Cumhurba\u015fkan\u0131m\u0131z\u0131n da belirtti\u011fi \u00fczere son \u00fcr\u00fcn\u00fcn hasat g\u00fcn\u00fcne dek TMO al\u0131mlar\u0131 devam edecektir. Ba\u015fta Tar\u0131m ve Orman Bakan\u0131m\u0131z \u0130brahim Yumakl\u0131 olmak \u00fczere Toprak Mahsulleri Ofisi Genel M\u00fcd\u00fcr\u00fcm\u00fcz Ahmet G\u00fcldal ve Malatya \u015eube M\u00fcd\u00fcr\u00fcm\u00fcz \u015eeref Aslan&#8217;a te\u015fekk\u00fcr ediyorum&#8221; diye konu\u015ftu.<\/p>\n","protected":false},"excerpt":{"rendered":"<p>Ba\u015fkan \u00d6zcan, TMO&#8217;nun y\u00fcksek rekolte bekledi\u011fini ve arpa-bu\u011fday al\u0131mlar\u0131n\u0131n randevulu devam edece\u011fini a\u00e7\u0131klad\u0131. Malatya&nbsp;Ticaret Borsas\u0131&#8230;<\/p>\n","protected":false},"author":1,"featured_media":986,"comment_status":"open","ping_status":"open","sticky":false,"template":"","format":"standard","meta":{"footnotes":""},"categories":[18],"tags":[],"class_list":["post-985","post","type-post","status-publish","format-standard","has-post-thumbnail","hentry","category-guncel"],"_links":{"self":[{"href":"https:\/\/gundem44.com.tr\/index.php?rest_route=\/wp\/v2\/posts\/985","targetHints":{"allow":["GET"]}}],"collection":[{"href":"https:\/\/gundem44.com.tr\/index.php?rest_route=\/wp\/v2\/posts"}],"about":[{"href":"https:\/\/gundem44.com.tr\/index.php?rest_route=\/wp\/v2\/types\/post"}],"author":[{"embeddable":true,"href":"https:\/\/gundem44.com.tr\/index.php?rest_route=\/wp\/v2\/users\/1"}],"replies":[{"embeddable":true,"href":"https:\/\/gundem44.com.tr\/index.php?rest_route=%2Fwp%2Fv2%2Fcomments&post=985"}],"version-history":[{"count":1,"href":"https:\/\/gundem44.com.tr\/index.php?rest_route=\/wp\/v2\/posts\/985\/revisions"}],"predecessor-version":[{"id":987,"href":"https:\/\/gundem44.com.tr\/index.php?rest_route=\/wp\/v2\/posts\/985\/revisions\/987"}],"wp:featuredmedia":[{"embeddable":true,"href":"https:\/\/gundem44.com.tr\/index.php?rest_route=\/wp\/v2\/media\/986"}],"wp:attachment":[{"href":"https:\/\/gundem44.com.tr\/index.php?rest_route=%2Fwp%2Fv2%2Fmedia&parent=985"}],"wp:term":[{"taxonomy":"category","embeddable":true,"href":"https:\/\/gundem44.com.tr\/index.php?rest_route=%2Fwp%2Fv2%2Fcategories&post=985"},{"taxonomy":"post_tag","embeddable":true,"href":"https:\/\/gundem44.com.tr\/index.php?rest_route=%2Fwp%2Fv2%2Ftags&post=985"}],"curies":[{"name":"wp","href":"https:\/\/api.w.org\/{rel}","templated":true}]}}