{"id":980,"date":"2026-07-02T20:09:15","date_gmt":"2026-07-02T20:09:15","guid":{"rendered":"https:\/\/gundem44.com.tr\/?p=980"},"modified":"2026-07-02T20:09:16","modified_gmt":"2026-07-02T20:09:16","slug":"malatyada-1200-yeni-is-yeri-acilacak","status":"publish","type":"post","link":"https:\/\/gundem44.com.tr\/?p=980","title":{"rendered":"Malatya&#8217;da 1200 Yeni \u0130\u015f Yeri A\u00e7\u0131lacak"},"content":{"rendered":"\n<p class=\"wp-block-paragraph\">Kahramanmara\u015f depremlerinin ard\u0131ndan Malatya&#8217;da 1200 i\u015f yeri hak sahiplerine teslim edilecek.<\/p>\n\n\n\n<p class=\"wp-block-paragraph\"><a href=\"https:\/\/www.sondakika.com\/malatya\/\">Malatya<\/a>&#8216;da,&nbsp;<a href=\"https:\/\/www.sondakika.com\/kahramanmaras\/\">Kahramanmara\u015f<\/a>&nbsp;merkezli 6 \u015eubat 2023&#8217;teki depremlerin ard\u0131ndan yeniden in\u015fa edilen kent merkezindeki \u00e7ar\u015f\u0131da, iki ay i\u00e7inde yakla\u015f\u0131k 1200 i\u015f yerinin daha hak sahiplerine teslim edilmesi planlan\u0131yor.<\/p>\n\n\n\n<p class=\"wp-block-paragraph\">Battalgazi Belediye Ba\u015fkan\u0131 Bayram Ta\u015fk\u0131n, Bak\u0131rc\u0131lar \u00c7ar\u015f\u0131s\u0131&#8217;nda yap\u0131m\u0131 s\u00fcren \u00e7al\u0131\u015fmalar\u0131 inceleyerek Emlak Konut yetkililerinden s\u00fcre\u00e7 hakk\u0131nda bilgi ald\u0131.<\/p>\n\n\n\n<p class=\"wp-block-paragraph\">\u0130ncelemenin ard\u0131ndan a\u00e7\u0131klama yapan Ta\u015fk\u0131n, \u00e7ar\u015f\u0131 merkezindeki \u00e7al\u0131\u015fmalar\u0131 yak\u0131ndan takip ettiklerini belirterek, Yeni Cami ile Akp\u0131nar aras\u0131ndaki b\u00f6l\u00fcm\u00fcn teslim edilmesinin ard\u0131ndan Yeni Cami ile Emeksiz Caddesi aras\u0131ndaki k\u0131sm\u0131n da k\u0131sa s\u00fcrede tamamlanmas\u0131n\u0131 beklediklerini ifade etti.<\/p>\n\n\n\n<p class=\"wp-block-paragraph\">Konteynerlerin kald\u0131r\u0131lmas\u0131yla birlikte kirac\u0131 esnaf\u0131n i\u015f yeri ihtiyac\u0131n\u0131n g\u00fcndeme geldi\u011fini dile getiren Ta\u015fk\u0131n, in\u015faatlar\u0131n planlanan takvim do\u011frultusunda ilerlemesinin \u00f6nem ta\u015f\u0131d\u0131\u011f\u0131n\u0131 kaydetti.<\/p>\n\n\n\n<p class=\"wp-block-paragraph\">Saray Mahallesi&#8217;nde yap\u0131m\u0131 s\u00fcren yakla\u015f\u0131k 400 i\u015f yerinin a\u011fustos sonu ile eyl\u00fcl ba\u015f\u0131 aras\u0131nda hak sahiplerine teslim edilmesinin planland\u0131\u011f\u0131n\u0131 aktaran Ta\u015fk\u0131n, &#8220;Bug\u00fcn inceleme yapt\u0131\u011f\u0131m\u0131z Yeni Cami ile Emeksiz aras\u0131ndaki b\u00f6lgede ise ald\u0131\u011f\u0131m\u0131z bilgiye g\u00f6re a\u011fustos ay\u0131 sonu itibar\u0131yla yakla\u015f\u0131k 800 i\u015f yeri daha kullan\u0131ma a\u00e7\u0131lacak. B\u00f6ylece \u00f6n\u00fcm\u00fczdeki iki ayl\u0131k s\u00fcre\u00e7te yakla\u015f\u0131k 1200 yeni i\u015f yerinin piyasaya kazand\u0131r\u0131lmas\u0131n\u0131 bekliyoruz.&#8221; dedi.<\/p>\n\n\n\n<p class=\"wp-block-paragraph\">\u0130\u015f yeri arz\u0131ndaki art\u0131\u015f\u0131n kiral\u0131k i\u015f yeri piyasas\u0131na da olumlu yans\u0131yaca\u011f\u0131n\u0131 belirten Ta\u015fk\u0131n, &#8220;Arz artt\u0131k\u00e7a kiralar\u0131n da daha makul seviyelere gelece\u011fini d\u00fc\u015f\u00fcn\u00fcyoruz. Hem esnaf\u0131m\u0131z\u0131n hem de i\u015f yeri sahiplerinin makul bir noktada bulu\u015faca\u011f\u0131na inan\u0131yoruz.&#8221; ifadelerini kulland\u0131.<\/p>\n\n\n\n<p class=\"wp-block-paragraph\">Ta\u015fk\u0131n, \u00e7ar\u015f\u0131 merkezindeki di\u011fer etaplarda da \u00e7al\u0131\u015fmalar\u0131n s\u00fcrd\u00fc\u011f\u00fcn\u00fc, H\u00fck\u00fcmet Kona\u011f\u0131 arkas\u0131 ile Sancaktar b\u00f6lgesindeki in\u015faatlar\u0131n sonbaharda tamamlanarak teslim edilmesinin hedeflendi\u011fini s\u00f6zlerine ekledi.<\/p>\n","protected":false},"excerpt":{"rendered":"<p>Kahramanmara\u015f depremlerinin ard\u0131ndan Malatya&#8217;da 1200 i\u015f yeri hak sahiplerine teslim edilecek. Malatya&#8216;da,&nbsp;Kahramanmara\u015f&nbsp;merkezli 6 \u015eubat 2023&#8217;teki&#8230;<\/p>\n","protected":false},"author":1,"featured_media":982,"comment_status":"open","ping_status":"open","sticky":false,"template":"","format":"standard","meta":{"footnotes":""},"categories":[18],"tags":[],"class_list":["post-980","post","type-post","status-publish","format-standard","has-post-thumbnail","hentry","category-guncel"],"_links":{"self":[{"href":"https:\/\/gundem44.com.tr\/index.php?rest_route=\/wp\/v2\/posts\/980","targetHints":{"allow":["GET"]}}],"collection":[{"href":"https:\/\/gundem44.com.tr\/index.php?rest_route=\/wp\/v2\/posts"}],"about":[{"href":"https:\/\/gundem44.com.tr\/index.php?rest_route=\/wp\/v2\/types\/post"}],"author":[{"embeddable":true,"href":"https:\/\/gundem44.com.tr\/index.php?rest_route=\/wp\/v2\/users\/1"}],"replies":[{"embeddable":true,"href":"https:\/\/gundem44.com.tr\/index.php?rest_route=%2Fwp%2Fv2%2Fcomments&post=980"}],"version-history":[{"count":1,"href":"https:\/\/gundem44.com.tr\/index.php?rest_route=\/wp\/v2\/posts\/980\/revisions"}],"predecessor-version":[{"id":983,"href":"https:\/\/gundem44.com.tr\/index.php?rest_route=\/wp\/v2\/posts\/980\/revisions\/983"}],"wp:featuredmedia":[{"embeddable":true,"href":"https:\/\/gundem44.com.tr\/index.php?rest_route=\/wp\/v2\/media\/982"}],"wp:attachment":[{"href":"https:\/\/gundem44.com.tr\/index.php?rest_route=%2Fwp%2Fv2%2Fmedia&parent=980"}],"wp:term":[{"taxonomy":"category","embeddable":true,"href":"https:\/\/gundem44.com.tr\/index.php?rest_route=%2Fwp%2Fv2%2Fcategories&post=980"},{"taxonomy":"post_tag","embeddable":true,"href":"https:\/\/gundem44.com.tr\/index.php?rest_route=%2Fwp%2Fv2%2Ftags&post=980"}],"curies":[{"name":"wp","href":"https:\/\/api.w.org\/{rel}","templated":true}]}}