{"id":977,"date":"2026-07-02T20:07:52","date_gmt":"2026-07-02T20:07:52","guid":{"rendered":"https:\/\/gundem44.com.tr\/?p=977"},"modified":"2026-07-02T20:07:52","modified_gmt":"2026-07-02T20:07:52","slug":"malatyada-koruyucu-aile-gunu-yuruyusu","status":"publish","type":"post","link":"https:\/\/gundem44.com.tr\/?p=977","title":{"rendered":"Malatya&#8217;da Koruyucu Aile G\u00fcn\u00fc Y\u00fcr\u00fcy\u00fc\u015f\u00fc"},"content":{"rendered":"\n<p class=\"wp-block-paragraph\">Malatya&#8217;da, koruyucu ailelerin \u00f6nemine dikkat \u00e7ekmek i\u00e7in kortej y\u00fcr\u00fcy\u00fc\u015f\u00fc d\u00fczenlendi.<\/p>\n\n\n\n<p class=\"wp-block-paragraph\"><a href=\"https:\/\/www.sondakika.com\/malatya\/\">Malatya<\/a>&#8216;da&nbsp;<a href=\"https:\/\/www.sondakika.com\/koruyucu-aile-gunu\/\">Koruyucu Aile G\u00fcn\u00fc<\/a>&nbsp;dolay\u0131s\u0131yla kortej y\u00fcr\u00fcy\u00fc\u015f\u00fc yap\u0131ld\u0131.<\/p>\n\n\n\n<p class=\"wp-block-paragraph\">Aile ve Sosyal Hizmetler \u0130l M\u00fcd\u00fcrl\u00fc\u011f\u00fcnce d\u00fczenlenen y\u00fcr\u00fcy\u00fc\u015f kapsam\u0131nda ellerinde koruyucu aile hizmetinin \u00f6nemini anlatan d\u00f6vizler ta\u015f\u0131yan koruyucu aileler, \u00e7ocuklar ve protokol \u00fcyeleri, \u0130n\u00f6n\u00fc Caddesi Diniye \u00c7al\u0131k \u0130lkokulu \u00f6n\u00fcnden Malatya Park AVM&#8217;ye kadar y\u00fcr\u00fcd\u00fc.<\/p>\n\n\n\n<p class=\"wp-block-paragraph\">Bu s\u0131rada korteje baz\u0131 aileler ve \u00e7ocuklar, \u00fcst\u00fc a\u00e7\u0131k otob\u00fcsle e\u015flik etti.<\/p>\n\n\n\n<p class=\"wp-block-paragraph\">Vali Seddar Yavuz, yapt\u0131\u011f\u0131 konu\u015fmada, \u00e7ocuklar\u0131 sevgi ve \u015fefkatle ba\u011f\u0131rlar\u0131na basan, onlara kendi ailelerini aratmayan, onlar\u0131n iyi ve ba\u015far\u0131l\u0131 bir insan olarak yeti\u015fmesine vesile olan koruyucu aileleri tebrik etti.<\/p>\n\n\n\n<p class=\"wp-block-paragraph\">Koruyucu aile olman\u0131n \u00f6nemine i\u015faret eden Yavuz, \u015funlar\u0131 kaydetti:<\/p>\n\n\n\n<p class=\"wp-block-paragraph\">&#8220;Kendi ailesinin yan\u0131nda kalma imkan\u0131 bulunmayan evlatlar\u0131m\u0131z\u0131n, kurumlar\u0131m\u0131z yerine bir aile s\u0131cakl\u0131\u011f\u0131nda, \u015fefkatinde bulunmas\u0131, onlarla birlikte ya\u015famas\u0131 ve hayat\u0131 \u00f6\u011frenmesini \u00e7ok \u00f6nemsiyoruz. \u015eehrimizde de koruyucu aileye \u00f6zel bir ilgi oldu\u011funu s\u00f6ylemek istiyorum. Ailelerimizden, kendi \u00e7ocuklar\u0131n\u0131n yan\u0131nda ba\u015fka bir \u00e7ocu\u011fumuzun elini de sevgiyle ve \u015fefkatle tutmalar\u0131n\u0131 istirham ediyorum. Devlet olarak her t\u00fcrl\u00fc imkan\u0131m\u0131z var ama \u015funu kabul edelim ki bir aile s\u0131cakl\u0131\u011f\u0131n\u0131, ailedeki sevgi ve \u015fefkat ortam\u0131n\u0131 sa\u011flayabilmemiz kolay de\u011fil. Bunu sizlerle sa\u011fl\u0131yorsunuz.&#8221;<\/p>\n\n\n\n<p class=\"wp-block-paragraph\">Vali Yavuz, konu\u015fmas\u0131n\u0131n ard\u0131ndan etkinli\u011fe kat\u0131lan koruyucu ailelerle sohbet etti.<\/p>\n\n\n\n<p class=\"wp-block-paragraph\">Programa Aile ve Sosyal Hizmetler \u0130l M\u00fcd\u00fcr Vekili Cevdet Tatar, \u0130l&nbsp;<a href=\"https:\/\/www.sondakika.com\/saglik\/\">Sa\u011fl\u0131k<\/a>&nbsp;M\u00fcd\u00fcr\u00fc Cezmi Karaca ve \u0130l Emniyet M\u00fcd\u00fcr\u00fc Kayhan Ay da kat\u0131ld\u0131<\/p>\n","protected":false},"excerpt":{"rendered":"<p>Malatya&#8217;da, koruyucu ailelerin \u00f6nemine dikkat \u00e7ekmek i\u00e7in kortej y\u00fcr\u00fcy\u00fc\u015f\u00fc d\u00fczenlendi. Malatya&#8216;da&nbsp;Koruyucu Aile G\u00fcn\u00fc&nbsp;dolay\u0131s\u0131yla kortej y\u00fcr\u00fcy\u00fc\u015f\u00fc&#8230;<\/p>\n","protected":false},"author":1,"featured_media":978,"comment_status":"open","ping_status":"open","sticky":false,"template":"","format":"standard","meta":{"footnotes":""},"categories":[1],"tags":[],"class_list":["post-977","post","type-post","status-publish","format-standard","has-post-thumbnail","hentry","category-malatya-gundemi"],"_links":{"self":[{"href":"https:\/\/gundem44.com.tr\/index.php?rest_route=\/wp\/v2\/posts\/977","targetHints":{"allow":["GET"]}}],"collection":[{"href":"https:\/\/gundem44.com.tr\/index.php?rest_route=\/wp\/v2\/posts"}],"about":[{"href":"https:\/\/gundem44.com.tr\/index.php?rest_route=\/wp\/v2\/types\/post"}],"author":[{"embeddable":true,"href":"https:\/\/gundem44.com.tr\/index.php?rest_route=\/wp\/v2\/users\/1"}],"replies":[{"embeddable":true,"href":"https:\/\/gundem44.com.tr\/index.php?rest_route=%2Fwp%2Fv2%2Fcomments&post=977"}],"version-history":[{"count":1,"href":"https:\/\/gundem44.com.tr\/index.php?rest_route=\/wp\/v2\/posts\/977\/revisions"}],"predecessor-version":[{"id":979,"href":"https:\/\/gundem44.com.tr\/index.php?rest_route=\/wp\/v2\/posts\/977\/revisions\/979"}],"wp:featuredmedia":[{"embeddable":true,"href":"https:\/\/gundem44.com.tr\/index.php?rest_route=\/wp\/v2\/media\/978"}],"wp:attachment":[{"href":"https:\/\/gundem44.com.tr\/index.php?rest_route=%2Fwp%2Fv2%2Fmedia&parent=977"}],"wp:term":[{"taxonomy":"category","embeddable":true,"href":"https:\/\/gundem44.com.tr\/index.php?rest_route=%2Fwp%2Fv2%2Fcategories&post=977"},{"taxonomy":"post_tag","embeddable":true,"href":"https:\/\/gundem44.com.tr\/index.php?rest_route=%2Fwp%2Fv2%2Ftags&post=977"}],"curies":[{"name":"wp","href":"https:\/\/api.w.org\/{rel}","templated":true}]}}