{"id":974,"date":"2026-07-02T20:05:55","date_gmt":"2026-07-02T20:05:55","guid":{"rendered":"https:\/\/gundem44.com.tr\/?p=974"},"modified":"2026-07-02T20:05:56","modified_gmt":"2026-07-02T20:05:56","slug":"akcadag-ogretmenevi-icin-sozlesme-imzalandi","status":"publish","type":"post","link":"https:\/\/gundem44.com.tr\/?p=974","title":{"rendered":"Ak\u00e7ada\u011f \u00d6\u011fretmenevi i\u00e7in s\u00f6zle\u015fme imzaland\u0131"},"content":{"rendered":"\n<p class=\"wp-block-paragraph\">Malatya&#8217;n\u0131n Ak\u00e7ada\u011f il\u00e7esinde yap\u0131lmas\u0131 planlanan \u00f6\u011fretmenevinin ihalesi sonu\u00e7land\u0131 ve y\u00fcklenici firma ile s\u00f6zle\u015fme imzaland\u0131. Tesis, \u00f6\u011fretmenlerin konaklama ve sosyal etkinlik ihtiya\u00e7lar\u0131n\u0131 kar\u015f\u0131layacak.<\/p>\n\n\n\n<p class=\"wp-block-paragraph\"><a href=\"https:\/\/www.sondakika.com\/malatya\/\">Malatya<\/a>&#8216;n\u0131n&nbsp;<a href=\"https:\/\/www.sondakika.com\/akcadag\/\">Ak\u00e7ada\u011f<\/a>&nbsp;il\u00e7esinde yap\u0131m\u0131 planlanan Ak\u00e7ada\u011f \u00d6\u011fretmenevi&#8217;nin ihalesi tamamlan\u0131rken, y\u00fcklenici firma ile s\u00f6zle\u015fme imzaland\u0131.<\/p>\n\n\n\n<p class=\"wp-block-paragraph\">Ak\u00e7ada\u011f Belediye Ba\u015fkan\u0131 Hasan Uluta\u015f, yapt\u0131\u011f\u0131 a\u00e7\u0131klamada, \u00f6\u011fretmenevinin il\u00e7eye \u00f6nemli katk\u0131lar sunaca\u011f\u0131n\u0131 belirtti. \u00d6\u011fretmenlerin konaklama ihtiyac\u0131n\u0131n yan\u0131 s\u0131ra sosyal etkinliklere de ev sahipli\u011fi yapacak tesisin Ak\u00e7ada\u011f i\u00e7in \u00f6nemli bir yat\u0131r\u0131m oldu\u011funu ifade eden Uluta\u015f, projenin hayata ge\u00e7irilmesinde eme\u011fi ge\u00e7enlere te\u015fekk\u00fcr etti.<\/p>\n\n\n\n<p class=\"wp-block-paragraph\">Ba\u015fkan Uluta\u015f, &#8220;\u00d6\u011fretmenlerimizin ve il\u00e7emizin konaklama ile sosyal etkinlik ihtiya\u00e7lar\u0131na hizmet edecek bu \u00f6nemli yat\u0131r\u0131m\u0131n il\u00e7emize kazand\u0131r\u0131lmas\u0131ndan dolay\u0131 Milli&nbsp;<a href=\"https:\/\/www.sondakika.com\/egitim\/\">E\u011fitim<\/a>&nbsp;Bakan\u0131m\u0131z Yusuf Tekin&#8217;e, Malatya B\u00fcy\u00fck\u015fehir Belediye Ba\u015fkan\u0131m\u0131z Sami Er&#8217;e te\u015fekk\u00fcr ediyorum&#8221; dedi.<\/p>\n\n\n\n<p class=\"wp-block-paragraph\">\u0130halesi tamamlanarak s\u00f6zle\u015fmesi imzalanan Ak\u00e7ada\u011f \u00d6\u011fretmenevi&#8217;nin, in\u015faat \u00e7al\u0131\u015fmalar\u0131n\u0131n s\u00f6zle\u015fme takvimi do\u011frultusunda ba\u015flamas\u0131 bekleniyor.<\/p>\n","protected":false},"excerpt":{"rendered":"<p>Malatya&#8217;n\u0131n Ak\u00e7ada\u011f il\u00e7esinde yap\u0131lmas\u0131 planlanan \u00f6\u011fretmenevinin ihalesi sonu\u00e7land\u0131 ve y\u00fcklenici firma ile s\u00f6zle\u015fme imzaland\u0131. Tesis,&#8230;<\/p>\n","protected":false},"author":1,"featured_media":975,"comment_status":"open","ping_status":"open","sticky":false,"template":"","format":"standard","meta":{"footnotes":""},"categories":[23],"tags":[],"class_list":["post-974","post","type-post","status-publish","format-standard","has-post-thumbnail","hentry","category-akcadag"],"_links":{"self":[{"href":"https:\/\/gundem44.com.tr\/index.php?rest_route=\/wp\/v2\/posts\/974","targetHints":{"allow":["GET"]}}],"collection":[{"href":"https:\/\/gundem44.com.tr\/index.php?rest_route=\/wp\/v2\/posts"}],"about":[{"href":"https:\/\/gundem44.com.tr\/index.php?rest_route=\/wp\/v2\/types\/post"}],"author":[{"embeddable":true,"href":"https:\/\/gundem44.com.tr\/index.php?rest_route=\/wp\/v2\/users\/1"}],"replies":[{"embeddable":true,"href":"https:\/\/gundem44.com.tr\/index.php?rest_route=%2Fwp%2Fv2%2Fcomments&post=974"}],"version-history":[{"count":1,"href":"https:\/\/gundem44.com.tr\/index.php?rest_route=\/wp\/v2\/posts\/974\/revisions"}],"predecessor-version":[{"id":976,"href":"https:\/\/gundem44.com.tr\/index.php?rest_route=\/wp\/v2\/posts\/974\/revisions\/976"}],"wp:featuredmedia":[{"embeddable":true,"href":"https:\/\/gundem44.com.tr\/index.php?rest_route=\/wp\/v2\/media\/975"}],"wp:attachment":[{"href":"https:\/\/gundem44.com.tr\/index.php?rest_route=%2Fwp%2Fv2%2Fmedia&parent=974"}],"wp:term":[{"taxonomy":"category","embeddable":true,"href":"https:\/\/gundem44.com.tr\/index.php?rest_route=%2Fwp%2Fv2%2Fcategories&post=974"},{"taxonomy":"post_tag","embeddable":true,"href":"https:\/\/gundem44.com.tr\/index.php?rest_route=%2Fwp%2Fv2%2Ftags&post=974"}],"curies":[{"name":"wp","href":"https:\/\/api.w.org\/{rel}","templated":true}]}}