{"id":968,"date":"2026-07-02T20:03:23","date_gmt":"2026-07-02T20:03:23","guid":{"rendered":"https:\/\/gundem44.com.tr\/?p=968"},"modified":"2026-07-02T20:03:24","modified_gmt":"2026-07-02T20:03:24","slug":"yesilyurtta-yaz-spor-okullari-ve-spor-akademisi-coskuyla-acildi","status":"publish","type":"post","link":"https:\/\/gundem44.com.tr\/?p=968","title":{"rendered":"Ye\u015filyurt&#8217;ta yaz spor okullar\u0131 ve spor akademisi co\u015fkuyla a\u00e7\u0131ld\u0131"},"content":{"rendered":"\n<p class=\"wp-block-paragraph\">Gen\u00e7lik ve Spor Bakanl\u0131\u011f\u0131&#8217;n\u0131n 81 ilde ba\u015flatt\u0131\u011f\u0131 Yaz Spor Okullar\u0131 ile Ye\u015filyurt Belediyesi ve Gen\u00e7lik ve Spor \u0130l M\u00fcd\u00fcrl\u00fc\u011f\u00fc i\u015f birli\u011finde d\u00fczenlenen Spor Akademisi, Malatya&#8217;da d\u00fczenlenen t\u00f6renle a\u00e7\u0131ld\u0131. 7-18 ya\u015f aras\u0131 \u00e7ocuk ve gen\u00e7lere \u00fccretsiz 18 bran\u015fta e\u011fitim verilecek.<\/p>\n\n\n\n<p class=\"wp-block-paragraph\"><a href=\"https:\/\/www.sondakika.com\/genclik\/\">Gen\u00e7lik<\/a>&nbsp;ve&nbsp;<a href=\"https:\/\/www.sondakika.com\/Spor\/\">Spor<\/a>&nbsp;Bakanl\u0131\u011f\u0131&#8217;n\u0131n 81 ilde e\u015f zamanl\u0131 olarak ba\u015flatt\u0131\u011f\u0131 Yaz Spor Okullar\u0131 ile&nbsp;<a href=\"https:\/\/www.sondakika.com\/yesilyurt\/\">Ye\u015filyurt<\/a>&nbsp;Belediyesi ve Gen\u00e7lik ve Spor \u0130l M\u00fcd\u00fcrl\u00fc\u011f\u00fc i\u015f birli\u011finde d\u00fczenlenen &#8220;Arkada\u015fl\u0131k, E\u011flence ve Spor Bir Arada&#8221; Ye\u015filyurt Belediyesi Spor Akademisi, d\u00fczenlenen g\u00f6rkemli t\u00f6renle kap\u0131lar\u0131n\u0131 a\u00e7t\u0131.<\/p>\n\n\n\n<p class=\"wp-block-paragraph\">\u00c7ocuklar\u0131n ve gen\u00e7lerin yaz tatilini sporla, e\u011fitimle ve sosyal faaliyetlerle de\u011ferlendirmelerini ama\u00e7layan Yaz Spor Okullar\u0131 ile Spor Akademisinin a\u00e7\u0131l\u0131\u015f t\u00f6reni, Ye\u015filtepe 1 Nolu Stadyumu&#8217;nda yo\u011fun kat\u0131l\u0131m ve b\u00fcy\u00fck bir co\u015fku i\u00e7erisinde ger\u00e7ekle\u015ftirildi. Programa; Gen\u00e7lik ve Spor \u0130l M\u00fcd\u00fcr\u00fc Ebubekir Kayhan, antren\u00f6rler, sporcular, aileler ve \u00e7ok say\u0131da vatanda\u015f kat\u0131ld\u0131.<\/p>\n\n\n\n<p class=\"wp-block-paragraph\">Ye\u015filyurt Belediyesi&#8217;nden malzeme deste\u011fi<\/p>\n\n\n\n<p class=\"wp-block-paragraph\">Gen\u00e7lik ve Spor Bakanl\u0131\u011f\u0131n\u0131n \u00f6nc\u00fcl\u00fc\u011f\u00fcnde ba\u015flat\u0131lan Yaz Spor Okullar\u0131 kapsam\u0131nda a\u00e7\u0131lan 25 farkl\u0131 bran\u015fta e\u011fitim alacak gen\u00e7 sporculara Ye\u015filyurt Belediyesi taraf\u0131ndan spor malzemeleri deste\u011fi sa\u011fland\u0131. Ayr\u0131ca Ye\u015filyurt Belediyesi ile Gen\u00e7lik ve Spor \u0130l M\u00fcd\u00fcrl\u00fc\u011f\u00fcn\u00fcn ortakla\u015fa y\u00fcr\u00fctt\u00fc\u011f\u00fc Spor Akademisi b\u00fcnyesinde 7-18 ya\u015f aras\u0131ndaki \u00e7ocuk ve gen\u00e7ler, tamamen \u00fccretsiz olarak 18 farkl\u0131 spor bran\u015f\u0131nda e\u011fitim alma imkan\u0131na kavu\u015facak.<\/p>\n\n\n\n<p class=\"wp-block-paragraph\">Futbol, basketbol, voleybol, boks, karate, halk oyunlar\u0131, g\u00fcre\u015f, hentbol, badminton, ok\u00e7uluk, bocce, judo, masa tenisi, y\u00fczme, tenis ba\u015fta olmak \u00fczere bir\u00e7ok bran\u015fta ger\u00e7ekle\u015ftirilecek e\u011fitimler, alan\u0131nda uzman antren\u00f6rler taraf\u0131ndan verilecek. E\u011fitimler, 1 Temmuz itibar\u0131yla ba\u015flayarak yaz boyunca devam edecek.<\/p>\n\n\n\n<p class=\"wp-block-paragraph\">A\u00e7\u0131l\u0131\u015f program\u0131nda ger\u00e7ekle\u015ftirilen spor g\u00f6sterileri ve bran\u015f tan\u0131t\u0131mlar\u0131 b\u00fcy\u00fck be\u011feni toplarken, \u00e7ocuklar\u0131n ve gen\u00e7lerin heyecan\u0131 t\u00f6rene renk katt\u0131. Sporcular\u0131n sergiledi\u011fi performanslar ailelerden ve davetlilerden alk\u0131\u015f ald\u0131.<\/p>\n\n\n\n<p class=\"wp-block-paragraph\">&#8220;Spor yapan bir nesil g\u00fc\u00e7l\u00fc bir gelece\u011fin teminat\u0131d\u0131r&#8221;<\/p>\n\n\n\n<p class=\"wp-block-paragraph\">Gen\u00e7lik ve Spor \u0130l M\u00fcd\u00fcr\u00fc Ebubekir Kayhan, sporun sadece fiziksel geli\u015fime de\u011fil, ayn\u0131 zamanda \u00e7ocuklar\u0131n ki\u015fisel ve sosyal geli\u015fimine de \u00f6nemli katk\u0131lar sundu\u011funu belirtti. Sporun disiplin, \u00f6zg\u00fcven, arkada\u015fl\u0131k ve tak\u0131m ruhunu geli\u015ftiren \u00f6nemli bir ya\u015fam k\u00fclt\u00fcr\u00fc oldu\u011funu ifade eden Kayhan, \u00e7ocuklar\u0131n ve gen\u00e7lerin k\u00f6t\u00fc al\u0131\u015fkanl\u0131klardan uzak, sa\u011fl\u0131kl\u0131 bireyler olarak yeti\u015fmesini hedeflediklerini s\u00f6yledi.<\/p>\n\n\n\n<p class=\"wp-block-paragraph\">Yaz Spor Okullar\u0131n\u0131n gen\u00e7lerin yaz tatillerini verimli de\u011ferlendirmeleri a\u00e7\u0131s\u0131ndan b\u00fcy\u00fck f\u0131rsat sundu\u011funu dile getiren Kayhan, &#8220;Gen\u00e7lerimizin yaln\u0131zca sportif ba\u015far\u0131 elde etmelerini de\u011fil; payla\u015fmay\u0131, dayan\u0131\u015fmay\u0131, centilmenli\u011fi ve birlikte hareket etme k\u00fclt\u00fcr\u00fcn\u00fc de kazanmalar\u0131n\u0131 istiyoruz. Spor yapan bir nesil, g\u00fc\u00e7l\u00fc bir gelece\u011fin en \u00f6nemli teminat\u0131d\u0131r&#8221; ifadelerini kulland\u0131.<\/p>\n\n\n\n<p class=\"wp-block-paragraph\">Organizasyona verdikleri desteklerden dolay\u0131 Ye\u015filyurt Belediyesine te\u015fekk\u00fcr eden Kayhan, yaz boyunca e\u011fitim alacak t\u00fcm sporculara ba\u015far\u0131lar diledi. Konu\u015fmalar\u0131n ard\u0131ndan Yaz Spor Okullar\u0131nda g\u00f6rev yapacak antren\u00f6rlere spor malzemeleri teslim edilirken, program toplu hat\u0131ra foto\u011fraf\u0131 \u00e7ekimiyle sona erdi.<\/p>\n\n\n\n<p class=\"wp-block-paragraph\">Yaz Spor Okullar\u0131 ve Spor Akademisi sayesinde y\u00fczlerce \u00e7ocuk ve gen\u00e7, yaz boyunca hem spor yapma al\u0131\u015fkanl\u0131\u011f\u0131 kazanacak hem de uzman e\u011fitmenler e\u015fli\u011finde farkl\u0131 bran\u015flarda kendilerini geli\u015ftirme f\u0131rsat\u0131 elde edecek. Ye\u015filyurt Belediyesi ile Gen\u00e7lik ve Spor \u0130l M\u00fcd\u00fcrl\u00fc\u011f\u00fcn\u00fcn ortakla\u015fa y\u00fcr\u00fctt\u00fc\u011f\u00fc bu organizasyonun, gelece\u011fin ba\u015far\u0131l\u0131 sporcular\u0131n\u0131n yeti\u015fmesine \u00f6nemli katk\u0131lar sunmas\u0131 hedefleniyor.&nbsp;<\/p>\n","protected":false},"excerpt":{"rendered":"<p>Gen\u00e7lik ve Spor Bakanl\u0131\u011f\u0131&#8217;n\u0131n 81 ilde ba\u015flatt\u0131\u011f\u0131 Yaz Spor Okullar\u0131 ile Ye\u015filyurt Belediyesi ve Gen\u00e7lik&#8230;<\/p>\n","protected":false},"author":1,"featured_media":969,"comment_status":"open","ping_status":"open","sticky":false,"template":"","format":"standard","meta":{"footnotes":""},"categories":[15],"tags":[],"class_list":["post-968","post","type-post","status-publish","format-standard","has-post-thumbnail","hentry","category-spor"],"_links":{"self":[{"href":"https:\/\/gundem44.com.tr\/index.php?rest_route=\/wp\/v2\/posts\/968","targetHints":{"allow":["GET"]}}],"collection":[{"href":"https:\/\/gundem44.com.tr\/index.php?rest_route=\/wp\/v2\/posts"}],"about":[{"href":"https:\/\/gundem44.com.tr\/index.php?rest_route=\/wp\/v2\/types\/post"}],"author":[{"embeddable":true,"href":"https:\/\/gundem44.com.tr\/index.php?rest_route=\/wp\/v2\/users\/1"}],"replies":[{"embeddable":true,"href":"https:\/\/gundem44.com.tr\/index.php?rest_route=%2Fwp%2Fv2%2Fcomments&post=968"}],"version-history":[{"count":1,"href":"https:\/\/gundem44.com.tr\/index.php?rest_route=\/wp\/v2\/posts\/968\/revisions"}],"predecessor-version":[{"id":970,"href":"https:\/\/gundem44.com.tr\/index.php?rest_route=\/wp\/v2\/posts\/968\/revisions\/970"}],"wp:featuredmedia":[{"embeddable":true,"href":"https:\/\/gundem44.com.tr\/index.php?rest_route=\/wp\/v2\/media\/969"}],"wp:attachment":[{"href":"https:\/\/gundem44.com.tr\/index.php?rest_route=%2Fwp%2Fv2%2Fmedia&parent=968"}],"wp:term":[{"taxonomy":"category","embeddable":true,"href":"https:\/\/gundem44.com.tr\/index.php?rest_route=%2Fwp%2Fv2%2Fcategories&post=968"},{"taxonomy":"post_tag","embeddable":true,"href":"https:\/\/gundem44.com.tr\/index.php?rest_route=%2Fwp%2Fv2%2Ftags&post=968"}],"curies":[{"name":"wp","href":"https:\/\/api.w.org\/{rel}","templated":true}]}}