{"id":965,"date":"2026-07-02T20:01:43","date_gmt":"2026-07-02T20:01:43","guid":{"rendered":"https:\/\/gundem44.com.tr\/?p=965"},"modified":"2026-07-02T20:01:43","modified_gmt":"2026-07-02T20:01:43","slug":"malatyada-kayisi-hasadi-basladi","status":"publish","type":"post","link":"https:\/\/gundem44.com.tr\/?p=965","title":{"rendered":"Malatya&#8217;da Kay\u0131s\u0131 Hasad\u0131 Ba\u015flad\u0131"},"content":{"rendered":"\n<p class=\"wp-block-paragraph\">Malatya&#8217;da Avrupa Birli\u011fi tescilli kay\u0131s\u0131 hasad\u0131 ba\u015flad\u0131, \u00fcreticiler yeniden umut dolu.<\/p>\n\n\n\n<p class=\"wp-block-paragraph\">D\u00dcNYA kay\u0131s\u0131 ba\u015fkenti olarak bilinen&nbsp;<a href=\"https:\/\/www.sondakika.com\/malatya\/\">Malatya<\/a>&#8216;da&nbsp;<a href=\"https:\/\/www.sondakika.com\/avrupa-birligi\/\">Avrupa Birli\u011fi<\/a>&nbsp;Co\u011frafi \u0130\u015faret Tescilli kay\u0131s\u0131 hasad\u0131 ba\u015flad\u0131.<\/p>\n\n\n\n<p class=\"wp-block-paragraph\">D\u00fcnya kay\u0131s\u0131s\u0131n\u0131n ba\u015fkenti Malatya&#8217;da 2026 y\u0131l\u0131 ya\u015f kay\u0131s\u0131 hasad\u0131, Kale il\u00e7esi Meydanc\u0131k Mahallesi&#8217;nde ba\u015flad\u0131. Ge\u00e7en y\u0131l ya\u015fanan zirai donun ard\u0131ndan yeniden bah\u00e7elere giren \u00fcreticiler, sezonun ilk \u00fcr\u00fcnlerini toplamaya ba\u015flad\u0131. Sabah\u0131n erken saatlerinde ba\u015flayan hasatta toplanan kay\u0131s\u0131lar, i\u015flenmek ve ihra\u00e7 edilmek \u00fczere tesislere g\u00f6nderiliyor.<\/p>\n\n\n\n<p class=\"wp-block-paragraph\">\u00dcreticileri ziyaret eden Malatya Ticaret Borsas\u0131 Ba\u015fkan\u0131 Ramazan \u00d6zcan, 2025 y\u0131l\u0131nda ya\u015fanan zirai don felaketinin ard\u0131ndan \u00fcreticilerin fedakarl\u0131k g\u00f6sterdi\u011fini belirterek, \u015funlar\u0131 s\u00f6yledi:<\/p>\n\n\n\n<p class=\"wp-block-paragraph\">&#8220;Malatya, kay\u0131s\u0131yla \u00f6zde\u015fle\u015fmi\u015f bir \u015fehirdir. Ge\u00e7ti\u011fimiz y\u0131l nisan ay\u0131nda \u00e7ok ciddi bir zirai don ya\u015fad\u0131k. O d\u00f6nem Malatya i\u00e7in olduk\u00e7a zor ge\u00e7ti. \u00c7\u00fcnk\u00fc kay\u0131s\u0131, bu \u015fehrin sadece ekonomik de\u011fil, ayn\u0131 zamanda sosyal hayat\u0131n\u0131n da en \u00f6nemli de\u011ferlerinden biri. \u00dcreticilerimiz 1 y\u0131l boyunca bah\u00e7elerinde yo\u011fun emek harcad\u0131. Donun a\u011fa\u00e7lar \u00fczerindeki etkilerini ortadan kald\u0131rmak ve yeniden verim alabilmek i\u00e7in ciddi \u00e7al\u0131\u015fmalar y\u00fcr\u00fctt\u00fc. Bug\u00fcn ise yeniden hasat heyecan\u0131 ya\u015f\u0131yoruz. Bunun mutlulu\u011funu tarif etmek kolay de\u011fil. Yakla\u015f\u0131k 700 metre rak\u0131mdan ba\u015flay\u0131p 1800 metre rak\u0131ma kadar uzanan geni\u015f bir alanda hasat ger\u00e7ekle\u015ftiriyoruz. Bu s\u00fcre\u00e7 yakla\u015f\u0131k 45 g\u00fcn devam edecek. Toplanan \u00fcr\u00fcnler fabrikalara ta\u015f\u0131n\u0131yor, burada i\u015fleniyor ve ihracata haz\u0131rlan\u0131yor. Malatya kay\u0131s\u0131s\u0131, s\u0131radan bir meyve de\u011fil. Avrupa Birli\u011fi taraf\u0131ndan co\u011frafi i\u015faretle tescillenmi\u015f, kalitesi ve \u00f6zellikleri belgelenmi\u015f bir \u00fcr\u00fcn. D\u00fcnyada e\u015fsiz bir de\u011fere sahip. Yakla\u015f\u0131k 1 milyon dekar alanda \u00fcretim potansiyelimiz var. Bu y\u0131l ilkbahar donu ya\u015famad\u0131k ancak baz\u0131 b\u00f6lgelerde dolu ve sa\u011fanaklar nedeniyle zarar olu\u015ftu. Buna ra\u011fmen \u00fcreticimiz yeniden \u00fcretmeye devam ediyor. Malatya kay\u0131s\u0131s\u0131 lezzeti, aromas\u0131, besin de\u011feri ve kalitesiyle d\u00fcnyan\u0131n en \u00f6zel meyvelerinden biridir. Damak tad\u0131na \u00f6nem veren herkesin bu \u00fcr\u00fcn\u00fc tercih edece\u011fine inan\u0131yoruz.&#8221;<\/p>\n\n\n\n<p class=\"wp-block-paragraph\">&#8216;B\u00dcY\u00dcK B\u00d6L\u00dcM\u00dc AVRUPA&#8217;YA G\u00d6NDER\u0130L\u0130YOR&#8217;<\/p>\n\n\n\n<p class=\"wp-block-paragraph\">Ya\u015f kay\u0131s\u0131 ihracat\u00e7\u0131s\u0131 Ali Deniz Vural, hasat edilen kay\u0131s\u0131lar\u0131n b\u00fcy\u00fck b\u00f6l\u00fcm\u00fcn\u00fcn Avrupa \u00fclkelerine g\u00f6nderildi\u011fini belirterek, &#8220;Kay\u0131s\u0131lar bah\u00e7elerden topland\u0131ktan sonra tesislerimize getiriliyor. Burada boylama ve kalite kontrol i\u015flemlerinden ge\u00e7iriliyor. Standartlara uygun olmayan \u00fcr\u00fcnler ayr\u0131l\u0131yor. Daha sonra \u00f6zel ambalajlara yerle\u015ftiriliyor. 350 graml\u0131k ve 500 graml\u0131k paketler halinde haz\u0131rlanarak kutulan\u0131yor. En \u00f6nemli konu, so\u011fuk zincirin korunmas\u0131d\u0131r. \u00dcr\u00fcnlerimiz so\u011futmal\u0131 ara\u00e7larla Avrupa&#8217;ya ula\u015ft\u0131r\u0131l\u0131yor. B\u00f6ylece t\u00fcketiciye ilk g\u00fcnk\u00fc tazeli\u011fiyle ula\u015fmas\u0131 sa\u011flan\u0131yor. Hasat s\u00fcreci yakla\u015f\u0131k 2 ay s\u00fcr\u00fcyor. Bu y\u0131l hem i\u00e7 piyasada hem de ihracat pazarlar\u0131nda hareketli bir sezon bekliyoruz&#8221; dedi.<\/p>\n\n\n\n<p class=\"wp-block-paragraph\">Ge\u00e7en y\u0131l ya\u015fanan sorunlar\u0131n ifade edilemeyecek kadar zor oldu\u011funu s\u00f6yleyen \u00fcretici \u0130brahim \u00d6zhan ise meyvelerin g\u00f6r\u00fclmesiyle mutlu olduklar\u0131n\u0131 belirterek, hay\u0131rl\u0131 ve bereketli bir hasat dile\u011finde bulundu.<\/p>\n","protected":false},"excerpt":{"rendered":"<p>Malatya&#8217;da Avrupa Birli\u011fi tescilli kay\u0131s\u0131 hasad\u0131 ba\u015flad\u0131, \u00fcreticiler yeniden umut dolu. D\u00dcNYA kay\u0131s\u0131 ba\u015fkenti olarak&#8230;<\/p>\n","protected":false},"author":1,"featured_media":966,"comment_status":"open","ping_status":"open","sticky":false,"template":"","format":"standard","meta":{"footnotes":""},"categories":[18],"tags":[],"class_list":["post-965","post","type-post","status-publish","format-standard","has-post-thumbnail","hentry","category-guncel"],"_links":{"self":[{"href":"https:\/\/gundem44.com.tr\/index.php?rest_route=\/wp\/v2\/posts\/965","targetHints":{"allow":["GET"]}}],"collection":[{"href":"https:\/\/gundem44.com.tr\/index.php?rest_route=\/wp\/v2\/posts"}],"about":[{"href":"https:\/\/gundem44.com.tr\/index.php?rest_route=\/wp\/v2\/types\/post"}],"author":[{"embeddable":true,"href":"https:\/\/gundem44.com.tr\/index.php?rest_route=\/wp\/v2\/users\/1"}],"replies":[{"embeddable":true,"href":"https:\/\/gundem44.com.tr\/index.php?rest_route=%2Fwp%2Fv2%2Fcomments&post=965"}],"version-history":[{"count":1,"href":"https:\/\/gundem44.com.tr\/index.php?rest_route=\/wp\/v2\/posts\/965\/revisions"}],"predecessor-version":[{"id":967,"href":"https:\/\/gundem44.com.tr\/index.php?rest_route=\/wp\/v2\/posts\/965\/revisions\/967"}],"wp:featuredmedia":[{"embeddable":true,"href":"https:\/\/gundem44.com.tr\/index.php?rest_route=\/wp\/v2\/media\/966"}],"wp:attachment":[{"href":"https:\/\/gundem44.com.tr\/index.php?rest_route=%2Fwp%2Fv2%2Fmedia&parent=965"}],"wp:term":[{"taxonomy":"category","embeddable":true,"href":"https:\/\/gundem44.com.tr\/index.php?rest_route=%2Fwp%2Fv2%2Fcategories&post=965"},{"taxonomy":"post_tag","embeddable":true,"href":"https:\/\/gundem44.com.tr\/index.php?rest_route=%2Fwp%2Fv2%2Ftags&post=965"}],"curies":[{"name":"wp","href":"https:\/\/api.w.org\/{rel}","templated":true}]}}