{"id":962,"date":"2026-07-02T19:59:50","date_gmt":"2026-07-02T19:59:50","guid":{"rendered":"https:\/\/gundem44.com.tr\/?p=962"},"modified":"2026-07-02T19:59:50","modified_gmt":"2026-07-02T19:59:50","slug":"durust-sofor-unutulan-cantayi-sahibine-ulastirdi","status":"publish","type":"post","link":"https:\/\/gundem44.com.tr\/?p=962","title":{"rendered":"D\u00fcr\u00fcst \u015eof\u00f6r Unutulan \u00c7antay\u0131 Sahibine Ula\u015ft\u0131rd\u0131"},"content":{"rendered":"\n<p class=\"wp-block-paragraph\">Malatya&#8217;da otob\u00fcs \u015fof\u00f6r\u00fc, unutulan \u00e7antay\u0131 sahibine eksiksiz teslim etti. MOTA\u015e&#8217;a te\u015fekk\u00fcrler.<\/p>\n\n\n\n<p class=\"wp-block-paragraph\"><a href=\"https:\/\/www.sondakika.com\/malatya\/\">Malatya<\/a>&nbsp;B\u00fcy\u00fck\u015fehir Belediyesi Ula\u015f\u0131m Hizmetleri A\u015e&#8217;de (MOTA\u015e) g\u00f6revli otob\u00fcs \u015fof\u00f6r\u00fc Mehmet Ayg\u00fcn, toplu ta\u015f\u0131ma arac\u0131nda unutulan ve i\u00e7erisinde ziynet e\u015fyalar\u0131 bulunan \u00e7antay\u0131 sahibine ula\u015ft\u0131rd\u0131.<\/p>\n\n\n\n<p class=\"wp-block-paragraph\">Belediyeden yap\u0131lan a\u00e7\u0131klamaya g\u00f6re, seferini tamamlad\u0131ktan sonra ara\u00e7ta unutulan siyah \u00e7antay\u0131 fark eden Ayg\u00fcn, durumu Hareket Amirli\u011fi&#8217;ne bildirdi.<\/p>\n\n\n\n<p class=\"wp-block-paragraph\">Yap\u0131lan inceleme ve \u00e7al\u0131\u015fmalar sonucunda \u00e7antan\u0131n sahibi k\u0131sa s\u00fcrede tespit edildi.<\/p>\n\n\n\n<p class=\"wp-block-paragraph\">\u0130\u00e7erisindeki ziynet e\u015fyalar\u0131yla birlikte eksiksiz olarak teslim edilen \u00e7anta, sahibine ula\u015ft\u0131r\u0131ld\u0131.<\/p>\n\n\n\n<p class=\"wp-block-paragraph\">Mehmet Ayg\u00fcn, saat 14.06&#8217;da seferine ba\u015flad\u0131\u011f\u0131n\u0131, g\u00fczergah turunu tamamlad\u0131ktan sonra otob\u00fcste siyah bir \u00e7anta oldu\u011funu fark etti\u011fini belirterek, &#8220;Hemen foto\u011fraf\u0131n\u0131 \u00e7ekerek Hareket Amirli\u011fimize bilgi verdim. K\u0131sa s\u00fcre sonra amirlik taraf\u0131ndan \u00e7antan\u0131n i\u00e7erisinde ziynet e\u015fyalar\u0131 bulundu\u011fu bilgisi payla\u015f\u0131ld\u0131. Ben \u00e7antay\u0131 hi\u00e7 a\u00e7mad\u0131m, i\u00e7inde ne oldu\u011funu bilmiyordum. Daha sonra \u00e7antay\u0131 alarak Hareket Amirli\u011fi&#8217;ne teslim ettim ve sahibine ula\u015ft\u0131r\u0131lmas\u0131n\u0131 sa\u011flad\u0131k.&#8221; ifadesini kulland\u0131.<\/p>\n\n\n\n<p class=\"wp-block-paragraph\">\u00c7antas\u0131n\u0131 otob\u00fcste unutan Sultan Karvar ise ya\u015fad\u0131\u011f\u0131 mutlulu\u011fu ifade ederek, &#8220;Otob\u00fcsten indikten sonra \u00e7antam\u0131 unuttu\u011fumu fark ettim. Karakola ba\u015fvurdum. K\u0131sa s\u00fcre sonra MOTA\u015e yetkilileri beni arayarak \u00e7antam\u0131n bulundu\u011funu s\u00f6yledi. \u00c7antam, i\u00e7indeki t\u00fcm ziynet e\u015fyalar\u0131yla birlikte eksiksiz \u015fekilde bana teslim edildi. G\u00f6sterdikleri hassasiyet ve d\u00fcr\u00fcstl\u00fck i\u00e7in MOTA\u015e personeline g\u00f6n\u00fclden te\u015fekk\u00fcr ediyorum.&#8221; de\u011ferlendirmesinde bulundu.<\/p>\n","protected":false},"excerpt":{"rendered":"<p>Malatya&#8217;da otob\u00fcs \u015fof\u00f6r\u00fc, unutulan \u00e7antay\u0131 sahibine eksiksiz teslim etti. MOTA\u015e&#8217;a te\u015fekk\u00fcrler. Malatya&nbsp;B\u00fcy\u00fck\u015fehir Belediyesi Ula\u015f\u0131m Hizmetleri&#8230;<\/p>\n","protected":false},"author":1,"featured_media":963,"comment_status":"open","ping_status":"open","sticky":false,"template":"","format":"standard","meta":{"footnotes":""},"categories":[18],"tags":[],"class_list":["post-962","post","type-post","status-publish","format-standard","has-post-thumbnail","hentry","category-guncel"],"_links":{"self":[{"href":"https:\/\/gundem44.com.tr\/index.php?rest_route=\/wp\/v2\/posts\/962","targetHints":{"allow":["GET"]}}],"collection":[{"href":"https:\/\/gundem44.com.tr\/index.php?rest_route=\/wp\/v2\/posts"}],"about":[{"href":"https:\/\/gundem44.com.tr\/index.php?rest_route=\/wp\/v2\/types\/post"}],"author":[{"embeddable":true,"href":"https:\/\/gundem44.com.tr\/index.php?rest_route=\/wp\/v2\/users\/1"}],"replies":[{"embeddable":true,"href":"https:\/\/gundem44.com.tr\/index.php?rest_route=%2Fwp%2Fv2%2Fcomments&post=962"}],"version-history":[{"count":1,"href":"https:\/\/gundem44.com.tr\/index.php?rest_route=\/wp\/v2\/posts\/962\/revisions"}],"predecessor-version":[{"id":964,"href":"https:\/\/gundem44.com.tr\/index.php?rest_route=\/wp\/v2\/posts\/962\/revisions\/964"}],"wp:featuredmedia":[{"embeddable":true,"href":"https:\/\/gundem44.com.tr\/index.php?rest_route=\/wp\/v2\/media\/963"}],"wp:attachment":[{"href":"https:\/\/gundem44.com.tr\/index.php?rest_route=%2Fwp%2Fv2%2Fmedia&parent=962"}],"wp:term":[{"taxonomy":"category","embeddable":true,"href":"https:\/\/gundem44.com.tr\/index.php?rest_route=%2Fwp%2Fv2%2Fcategories&post=962"},{"taxonomy":"post_tag","embeddable":true,"href":"https:\/\/gundem44.com.tr\/index.php?rest_route=%2Fwp%2Fv2%2Ftags&post=962"}],"curies":[{"name":"wp","href":"https:\/\/api.w.org\/{rel}","templated":true}]}}