{"id":948,"date":"2026-06-26T09:19:55","date_gmt":"2026-06-26T09:19:55","guid":{"rendered":"https:\/\/gundem44.com.tr\/?p=948"},"modified":"2026-06-26T09:19:56","modified_gmt":"2026-06-26T09:19:56","slug":"baskan-sami-er-carmuzulularin-sorularini-yanitladi","status":"publish","type":"post","link":"https:\/\/gundem44.com.tr\/?p=948","title":{"rendered":"Ba\u015fkan Sami Er \u00c7armuzulular\u0131n sorular\u0131n\u0131 yan\u0131tlad\u0131"},"content":{"rendered":"\n<p class=\"wp-block-paragraph\">Malatya B\u00fcy\u00fck\u015fehir Belediye Ba\u015fkan\u0131 Sami Er, \u00c7armuzu Mahallesi&#8217;nde d\u00fczenlenen &#8220;Vatanda\u015f Soruyor, Ba\u015fkan Cevapl\u0131yor&#8221; program\u0131nda vatanda\u015flarla bir araya geldi. Spor yat\u0131r\u0131mlar\u0131ndan ula\u015f\u0131ma, kentsel d\u00f6n\u00fc\u015f\u00fcmden sanayi alanlar\u0131na kadar bir\u00e7ok konuda a\u00e7\u0131klamalarda bulundu.<\/p>\n\n\n\n<p class=\"wp-block-paragraph\"><a href=\"https:\/\/www.sondakika.com\/malatya\/\">Malatya<\/a>&nbsp;B\u00fcy\u00fck\u015fehir Belediye Ba\u015fkan\u0131&nbsp;<a href=\"https:\/\/www.sondakika.com\/sami-er\/\">Sami Er<\/a>, \u00c7armuzu Mahallesi&#8217;nde d\u00fczenlenen &#8220;Vatanda\u015f Soruyor, Ba\u015fkan Cevapl\u0131yor&#8221; program\u0131nda vatanda\u015flarla bir araya geldi.&nbsp;<a href=\"https:\/\/www.sondakika.com\/Spor\/\">Spor<\/a>&nbsp;yat\u0131r\u0131mlar\u0131ndan kentsel d\u00f6n\u00fc\u015f\u00fcme, ula\u015f\u0131mdan sanayi alanlar\u0131na kadar bir\u00e7ok konuda a\u00e7\u0131klamalarda bulunan Ba\u015fkan Er, Malatya&#8217;n\u0131n gelece\u011fine y\u00f6nelik \u00f6nemli projeleri hayata ge\u00e7irdiklerini s\u00f6yledi.&nbsp;B\u00fcy\u00fck\u015fehir Belediye Ba\u015fkan\u0131 Sami Er, Malatya&#8217;n\u0131n yeniden in\u015fa s\u00fcrecinde \u00f6nemli mesafe kat etti\u011fini belirterek, &#8220;Eskisinden daha iyi bir Malatya in\u015fa ediyoruz&#8221; dedi. Vatanda\u015flar\u0131n sorular\u0131n\u0131 tek tek yan\u0131tlayan Er, kent genelinde y\u00fcr\u00fct\u00fclen yat\u0131r\u0131mlar\u0131n \u00f6n\u00fcm\u00fczdeki s\u00fcre\u00e7te daha g\u00f6r\u00fcn\u00fcr hale gelece\u011fini ifade etti.<\/p>\n\n\n\n<figure class=\"wp-block-image\"><img decoding=\"async\" src=\"https:\/\/foto.sondakika.com\/haber\/2026\/06\/26\/baskan-sami-er-carmuzulularin-47548721-2149_1_m.jpg\" alt=\"Ba\u015fkan Sami Er \u00c7armuzulular\u0131n sorular\u0131n\u0131 yan\u0131tlad\u0131\"\/><\/figure>\n\n\n\n<h3 class=\"wp-block-heading\">SPOR YATIRIMLARI VE YEN\u0130 TES\u0130SLER ANLATILDI<\/h3>\n\n\n\n<p class=\"wp-block-paragraph\">Bir vatanda\u015f\u0131n mahallelere yeni semt sahalar\u0131 yap\u0131l\u0131p yap\u0131lmayaca\u011f\u0131 y\u00f6n\u00fcndeki sorusunu yan\u0131tlayan Ba\u015fkan Sami Er, kent genelinde&nbsp;<a href=\"https:\/\/www.sondakika.com\/spor\/\">spor<\/a>&nbsp;yat\u0131r\u0131mlar\u0131n\u0131n h\u0131z kesmeden s\u00fcrd\u00fc\u011f\u00fcn\u00fc belirtti. Malatya&#8217;da toplam 4 milyar liral\u0131k spor yat\u0131r\u0131m\u0131 ger\u00e7ekle\u015ftirildi\u011fine dikkati \u00e7eken Ba\u015fkan Er, i\u00e7erisinde yar\u0131 olimpik y\u00fczme havuzlar\u0131n\u0131n bulundu\u011fu 5 b\u00fcy\u00fck spor kompleksinin yan\u0131 s\u0131ra toplam 63 spor tesisinin y\u00fckseldi\u011fini s\u00f6yledi.&nbsp;Mahalle \u00f6l\u00e7e\u011finde de yat\u0131r\u0131mlar\u0131n devam etti\u011fini kaydeden Ba\u015fkan Er, \u00e7ocuklar\u0131n ve gen\u00e7lerin kolay ula\u015fabilece\u011fi hal\u0131 sahalar ile spor salonlar\u0131 in\u015fa ettiklerini belirtti. Er, \u00c7armuzu ile Kiltepe mahallelerinin birle\u015fti\u011fi noktada yap\u0131lan spor tesisinin yan\u0131nda yeni bir saha yap\u0131m\u0131n\u0131n s\u00fcrd\u00fc\u011f\u00fcn\u00fc a\u00e7\u0131klad\u0131.&nbsp;Malatya&#8217;n\u0131n yeniden aya\u011fa kalkt\u0131\u011f\u0131n\u0131 vurgulayan Ba\u015fkan Er, kentte her alanda \u00f6nemli yat\u0131r\u0131mlar\u0131n devam etti\u011fini belirterek, &#8220;Eskisinden daha iyi bir Malatya in\u015fa ediyoruz. Sadece sportif yat\u0131r\u0131mlar\u0131m\u0131z\u0131n b\u00fcy\u00fckl\u00fc\u011f\u00fc 4 milyar liray\u0131 buluyor. \u015eehrin her taraf\u0131nda \u00e7ocuklar\u0131m\u0131z\u0131n rahat\u00e7a eri\u015febilece\u011fi tesisler kazand\u0131r\u0131yoruz. Malatya&#8217;da g\u00fczel \u015feyler oluyor. 5-6 ay sonra ortaya \u00e7\u0131kan tabloyu herkes g\u00f6recek. Mega projeler hayata ge\u00e7iriyoruz. \u00c7armuzu i\u00e7in de \u00f6nemli \u00e7al\u0131\u015fmalar y\u00fcr\u00fct\u00fcyoruz ve yeni yol projelerimizi devreye alaca\u011f\u0131z&#8221; dedi.<\/p>\n\n\n\n<h3 class=\"wp-block-heading\">ULA\u015eIM VE KENTSEL D\u00d6N\u00dc\u015e\u00dcM \u00c7ALI\u015eMALARI ELE ALINDI<\/h3>\n\n\n\n<p class=\"wp-block-paragraph\">Kent genelinde yeni ula\u015f\u0131m akslar\u0131 a\u00e7t\u0131klar\u0131n\u0131 ifade eden Ba\u015fkan Er, ula\u015f\u0131m yat\u0131r\u0131mlar\u0131n\u0131n y\u0131l sonuna kadar \u00f6nemli \u00f6l\u00e7\u00fcde tamamlanaca\u011f\u0131n\u0131 s\u00f6yledi. Er, &#8220;Malatya&#8217;da yeni yollar ve ula\u015f\u0131m koridorlar\u0131 olu\u015fturuyoruz. \u015eehrimizde ula\u015f\u0131m konusunda ciddi bir rahatlama sa\u011flanacak. Y\u0131l sonuna kadar \u00f6nemli yol akslar\u0131n\u0131 hizmete a\u00e7aca\u011f\u0131z ve ula\u015f\u0131m kaynakl\u0131 sorunlar\u0131n b\u00fcy\u00fck b\u00f6l\u00fcm\u00fcn\u00fc \u00e7\u00f6zm\u00fc\u015f olaca\u011f\u0131z&#8221; diye konu\u015ftu.&nbsp;Programda konu\u015fan Saim G\u00fclal, \u00c7armuzu Mahallesi&#8217;nde kentsel d\u00f6n\u00fc\u015f\u00fcm \u00e7al\u0131\u015fmalar\u0131n\u0131n ba\u015flat\u0131lmas\u0131 konusunda destek talebinde bulundu. \u00c7armuzu ile Kiltepe aras\u0131ndaki b\u00f6lgede in\u015fa edilen spor tesisi i\u00e7in Ba\u015fkan Er&#8217;e te\u015fekk\u00fcr eden G\u00fclal, &#8220;\u00c7armuzu&#8217;ya bu t\u00fcr yat\u0131r\u0131mlar yap\u0131ld\u0131k\u00e7a mahallemiz geli\u015fecektir. Ortaya \u00e7\u0131kan eser ger\u00e7ekten muhte\u015fem&#8221; dedi.&nbsp;Kentsel d\u00f6n\u00fc\u015f\u00fcm ve konut \u00e7al\u0131\u015fmalar\u0131 hakk\u0131nda da bilgi veren Ba\u015fkan Er, Malatya&#8217;da \u00e7evre yolu alt\u0131 ve \u00e7evre yolu \u00fcst\u00fc ayr\u0131m\u0131n\u0131 kald\u0131racaklar\u0131n\u0131 daha \u00f6nce ifade ettiklerini hat\u0131rlatt\u0131. Er, &#8220;Devletimizin sa\u011flad\u0131\u011f\u0131 kaynaklar\u0131 en verimli \u015fekilde kulland\u0131k. \u015eu ana kadar 124 bin ba\u011f\u0131ms\u0131z b\u00f6l\u00fcm in\u015fa edildi. Rezerv alan \u00e7al\u0131\u015fmalar\u0131 tamamland\u0131 ve \u015fehrimizin konut ihtiyac\u0131 b\u00fcy\u00fck \u00f6l\u00e7\u00fcde kar\u015f\u0131land\u0131. Malatya&#8217;n\u0131n yakla\u015f\u0131k 50 y\u0131ll\u0131k konut ihtiyac\u0131n\u0131 \u00e7\u00f6zd\u00fck. Bundan sonraki s\u00fcre\u00e7te a\u011f\u0131rl\u0131\u011f\u0131 kentsel d\u00f6n\u00fc\u015f\u00fcm \u00e7al\u0131\u015fmalar\u0131na verece\u011fiz&#8221; dedi.<\/p>\n\n\n\n<h3 class=\"wp-block-heading\">SANAY\u0130 ALANLARI VE \u00c7ARMUZU DERES\u0130 \u0130\u00c7\u0130N YEN\u0130 PLANLAMA<\/h3>\n\n\n\n<p class=\"wp-block-paragraph\">Sanayi alanlar\u0131n\u0131n yeniden planland\u0131\u011f\u0131n\u0131 da a\u00e7\u0131klayan Ba\u015fkan Sami Er, \u015fehir i\u00e7indeki bir\u00e7ok esnaf grubunun yeni olu\u015fturulacak alanlara ta\u015f\u0131naca\u011f\u0131n\u0131 belirtti. Malatya&#8217;da k\u00fcmelenme modelini hayata ge\u00e7irdiklerini aktaran Er, &#8220;Altay K\u0131\u015flas\u0131 ve farkl\u0131 b\u00f6lgelerde yeni sanayi alanlar\u0131 olu\u015fturuyoruz. Organize Sanayi B\u00f6lgesi&#8217;nde yap\u0131lan son toplant\u0131da mobilyac\u0131lar ve keresteciler i\u00e7in yer belirledik. Mermerciler, hurdac\u0131lar ve metalciler i\u00e7in de yeni alanlar olu\u015fturuyoruz. Bu sekt\u00f6rler \u015fehir d\u0131\u015f\u0131na ta\u015f\u0131nacak. \u00c7avu\u015fo\u011flu&#8217;ndaki mevcut sanayi alan\u0131 ise toptan te\u015fhir ve sat\u0131\u015f merkezi haline gelecek. Buras\u0131 yaln\u0131zca Malatya&#8217;n\u0131n de\u011fil, b\u00f6lgenin \u00f6nemli cazibe merkezlerinden biri olacak&#8221; diye konu\u015ftu.&nbsp;\u00c7armuzu Mahallesi i\u00e7in planlanan \u00e7evre projelerine de de\u011finen Ba\u015fkan Er, \u015fehir i\u00e7erisindeki sular\u0131n \u00c7armuzu Deresi&#8217;ne aktar\u0131laca\u011f\u0131n\u0131 ve sulama ama\u00e7l\u0131 kullan\u0131laca\u011f\u0131n\u0131 ifade etti. Er, &#8220;\u00c7armuzu kadim mahallelerimizden biri. \u015eehir i\u00e7erisindeki sular \u00c7armuzu Deresi&#8217;ne y\u00f6nlendirilecek ve tar\u0131msal sulamada de\u011ferlendirilecek. Ayn\u0131 zamanda derede kapsaml\u0131 \u0131slah \u00e7al\u0131\u015fmalar\u0131 da ger\u00e7ekle\u015ftirilecek&#8221; dedi.&nbsp;Malatya&#8217;n\u0131n gelece\u011fine dair \u00f6nemli \u00e7al\u0131\u015fmalar\u0131 hayata ge\u00e7irdiklerine dikkati \u00e7eken Ba\u015fkan Er, &#8220;Malatya art\u0131k aya\u011fa kalkt\u0131. Gelece\u011fin Malatya&#8217;s\u0131 i\u00e7in \u00e7ok \u00f6nemli planlamalar yap\u0131yoruz. \u015eehrimizin gelece\u011fini en iyi \u015fekilde tasarl\u0131yor, sosyal alanlardan spor tesislerine kadar bir\u00e7ok projeyi hayata ge\u00e7iriyoruz. Malatya emin ellerde ve \u00e7ok daha g\u00fc\u00e7l\u00fc bir \u015fekilde yoluna devam edecek&#8221; ifadelerini kulland\u0131.<\/p>\n","protected":false},"excerpt":{"rendered":"<p>Malatya B\u00fcy\u00fck\u015fehir Belediye Ba\u015fkan\u0131 Sami Er, \u00c7armuzu Mahallesi&#8217;nde d\u00fczenlenen &#8220;Vatanda\u015f Soruyor, Ba\u015fkan Cevapl\u0131yor&#8221; program\u0131nda vatanda\u015flarla&#8230;<\/p>\n","protected":false},"author":1,"featured_media":949,"comment_status":"open","ping_status":"open","sticky":false,"template":"","format":"standard","meta":{"footnotes":""},"categories":[18],"tags":[],"class_list":["post-948","post","type-post","status-publish","format-standard","has-post-thumbnail","hentry","category-guncel"],"_links":{"self":[{"href":"https:\/\/gundem44.com.tr\/index.php?rest_route=\/wp\/v2\/posts\/948","targetHints":{"allow":["GET"]}}],"collection":[{"href":"https:\/\/gundem44.com.tr\/index.php?rest_route=\/wp\/v2\/posts"}],"about":[{"href":"https:\/\/gundem44.com.tr\/index.php?rest_route=\/wp\/v2\/types\/post"}],"author":[{"embeddable":true,"href":"https:\/\/gundem44.com.tr\/index.php?rest_route=\/wp\/v2\/users\/1"}],"replies":[{"embeddable":true,"href":"https:\/\/gundem44.com.tr\/index.php?rest_route=%2Fwp%2Fv2%2Fcomments&post=948"}],"version-history":[{"count":1,"href":"https:\/\/gundem44.com.tr\/index.php?rest_route=\/wp\/v2\/posts\/948\/revisions"}],"predecessor-version":[{"id":950,"href":"https:\/\/gundem44.com.tr\/index.php?rest_route=\/wp\/v2\/posts\/948\/revisions\/950"}],"wp:featuredmedia":[{"embeddable":true,"href":"https:\/\/gundem44.com.tr\/index.php?rest_route=\/wp\/v2\/media\/949"}],"wp:attachment":[{"href":"https:\/\/gundem44.com.tr\/index.php?rest_route=%2Fwp%2Fv2%2Fmedia&parent=948"}],"wp:term":[{"taxonomy":"category","embeddable":true,"href":"https:\/\/gundem44.com.tr\/index.php?rest_route=%2Fwp%2Fv2%2Fcategories&post=948"},{"taxonomy":"post_tag","embeddable":true,"href":"https:\/\/gundem44.com.tr\/index.php?rest_route=%2Fwp%2Fv2%2Ftags&post=948"}],"curies":[{"name":"wp","href":"https:\/\/api.w.org\/{rel}","templated":true}]}}