{"id":942,"date":"2026-06-26T09:17:12","date_gmt":"2026-06-26T09:17:12","guid":{"rendered":"https:\/\/gundem44.com.tr\/?p=942"},"modified":"2026-06-26T09:17:13","modified_gmt":"2026-06-26T09:17:13","slug":"malatyada-savunma-sanayi-yatirimi","status":"publish","type":"post","link":"https:\/\/gundem44.com.tr\/?p=942","title":{"rendered":"Malatya&#8217;da Savunma Sanayi Yat\u0131r\u0131m\u0131"},"content":{"rendered":"\n<p class=\"wp-block-paragraph\">ULUSSAN Savunma, Malatya&#8217;da 20 bin m\u00b2 fabrikay\u0131 sat\u0131n alarak savunma sanayisine yat\u0131r\u0131m\u0131 hayata ge\u00e7irdi.<\/p>\n\n\n\n<p class=\"wp-block-paragraph\"><a href=\"https:\/\/www.sondakika.com\/malatya\/\">Malatya<\/a>&#8216;da savunma sanayisine y\u00f6nelik \u00f6nemli bir yat\u0131r\u0131m hayata ge\u00e7irildi. ULUSDER \u00f6nc\u00fcl\u00fc\u011f\u00fcnde kurulan ULUSSAN Savunma ve Makine A.\u015e., 20 bin metrekarelik \u00fcretim tesisini sat\u0131n al\u0131rken, fabrikada y\u0131l sonuna kadar \u00fcretime ba\u015flanmas\u0131 hedefleniyor.<\/p>\n\n\n\n<p class=\"wp-block-paragraph\">ULUSDER Ba\u015fkan\u0131 \u00d6zcan Polat, daha \u00f6nce kamuoyuyla payla\u015ft\u0131klar\u0131 savunma sanayisi yat\u0131r\u0131m hedefi do\u011frultusunda \u00f6nemli bir ad\u0131m\u0131 hayata ge\u00e7irdiklerini belirterek, ULUSSAN Savunma ve Makine A.\u015e. ad\u0131na Malatya&#8217;da 20 bin metrekare alan \u00fczerine kurulu fabrikan\u0131n sat\u0131n al\u0131nd\u0131\u011f\u0131n\u0131 a\u00e7\u0131klad\u0131.<\/p>\n\n\n\n<p class=\"wp-block-paragraph\">Sat\u0131n al\u0131nan fabrikada ger\u00e7ekle\u015ftirilen teknik incelemelerde \u00fcretim alanlar\u0131, teknik altyap\u0131, makine yerle\u015fimleri ve \u00fcretim kapasitesi de\u011ferlendirildi. Ard\u0131ndan d\u00fczenlenen isti\u015fare toplant\u0131s\u0131nda fabrikan\u0131n faaliyete ge\u00e7i\u015f s\u00fcreci, yat\u0131r\u0131m planlamas\u0131, \u00fcretim organizasyonu ve yol haritas\u0131 detayl\u0131 \u015fekilde ele al\u0131nd\u0131. Toplant\u0131da, ULUSSAN Savunma ve Makine A.\u015e. b\u00fcnyesinde savunma sanayisine y\u00f6nelik par\u00e7a ve bile\u015fen \u00fcretimi i\u00e7in y\u00fcr\u00fct\u00fclecek \u00e7al\u0131\u015fmalar de\u011ferlendirilirken, \u00fcretim s\u00fcre\u00e7lerinin en verimli \u015fekilde planlanmas\u0131 ve fabrikan\u0131n k\u0131sa s\u00fcrede \u00fcretime haz\u0131r hale getirilmesi konusunda kapsaml\u0131 isti\u015farelerde bulunuldu.<\/p>\n\n\n\n<p class=\"wp-block-paragraph\">20 bin metrekarelik alan \u00fczerine kurulu \u00fcretim tesisinde haz\u0131rl\u0131k \u00e7al\u0131\u015fmalar\u0131n\u0131n tamamlanmas\u0131n\u0131n ard\u0131ndan y\u0131l sonuna kadar \u00fcretime ba\u015flanmas\u0131 hedefleniyor. ULUSSAN Savunma ve Makine A.\u015e. b\u00fcnyesinde ger\u00e7ekle\u015ftirilecek \u00fcretimle savunma sanayisine y\u00f6nelik par\u00e7a ve bile\u015fenlerin yerli imkanlarla \u00fcretilmesi, Malatya&#8217;n\u0131n sanayi altyap\u0131s\u0131n\u0131n g\u00fc\u00e7lendirilmesi ve yeni istihdam alanlar\u0131n\u0131n olu\u015fturulmas\u0131 ama\u00e7lan\u0131yor.<\/p>\n\n\n\n<p class=\"wp-block-paragraph\">ULUSDER \u00f6nc\u00fcl\u00fc\u011f\u00fcnde hayata ge\u00e7irilen bu yat\u0131r\u0131m\u0131n, Malatya&#8217;n\u0131n \u00fcretim g\u00fcc\u00fcn\u00fc art\u0131rmas\u0131n\u0131n yan\u0131 s\u0131ra T\u00fcrkiye&#8217;nin savunma sanayisindeki yerli ve milli \u00fcretim kapasitesine de katk\u0131 sunmas\u0131 hedefleniyor. Y\u0131l sonuna kadar \u00fcretime ge\u00e7mesi planlanan fabrikan\u0131n, hem b\u00f6lge ekonomisine hem de \u00fclke sanayisine \u00f6nemli de\u011fer katmas\u0131 bekleniyor.<\/p>\n","protected":false},"excerpt":{"rendered":"<p>ULUSSAN Savunma, Malatya&#8217;da 20 bin m\u00b2 fabrikay\u0131 sat\u0131n alarak savunma sanayisine yat\u0131r\u0131m\u0131 hayata ge\u00e7irdi. Malatya&#8216;da&#8230;<\/p>\n","protected":false},"author":1,"featured_media":943,"comment_status":"open","ping_status":"open","sticky":false,"template":"","format":"standard","meta":{"footnotes":""},"categories":[18],"tags":[],"class_list":["post-942","post","type-post","status-publish","format-standard","has-post-thumbnail","hentry","category-guncel"],"_links":{"self":[{"href":"https:\/\/gundem44.com.tr\/index.php?rest_route=\/wp\/v2\/posts\/942","targetHints":{"allow":["GET"]}}],"collection":[{"href":"https:\/\/gundem44.com.tr\/index.php?rest_route=\/wp\/v2\/posts"}],"about":[{"href":"https:\/\/gundem44.com.tr\/index.php?rest_route=\/wp\/v2\/types\/post"}],"author":[{"embeddable":true,"href":"https:\/\/gundem44.com.tr\/index.php?rest_route=\/wp\/v2\/users\/1"}],"replies":[{"embeddable":true,"href":"https:\/\/gundem44.com.tr\/index.php?rest_route=%2Fwp%2Fv2%2Fcomments&post=942"}],"version-history":[{"count":1,"href":"https:\/\/gundem44.com.tr\/index.php?rest_route=\/wp\/v2\/posts\/942\/revisions"}],"predecessor-version":[{"id":944,"href":"https:\/\/gundem44.com.tr\/index.php?rest_route=\/wp\/v2\/posts\/942\/revisions\/944"}],"wp:featuredmedia":[{"embeddable":true,"href":"https:\/\/gundem44.com.tr\/index.php?rest_route=\/wp\/v2\/media\/943"}],"wp:attachment":[{"href":"https:\/\/gundem44.com.tr\/index.php?rest_route=%2Fwp%2Fv2%2Fmedia&parent=942"}],"wp:term":[{"taxonomy":"category","embeddable":true,"href":"https:\/\/gundem44.com.tr\/index.php?rest_route=%2Fwp%2Fv2%2Fcategories&post=942"},{"taxonomy":"post_tag","embeddable":true,"href":"https:\/\/gundem44.com.tr\/index.php?rest_route=%2Fwp%2Fv2%2Ftags&post=942"}],"curies":[{"name":"wp","href":"https:\/\/api.w.org\/{rel}","templated":true}]}}