{"id":94,"date":"2026-06-02T10:55:24","date_gmt":"2026-06-02T10:55:24","guid":{"rendered":"https:\/\/gundem44.com.tr\/?p=94"},"modified":"2026-06-02T10:55:24","modified_gmt":"2026-06-02T10:55:24","slug":"depremin-vurdugu-malatyaya-35-milyarlik-altyapi-hamlesi","status":"publish","type":"post","link":"https:\/\/gundem44.com.tr\/?p=94","title":{"rendered":"Depremin vurdu\u011fu Malatya&#8217;ya 35 milyarl\u0131k altyap\u0131 hamlesi"},"content":{"rendered":"\n<p class=\"wp-block-paragraph\">6 \u015eubat depremlerinde a\u011f\u0131r y\u0131k\u0131m ya\u015fayan Malatya&#8217;da altyap\u0131 yeniden in\u015fa ediliyor. B\u00fcy\u00fck\u015fehir Belediye Ba\u015fkan\u0131 Sami Er, i\u00e7me suyu, kanalizasyon, ya\u011fmur suyu hatlar\u0131 ve ar\u0131tma tesislerini kapsayan yat\u0131r\u0131mlar\u0131n toplam b\u00fcy\u00fckl\u00fc\u011f\u00fcn\u00fcn 35 milyar liraya ula\u015ft\u0131\u011f\u0131n\u0131 a\u00e7\u0131klad\u0131. Alternatif i\u00e7me suyu projesi ve yeni ar\u0131tma tesisleriyle kentin altyap\u0131s\u0131 depreme kar\u015f\u0131 daha diren\u00e7li hale getiriliyor.<\/p>\n\n\n\n<p class=\"wp-block-paragraph\">6 \u015eubat depremlerinde a\u011f\u0131r y\u0131k\u0131m ya\u015fayan&nbsp;<a href=\"https:\/\/www.sondakika.com\/malatya\/\">Malatya<\/a>&#8216;da altyap\u0131 adeta yeniden in\u015fa ediliyor. Malatya B\u00fcy\u00fck\u015fehir Belediye Ba\u015fkan\u0131&nbsp;<a href=\"https:\/\/www.sondakika.com\/sami-er\/\">Sami Er<\/a>, kent genelinde y\u00fcr\u00fct\u00fclen altyap\u0131 yat\u0131r\u0131mlar\u0131n\u0131n toplam b\u00fcy\u00fckl\u00fc\u011f\u00fcn\u00fcn 35 milyar liraya ula\u015ft\u0131\u011f\u0131n\u0131 a\u00e7\u0131klad\u0131. \u0130\u00e7me suyu, kanalizasyon, ya\u011fmur suyu hatlar\u0131 ve biyolojik ar\u0131tma tesislerini kapsayan yat\u0131r\u0131mlar\u0131n b\u00fcy\u00fck b\u00f6l\u00fcm\u00fcn\u00fcn deprem sonras\u0131 hayata ge\u00e7irildi\u011fi belirtildi.<\/p>\n\n\n\n<p class=\"wp-block-paragraph\">Deprem sonras\u0131 kentte y\u00fcr\u00fct\u00fclen \u00e7al\u0131\u015fmalara ili\u015fkin de\u011ferlendirmelerde bulunan Malatya B\u00fcy\u00fck\u015fehir Belediye Ba\u015fkan\u0131 Sami Er, y\u0131llard\u0131r g\u00fcndemde olan alternatif i\u00e7me suyu projesinin ilk kez somut \u015fekilde hayata ge\u00e7irildi\u011fini s\u00f6yledi. Er, uluslararas\u0131 finans kurulu\u015flar\u0131ndan sa\u011flanan yakla\u015f\u0131k 35 milyon euroluk kaynakla F\u0131rat Havzas\u0131&#8217;ndan Malatya&#8217;ya alternatif i\u00e7me suyu hatt\u0131 kazand\u0131r\u0131laca\u011f\u0131n\u0131 belirtti. Alternatif su kayna\u011f\u0131n\u0131n \u00f6nemine dikkat \u00e7eken Er, &#8220;Malatya&#8217;n\u0131n ana su kayna\u011f\u0131 saniyede 3 bin 600 litre debiye sahip ve kendi cazibesiyle akan \u00e7ok \u00f6zel bir su kayna\u011f\u0131. Ancak y\u0131llard\u0131r bu kayna\u011f\u0131n olas\u0131 riskler kar\u015f\u0131s\u0131nda yetersiz kalabilece\u011fi konu\u015fuluyordu. Deprem s\u00fcrecinde ya\u015fanan su kesintileri de alternatif kayna\u011f\u0131n ne kadar gerekli oldu\u011funu ortaya koydu&#8221; dedi.<\/p>\n\n\n\n<p class=\"wp-block-paragraph\">Son ya\u015fanan depremlerde i\u00e7me suyunda bulan\u0131kl\u0131k meydana geldi\u011fini belirten Er, altyap\u0131daki risklerin devam etti\u011fini ifade ederek, &#8220;Depremlerde sular\u0131n ciddi \u015fekilde bulan\u0131k akt\u0131\u011f\u0131n\u0131 g\u00f6rd\u00fck. Bu durum bize alternatif su projesinin ne kadar kritik oldu\u011funu bir kez daha g\u00f6sterdi&#8221; ifadelerini kulland\u0131.<\/p>\n\n\n\n<p class=\"wp-block-paragraph\">\u0130nderesi b\u00f6lgesinde yeni bir ar\u0131tma tesisi kurduklar\u0131n\u0131 a\u00e7\u0131klayan Er, mevcut kaynak suyunun burada ar\u0131t\u0131larak sisteme entegre edilece\u011fini kaydetti. Organize sanayi b\u00f6lgesinde de kimyasal ar\u0131tma tesisi in\u015faat\u0131n\u0131n s\u00fcrd\u00fc\u011f\u00fcn\u00fc aktaran Er, \u015eanl\u0131urfa Deresi&#8217;nde ya\u015fanan \u00e7evre kirlili\u011finin \u00f6n\u00fcne ge\u00e7mek amac\u0131yla tesisin y\u0131l sonuna kadar tamamlanaca\u011f\u0131n\u0131 ifade etti.<\/p>\n\n\n\n<p class=\"wp-block-paragraph\">Kentteki altyap\u0131n\u0131n b\u00fcy\u00fck b\u00f6l\u00fcm\u00fcn\u00fcn 50-60 y\u0131ll\u0131k oldu\u011funa dikkat \u00e7eken Ba\u015fkan Er, halen baz\u0131 b\u00f6lgelerde asbest borular kullan\u0131ld\u0131\u011f\u0131n\u0131 s\u00f6yledi. Deprem sonras\u0131 altyap\u0131n\u0131n yakla\u015f\u0131k y\u00fczde 80&#8217;inin yenilendi\u011fini belirten Er, \u00e7al\u0131\u015fmalar\u0131n b\u00fcy\u00fck b\u00f6l\u00fcm\u00fcn\u00fcn uluslararas\u0131 finansman ve TOK\u0130 i\u015f birli\u011fiyle s\u00fcrd\u00fcr\u00fcld\u00fc\u011f\u00fcn\u00fc ifade etti. Kent genelindeki altyap\u0131 yat\u0131r\u0131mlar\u0131n\u0131n toplam maliyetinin 35 milyar liraya ula\u015ft\u0131\u011f\u0131n\u0131 kaydeden Er, &#8220;Bunun 20 milyar liral\u0131k k\u0131sm\u0131 TOK\u0130 taraf\u0131ndan ger\u00e7ekle\u015ftiriliyor. Yakla\u015f\u0131k 15 milyar liral\u0131k k\u0131sm\u0131 ise belediyemizin sa\u011flad\u0131\u011f\u0131 hibe, kredi ve finansman kaynaklar\u0131yla yap\u0131l\u0131yor&#8221; dedi.<\/p>\n\n\n\n<p class=\"wp-block-paragraph\">Deprem sonras\u0131 yeniden in\u015fa edilen \u00e7ar\u015f\u0131 merkezindeki yeralt\u0131 sular\u0131n\u0131n da kontrol alt\u0131na al\u0131nd\u0131\u011f\u0131n\u0131 belirten Er, b\u00f6lgede ya\u011fmur suyu drenaj sistemiyle birlikte kapsaml\u0131 bir altyap\u0131 a\u011f\u0131 kuruldu\u011funu s\u00f6yledi. Yeralt\u0131 sular\u0131n\u0131n \u00f6zel hatlarla tar\u0131msal sulamada kullan\u0131lmak \u00fczere y\u00f6nlendirildi\u011fini ifade eden Er, &#8220;\u00c7ar\u015f\u0131 b\u00f6lgesinde ciddi bir yeralt\u0131 suyu problemi vard\u0131. Bu sular art\u0131k kontroll\u00fc \u015fekilde tahliye edilerek de\u011ferlendirilmi\u015f olacak&#8221; ifadelerini kulland\u0131<\/p>\n\n\n\n<p class=\"wp-block-paragraph\">Yeni yerle\u015fim alanlar\u0131nda da altyap\u0131n\u0131n gelece\u011fe d\u00f6n\u00fck planland\u0131\u011f\u0131n\u0131 belirten Er, \u00f6zellikle \u0130kizce b\u00f6lgesinde yeni i\u00e7me suyu, kanalizasyon ve ya\u011fmur suyu yat\u0131r\u0131mlar\u0131n\u0131n s\u00fcrd\u00fc\u011f\u00fcn\u00fc s\u00f6yledi. Ye\u015filyurt b\u00f6lgesinde yap\u0131m\u0131 s\u00fcren biyolojik ar\u0131tma tesisinin 2,2 milyar liral\u0131k yat\u0131r\u0131mla hayata ge\u00e7irildi\u011fini aktaran Er, tesisin b\u00f6lgenin en b\u00fcy\u00fck ar\u0131tma merkezlerinden biri olaca\u011f\u0131n\u0131 kaydetti. Tesiste \u00e7amur kurutma \u00fcnitesinin de yer ald\u0131\u011f\u0131n\u0131 ifade eden Er, ar\u0131t\u0131lan suyun yeniden tar\u0131msal sulamada kullan\u0131laca\u011f\u0131n\u0131 belirtti. &#8211; MALATYA<\/p>\n","protected":false},"excerpt":{"rendered":"<p>6 \u015eubat depremlerinde a\u011f\u0131r y\u0131k\u0131m ya\u015fayan Malatya&#8217;da altyap\u0131 yeniden in\u015fa ediliyor. B\u00fcy\u00fck\u015fehir Belediye Ba\u015fkan\u0131 Sami&#8230;<\/p>\n","protected":false},"author":1,"featured_media":95,"comment_status":"open","ping_status":"open","sticky":false,"template":"","format":"standard","meta":{"footnotes":""},"categories":[18],"tags":[],"class_list":["post-94","post","type-post","status-publish","format-standard","has-post-thumbnail","hentry","category-guncel"],"_links":{"self":[{"href":"https:\/\/gundem44.com.tr\/index.php?rest_route=\/wp\/v2\/posts\/94","targetHints":{"allow":["GET"]}}],"collection":[{"href":"https:\/\/gundem44.com.tr\/index.php?rest_route=\/wp\/v2\/posts"}],"about":[{"href":"https:\/\/gundem44.com.tr\/index.php?rest_route=\/wp\/v2\/types\/post"}],"author":[{"embeddable":true,"href":"https:\/\/gundem44.com.tr\/index.php?rest_route=\/wp\/v2\/users\/1"}],"replies":[{"embeddable":true,"href":"https:\/\/gundem44.com.tr\/index.php?rest_route=%2Fwp%2Fv2%2Fcomments&post=94"}],"version-history":[{"count":1,"href":"https:\/\/gundem44.com.tr\/index.php?rest_route=\/wp\/v2\/posts\/94\/revisions"}],"predecessor-version":[{"id":96,"href":"https:\/\/gundem44.com.tr\/index.php?rest_route=\/wp\/v2\/posts\/94\/revisions\/96"}],"wp:featuredmedia":[{"embeddable":true,"href":"https:\/\/gundem44.com.tr\/index.php?rest_route=\/wp\/v2\/media\/95"}],"wp:attachment":[{"href":"https:\/\/gundem44.com.tr\/index.php?rest_route=%2Fwp%2Fv2%2Fmedia&parent=94"}],"wp:term":[{"taxonomy":"category","embeddable":true,"href":"https:\/\/gundem44.com.tr\/index.php?rest_route=%2Fwp%2Fv2%2Fcategories&post=94"},{"taxonomy":"post_tag","embeddable":true,"href":"https:\/\/gundem44.com.tr\/index.php?rest_route=%2Fwp%2Fv2%2Ftags&post=94"}],"curies":[{"name":"wp","href":"https:\/\/api.w.org\/{rel}","templated":true}]}}