{"id":927,"date":"2026-06-25T21:56:15","date_gmt":"2026-06-25T21:56:15","guid":{"rendered":"https:\/\/gundem44.com.tr\/?p=927"},"modified":"2026-06-25T21:56:16","modified_gmt":"2026-06-25T21:56:16","slug":"malatyada-12-bin-kisiye-asure-ikrami","status":"publish","type":"post","link":"https:\/\/gundem44.com.tr\/?p=927","title":{"rendered":"Malatya&#8217;da 12 Bin Ki\u015fiye A\u015fure \u0130kram\u0131"},"content":{"rendered":"\n<p class=\"wp-block-paragraph\">Malatya, Elaz\u0131\u011f ve Tunceli&#8217;de toplam 12 bin ki\u015fiye a\u015fure da\u011f\u0131t\u0131lacak, etkinlikler devam ediyor.<\/p>\n\n\n\n<p class=\"wp-block-paragraph\"><a href=\"https:\/\/www.sondakika.com\/malatya\/\">Malatya<\/a>&nbsp;Vak\u0131flar B\u00f6lge M\u00fcd\u00fcrl\u00fc\u011f\u00fcnce, Malatya,&nbsp;<a href=\"https:\/\/www.sondakika.com\/elazig\/\">Elaz\u0131\u011f<\/a>&nbsp;ve&nbsp;<a href=\"https:\/\/www.sondakika.com\/tunceli\/\">Tunceli<\/a>&#8216;de toplam 12 bin ki\u015fiye a\u015fure ikram\u0131nda bulunulacak.<\/p>\n\n\n\n<p class=\"wp-block-paragraph\">Malatya 100. Y\u0131l \u0130l Halk K\u00fct\u00fcphanesi \u00f6n\u00fcnde kurulan iki stantta, Malatya Vak\u0131flar B\u00f6lge M\u00fcd\u00fcrl\u00fc\u011f\u00fc personelince vatanda\u015flara a\u015fure da\u011f\u0131t\u0131ld\u0131.<\/p>\n\n\n\n<p class=\"wp-block-paragraph\">Burada konu\u015fan Malatya Vak\u0131flar B\u00f6lge M\u00fcd\u00fcr\u00fc Adem Bacanl\u0131,&nbsp;<a href=\"https:\/\/www.sondakika.com\/kultur\/\">K\u00fclt\u00fcr<\/a>&nbsp;ve Turizm Bakanl\u0131\u011f\u0131 Vak\u0131flar Genel M\u00fcd\u00fcrl\u00fc\u011f\u00fcn\u00fcn muharrem ay\u0131 dolay\u0131s\u0131yla t\u00fcm illerde a\u015fure ikram etti\u011fini s\u00f6yledi.<\/p>\n\n\n\n<p class=\"wp-block-paragraph\">A\u015fure ikram\u0131n\u0131n, Vak\u0131flar Genel M\u00fcd\u00fcrl\u00fc\u011f\u00fcn\u00fcn vakfiyelerinde yer alan hay\u0131r \u015fartlar\u0131ndan biri oldu\u011funu belirten Bacanl\u0131, Malatya&#8217;da iki farkl\u0131 noktada vatanda\u015flara a\u015fure da\u011f\u0131tt\u0131klar\u0131n\u0131 ifade etti.<\/p>\n\n\n\n<p class=\"wp-block-paragraph\">Bacanl\u0131, &#8220;Bug\u00fcn Malatya E\u011fitim ve Ara\u015ft\u0131rma Hastanesi \u00f6n\u00fc ile Malatya 100. Y\u0131l \u0130l Halk K\u00fct\u00fcphanesi \u00f6n\u00fcnde vatanda\u015flar\u0131m\u0131za a\u015fure ikram\u0131nda bulunuyoruz. Malatya&#8217;da bug\u00fcn 3 bin ki\u015filik a\u015fure ikram ettik. Yar\u0131n da Kernek Karag\u00f6zl\u00fcler Camisi&#8217;nde 3 bin ki\u015filik a\u015fure da\u011f\u0131taca\u011f\u0131z.&#8221; dedi.<\/p>\n\n\n\n<p class=\"wp-block-paragraph\">Elaz\u0131\u011f ve Tunceli&#8217;de de a\u015fure ikram\u0131nda bulunduklar\u0131n\u0131 aktaran Bacanl\u0131, bug\u00fcn ve yar\u0131n 3 ilde toplam 12 bin ki\u015fiye a\u015fure da\u011f\u0131t\u0131laca\u011f\u0131n\u0131 kaydetti.<\/p>\n","protected":false},"excerpt":{"rendered":"<p>Malatya, Elaz\u0131\u011f ve Tunceli&#8217;de toplam 12 bin ki\u015fiye a\u015fure da\u011f\u0131t\u0131lacak, etkinlikler devam ediyor. Malatya&nbsp;Vak\u0131flar B\u00f6lge&#8230;<\/p>\n","protected":false},"author":1,"featured_media":928,"comment_status":"open","ping_status":"open","sticky":false,"template":"","format":"standard","meta":{"footnotes":""},"categories":[18],"tags":[],"class_list":["post-927","post","type-post","status-publish","format-standard","has-post-thumbnail","hentry","category-guncel"],"_links":{"self":[{"href":"https:\/\/gundem44.com.tr\/index.php?rest_route=\/wp\/v2\/posts\/927","targetHints":{"allow":["GET"]}}],"collection":[{"href":"https:\/\/gundem44.com.tr\/index.php?rest_route=\/wp\/v2\/posts"}],"about":[{"href":"https:\/\/gundem44.com.tr\/index.php?rest_route=\/wp\/v2\/types\/post"}],"author":[{"embeddable":true,"href":"https:\/\/gundem44.com.tr\/index.php?rest_route=\/wp\/v2\/users\/1"}],"replies":[{"embeddable":true,"href":"https:\/\/gundem44.com.tr\/index.php?rest_route=%2Fwp%2Fv2%2Fcomments&post=927"}],"version-history":[{"count":1,"href":"https:\/\/gundem44.com.tr\/index.php?rest_route=\/wp\/v2\/posts\/927\/revisions"}],"predecessor-version":[{"id":929,"href":"https:\/\/gundem44.com.tr\/index.php?rest_route=\/wp\/v2\/posts\/927\/revisions\/929"}],"wp:featuredmedia":[{"embeddable":true,"href":"https:\/\/gundem44.com.tr\/index.php?rest_route=\/wp\/v2\/media\/928"}],"wp:attachment":[{"href":"https:\/\/gundem44.com.tr\/index.php?rest_route=%2Fwp%2Fv2%2Fmedia&parent=927"}],"wp:term":[{"taxonomy":"category","embeddable":true,"href":"https:\/\/gundem44.com.tr\/index.php?rest_route=%2Fwp%2Fv2%2Fcategories&post=927"},{"taxonomy":"post_tag","embeddable":true,"href":"https:\/\/gundem44.com.tr\/index.php?rest_route=%2Fwp%2Fv2%2Ftags&post=927"}],"curies":[{"name":"wp","href":"https:\/\/api.w.org\/{rel}","templated":true}]}}