{"id":915,"date":"2026-06-25T21:50:53","date_gmt":"2026-06-25T21:50:53","guid":{"rendered":"https:\/\/gundem44.com.tr\/?p=915"},"modified":"2026-06-25T21:50:53","modified_gmt":"2026-06-25T21:50:53","slug":"malatyada-onem-projesi-gala-etkinligi","status":"publish","type":"post","link":"https:\/\/gundem44.com.tr\/?p=915","title":{"rendered":"Malatya&#8217;da \u00d6NEM Projesi Gala Etkinli\u011fi"},"content":{"rendered":"\n<p class=\"wp-block-paragraph\">Malatya&#8217;da \u00d6NEM Projesi&#8217;nin saha sonu\u00e7lar\u0131 sergilendi, Vali Yavuz e\u011fitim ve \u015fefkat mesaj\u0131 verdi.<\/p>\n\n\n\n<p class=\"wp-block-paragraph\"><a href=\"https:\/\/www.sondakika.com\/malatya\/\">Malatya<\/a>&nbsp;Valili\u011finin himayelerinde 2025-2026 e\u011fitim \u00f6\u011fretim y\u0131l\u0131nda y\u00fcr\u00fct\u00fclen \u00d6zel Nedenlerin Engelleriyle M\u00fccadele (\u00d6NEM) Projesi&#8217;nin saha sonu\u00e7lar\u0131n\u0131n sergilendi\u011fi &#8220;Maarif&#8217;in Kalbinde \u00d6NEM&#8217;le Ye\u015ferenler ve \u00d6NEM Galas\u0131&#8221; ile &#8220;Aile Y\u0131l\u0131 \u00d6zel Konseri&#8221; etkinli\u011fi ger\u00e7ekle\u015ftirildi.<\/p>\n\n\n\n<p class=\"wp-block-paragraph\">Y\u00fcz\u00fcnc\u00fc Y\u0131l Park\u0131nda Vali Seddar Yavuz ile protokol\u00fcn kat\u0131l\u0131m\u0131yla a\u00e7\u0131l\u0131\u015f kurdelesi kesildi.<\/p>\n\n\n\n<p class=\"wp-block-paragraph\">Stantlarda \u00f6\u011frencilerin yapt\u0131\u011f\u0131 ve \u00e7e\u015fitli yar\u0131\u015fmalarda dereceler elde eden projelerin sergilendi\u011fi stantlar\u0131 inceleyen Yavuz, \u00f6\u011frenci ve \u00f6\u011fretmenlerle sohbet etti.<\/p>\n\n\n\n<p class=\"wp-block-paragraph\">Programda konu\u015fan Yavuz, gen\u00e7leri yeti\u015ftirmenin en az \u015fehirler imar etmek kadar \u00f6nemli oldu\u011funu s\u00f6yledi.<\/p>\n\n\n\n<p class=\"wp-block-paragraph\">Farkl\u0131 nedenlerden dolay\u0131 sorun ya\u015fam\u0131\u015f gen\u00e7lere arkalar\u0131n\u0131 d\u00f6nemeyeceklerini anlatan Yavuz, &#8220;Biz canl\u0131ya, cans\u0131za \u015fefkat g\u00f6steren b\u00fcy\u00fck bir medeniyetin \u00f6nderi ve lideriyiz. Tarih boyunca g\u00f6zya\u015f\u0131 silen, insanlar\u0131n g\u00f6z\u00fcndeki tebess\u00fcm\u00fcn sebebi olan ekme\u011fini, suyunu b\u00f6l\u00fc\u015fen d\u00fcnyan\u0131n neresinde z\u00fcl\u00fcm varsa o zulm\u00fc durdurmak i\u00e7in gayret eden b\u00fcy\u00fck bir medeniyetin ve ecdad\u0131n evlatlar\u0131y\u0131z.&#8221; dedi.<\/p>\n\n\n\n<p class=\"wp-block-paragraph\">Her alanda en \u00f6nde olmak i\u00e7in gayretle \u00e7al\u0131\u015facaklar\u0131n\u0131, bu nedenle evlatlar\u0131n\u0131 iyi yeti\u015ftireceklerini belirten Yavuz, &#8220;<a href=\"https:\/\/www.sondakika.com\/egitim\/\">E\u011fitim<\/a>&nbsp;kurumlar\u0131n\u0131 daha da geli\u015ftirece\u011fiz. G\u00f6nl\u00fcm\u00fczdeki sevgiyi diri tutaca\u011f\u0131z. Birbirimizin y\u00fcz\u00fcne sevgi ve \u015fefkatle bakaca\u011f\u0131z. 86 milyon vatan evlad\u0131n\u0131n tek y\u00fcrek olmas\u0131n\u0131 sa\u011flayaca\u011f\u0131z.&#8221; ifadelerini kulland\u0131.<\/p>\n","protected":false},"excerpt":{"rendered":"<p>Malatya&#8217;da \u00d6NEM Projesi&#8217;nin saha sonu\u00e7lar\u0131 sergilendi, Vali Yavuz e\u011fitim ve \u015fefkat mesaj\u0131 verdi. Malatya&nbsp;Valili\u011finin himayelerinde&#8230;<\/p>\n","protected":false},"author":1,"featured_media":916,"comment_status":"open","ping_status":"open","sticky":false,"template":"","format":"standard","meta":{"footnotes":""},"categories":[18],"tags":[],"class_list":["post-915","post","type-post","status-publish","format-standard","has-post-thumbnail","hentry","category-guncel"],"_links":{"self":[{"href":"https:\/\/gundem44.com.tr\/index.php?rest_route=\/wp\/v2\/posts\/915","targetHints":{"allow":["GET"]}}],"collection":[{"href":"https:\/\/gundem44.com.tr\/index.php?rest_route=\/wp\/v2\/posts"}],"about":[{"href":"https:\/\/gundem44.com.tr\/index.php?rest_route=\/wp\/v2\/types\/post"}],"author":[{"embeddable":true,"href":"https:\/\/gundem44.com.tr\/index.php?rest_route=\/wp\/v2\/users\/1"}],"replies":[{"embeddable":true,"href":"https:\/\/gundem44.com.tr\/index.php?rest_route=%2Fwp%2Fv2%2Fcomments&post=915"}],"version-history":[{"count":1,"href":"https:\/\/gundem44.com.tr\/index.php?rest_route=\/wp\/v2\/posts\/915\/revisions"}],"predecessor-version":[{"id":917,"href":"https:\/\/gundem44.com.tr\/index.php?rest_route=\/wp\/v2\/posts\/915\/revisions\/917"}],"wp:featuredmedia":[{"embeddable":true,"href":"https:\/\/gundem44.com.tr\/index.php?rest_route=\/wp\/v2\/media\/916"}],"wp:attachment":[{"href":"https:\/\/gundem44.com.tr\/index.php?rest_route=%2Fwp%2Fv2%2Fmedia&parent=915"}],"wp:term":[{"taxonomy":"category","embeddable":true,"href":"https:\/\/gundem44.com.tr\/index.php?rest_route=%2Fwp%2Fv2%2Fcategories&post=915"},{"taxonomy":"post_tag","embeddable":true,"href":"https:\/\/gundem44.com.tr\/index.php?rest_route=%2Fwp%2Fv2%2Ftags&post=915"}],"curies":[{"name":"wp","href":"https:\/\/api.w.org\/{rel}","templated":true}]}}