{"id":912,"date":"2026-06-24T22:52:18","date_gmt":"2026-06-24T22:52:18","guid":{"rendered":"https:\/\/gundem44.com.tr\/?p=912"},"modified":"2026-06-24T22:52:18","modified_gmt":"2026-06-24T22:52:18","slug":"karakucak-guresi-gelenegi-devam-ediyor","status":"publish","type":"post","link":"https:\/\/gundem44.com.tr\/?p=912","title":{"rendered":"Karakucak G\u00fcre\u015fi Gelene\u011fi Devam Ediyor"},"content":{"rendered":"\n<p class=\"wp-block-paragraph\">Malatya&#8217;da iki karde\u015fin \u00e7ocuklar\u0131, g\u00fcre\u015f sporunda ba\u015far\u0131 i\u00e7in azimle antrenman yap\u0131yor.<\/p>\n\n\n\n<p class=\"wp-block-paragraph\"><a href=\"https:\/\/www.sondakika.com\/malatya\/\">Malatya<\/a>&#8216;da yakla\u015f\u0131k 30 y\u0131l \u00f6nce lise y\u0131llar\u0131nda \u00f6\u011fretmenlerinin y\u00f6nlendirmesiyle karakucak g\u00fcre\u015fi yapan iki karde\u015fin \u00e7ocuklar\u0131 Vahap Ali ve H\u00fcseyin&nbsp;<a href=\"https:\/\/www.sondakika.com\/emir\/\">Emir<\/a>&nbsp;\u00d6zen, bug\u00fcn ayn\u0131 hedef do\u011frultusunda minderde ter d\u00f6k\u00fcyor.&#8221;<\/p>\n\n\n\n<p class=\"wp-block-paragraph\">Malatya&#8217;da Gen\u00e7lik ve&nbsp;<a href=\"https:\/\/www.sondakika.com\/Spor\/\">Spor<\/a>&nbsp;Bakanl\u0131\u011f\u0131 b\u00fcnyesindeki T\u00fcrkiye Olimpiyat Haz\u0131rl\u0131k Merkezi&#8217;nde \u00e7al\u0131\u015fmalar\u0131n\u0131 s\u00fcrd\u00fcren gen\u00e7 sporcular, ulusal ve uluslararas\u0131 organizasyonlarda madalya kazanabilmek i\u00e7in yo\u011fun antrenman program\u0131 uyguluyor.<\/p>\n\n\n\n<p class=\"wp-block-paragraph\">G\u00fcre\u015fe yakla\u015f\u0131k 11 y\u0131l \u00f6nce ailelerinin y\u00f6nlendirmesiyle ba\u015flayan kuzenler Vahap Ali ve H\u00fcseyin Emir \u00d6zen, antrenmanlar\u0131n\u0131n \u00f6nemli b\u00f6l\u00fcm\u00fcn\u00fc birlikte ger\u00e7ekle\u015ftiriyor.<\/p>\n\n\n\n<p class=\"wp-block-paragraph\">17 ya\u015f\u0131ndaki Vahap Ali \u00d6zen, AA muhabirine, ailesinde babas\u0131, amcas\u0131 ve dedesinin karakucak g\u00fcre\u015fiyle ilgilendi\u011fini s\u00f6yledi. Babas\u0131 ve amcas\u0131n\u0131n lise d\u00f6neminde okulda s\u00fcrekli g\u00fcre\u015fti\u011fini dile getiren \u00d6zen, &#8220;Onlar g\u00fcre\u015fe ge\u00e7 ya\u015fta ba\u015flad\u0131klar\u0131 i\u00e7in derece yapamad\u0131lar. Bizim derece yapmam\u0131z\u0131 istedikleri i\u00e7in k\u00fc\u00e7\u00fck ya\u015fta g\u00fcre\u015fe g\u00f6nderdiler. Bu y\u0131l T\u00fcrkiye ikincisi oldum. Alt\u0131n madalyay\u0131 kazanamad\u0131\u011f\u0131m i\u00e7in \u00fcz\u00fcld\u00fcm. Daha iyisini yapabilece\u011fime inan\u0131yorum. Daha \u00f6nce 15 Ya\u015f Alt\u0131 T\u00fcrkiye \u015eampiyonas\u0131&#8217;nda \u00fc\u00e7\u00fcnc\u00fcl\u00fck elde ettim. Hedefim olimpiyatlara kat\u0131larak \u015fampiyon olmak.&#8221; diye konu\u015ftu.<\/p>\n\n\n\n<p class=\"wp-block-paragraph\">&#8220;Spor hayat\u0131mda \u00f6nemli dereceler elde etmek istiyorum&#8221;<\/p>\n\n\n\n<p class=\"wp-block-paragraph\">Antrenmanlarda \u00e7o\u011funlukla kuzeniyle \u00e7al\u0131\u015ft\u0131\u011f\u0131n\u0131 dile getiren Vahap Ali, &#8220;Babam ve amcam 30 y\u0131l \u00f6nce lisenin bodrumunda g\u00fcre\u015f yap\u0131yordu, biz de T\u00fcrkiye Olimpiyat Haz\u0131rl\u0131k Merkezi&#8217;nde antrenman yap\u0131yoruz. Onlar gibi beden e\u011fitimi \u00f6\u011fretmeni olmak ve spor hayat\u0131mda \u00f6nemli dereceler elde etmek istiyorum.&#8221; dedi.<\/p>\n\n\n\n<p class=\"wp-block-paragraph\">Milli g\u00fcre\u015f\u00e7i H\u00fcseyin Emir \u00d6zen (18) ise babas\u0131 ve amcas\u0131n\u0131n y\u00f6nlendirmesiyle ba\u015flad\u0131\u011f\u0131 g\u00fcre\u015fte antrenmanlar\u0131n\u0131 aksatmadan s\u00fcrd\u00fcrd\u00fc\u011f\u00fcn\u00fc s\u00f6yledi.<\/p>\n\n\n\n<p class=\"wp-block-paragraph\">T\u00fcrkiye \u015fampiyonas\u0131 ve okul sporlar\u0131 organizasyonlar\u0131nda dereceler elde etti\u011fini belirten \u00d6zen, &#8220;Ge\u00e7en y\u0131l Okullar Aras\u0131 G\u00fcre\u015f \u015eampiyonas\u0131&#8217;nda T\u00fcrkiye ikincisi, 20 Ya\u015f Alt\u0131 T\u00fcrkiye \u015eampiyonas\u0131&#8217;nda ise \u00fc\u00e7\u00fcnc\u00fc oldum. \u015eu an 20 Ya\u015f Alt\u0131 T\u00fcrkiye \u015eampiyonas\u0131&#8217;na haz\u0131rlan\u0131yorum. Antrenmanlar\u0131 daha \u00e7ok kuzenimle yap\u0131yorum.&#8221; ifadelerini kulland\u0131.<\/p>\n\n\n\n<p class=\"wp-block-paragraph\">Gen\u00e7 sporcular\u0131n antren\u00f6r\u00fc Ahmet \u00d6zdemir de kuzenlerin 6-7 ya\u015flar\u0131ndan itibaren g\u00fcre\u015fle ilgilendi\u011fini s\u00f6yledi.<\/p>\n\n\n\n<p class=\"wp-block-paragraph\">Vahap Ali \u00d6zen&#8217;in bu y\u0131l Kocaeli&#8217;nin Dar\u0131ca il\u00e7esinde d\u00fczenlenen \u015fampiyonada T\u00fcrkiye ikincisi olarak milli tak\u0131m kamp\u0131na davet edildi\u011fini aktaran \u00d6zdemir, &#8220;\u00d6n\u00fcm\u00fczdeki d\u00f6nemde 17 Ya\u015f Alt\u0131 T\u00fcrkiye \u015eampiyonas\u0131&#8217;na kat\u0131lacak. Burada \u015fampiyon olmas\u0131 halinde d\u00fcnya \u015fampiyonas\u0131nda \u00fclkemizi temsil etme hakk\u0131 elde edecek.&#8221; dedi.<\/p>\n\n\n\n<p class=\"wp-block-paragraph\">Haftan\u0131n 6 g\u00fcn\u00fc antrenman yap\u0131yorlar<\/p>\n\n\n\n<p class=\"wp-block-paragraph\">Malatya Sporcu E\u011fitim Merkezi \u0130l Bran\u015f Sorumlusu ve G\u00fcre\u015f Antren\u00f6r\u00fc Mehmet G\u00fczel ise merkezde ba\u015far\u0131l\u0131 sporcular\u0131n yeti\u015ftirilmesi i\u00e7in \u00e7al\u0131\u015fmalar y\u00fcr\u00fctt\u00fcklerini belirtti.<\/p>\n\n\n\n<p class=\"wp-block-paragraph\">Merkeze belirli kriterleri kar\u015f\u0131layan sporcular\u0131n kabul edildi\u011fini ifade eden G\u00fczel, &#8220;Antren\u00f6rlerimiz sporcular\u0131m\u0131z\u0131 en iyi \u015fekilde yeti\u015ftirerek T\u00fcrk sporuna kazand\u0131rmaya \u00e7al\u0131\u015f\u0131yor. Hedefimiz olimpiyatlarda \u00fclkemize ve Malatya&#8217;ya yeni ba\u015far\u0131lar kazand\u0131rmak. Sporcular\u0131m\u0131z haftan\u0131n 6 g\u00fcn\u00fc antrenman yap\u0131yor.&#8221; de\u011ferlendirmesinde bulundu.<\/p>\n","protected":false},"excerpt":{"rendered":"<p>Malatya&#8217;da iki karde\u015fin \u00e7ocuklar\u0131, g\u00fcre\u015f sporunda ba\u015far\u0131 i\u00e7in azimle antrenman yap\u0131yor. Malatya&#8216;da yakla\u015f\u0131k 30 y\u0131l&#8230;<\/p>\n","protected":false},"author":1,"featured_media":913,"comment_status":"open","ping_status":"open","sticky":false,"template":"","format":"standard","meta":{"footnotes":""},"categories":[15],"tags":[],"class_list":["post-912","post","type-post","status-publish","format-standard","has-post-thumbnail","hentry","category-spor"],"_links":{"self":[{"href":"https:\/\/gundem44.com.tr\/index.php?rest_route=\/wp\/v2\/posts\/912","targetHints":{"allow":["GET"]}}],"collection":[{"href":"https:\/\/gundem44.com.tr\/index.php?rest_route=\/wp\/v2\/posts"}],"about":[{"href":"https:\/\/gundem44.com.tr\/index.php?rest_route=\/wp\/v2\/types\/post"}],"author":[{"embeddable":true,"href":"https:\/\/gundem44.com.tr\/index.php?rest_route=\/wp\/v2\/users\/1"}],"replies":[{"embeddable":true,"href":"https:\/\/gundem44.com.tr\/index.php?rest_route=%2Fwp%2Fv2%2Fcomments&post=912"}],"version-history":[{"count":1,"href":"https:\/\/gundem44.com.tr\/index.php?rest_route=\/wp\/v2\/posts\/912\/revisions"}],"predecessor-version":[{"id":914,"href":"https:\/\/gundem44.com.tr\/index.php?rest_route=\/wp\/v2\/posts\/912\/revisions\/914"}],"wp:featuredmedia":[{"embeddable":true,"href":"https:\/\/gundem44.com.tr\/index.php?rest_route=\/wp\/v2\/media\/913"}],"wp:attachment":[{"href":"https:\/\/gundem44.com.tr\/index.php?rest_route=%2Fwp%2Fv2%2Fmedia&parent=912"}],"wp:term":[{"taxonomy":"category","embeddable":true,"href":"https:\/\/gundem44.com.tr\/index.php?rest_route=%2Fwp%2Fv2%2Fcategories&post=912"},{"taxonomy":"post_tag","embeddable":true,"href":"https:\/\/gundem44.com.tr\/index.php?rest_route=%2Fwp%2Fv2%2Ftags&post=912"}],"curies":[{"name":"wp","href":"https:\/\/api.w.org\/{rel}","templated":true}]}}