{"id":91,"date":"2026-06-02T10:54:00","date_gmt":"2026-06-02T10:54:00","guid":{"rendered":"https:\/\/gundem44.com.tr\/?p=91"},"modified":"2026-06-02T10:54:01","modified_gmt":"2026-06-02T10:54:01","slug":"gunedogruda-mezarlik-temizligi","status":"publish","type":"post","link":"https:\/\/gundem44.com.tr\/?p=91","title":{"rendered":"G\u00fcnedo\u011fru&#8217;da Mezarl\u0131k Temizli\u011fi"},"content":{"rendered":"\n<p class=\"wp-block-paragraph\">Malatya&#8217;n\u0131n G\u00fcnedo\u011fru Mahallesi&#8217;nde halk, mezarl\u0131k bak\u0131m \u00e7al\u0131\u015fmas\u0131 i\u00e7in bir araya geldi.<\/p>\n\n\n\n<p class=\"wp-block-paragraph\"><a href=\"https:\/\/www.sondakika.com\/malatya\/\">Malatya<\/a>&#8216;n\u0131n Do\u011fan\u015fehir il\u00e7esine ba\u011fl\u0131 G\u00fcnedo\u011fru Mahallesi&#8217;nde mezarl\u0131k bak\u0131m ve temizlik \u00e7al\u0131\u015fmas\u0131 ger\u00e7ekle\u015ftirildi.<\/p>\n\n\n\n<p class=\"wp-block-paragraph\">Mahallede trakt\u00f6r\u00fc bulunan vatanda\u015flar, imece usul\u00fcyle bir araya gelerek mezarl\u0131k alan\u0131n\u0131 yabani otlardan ar\u0131nd\u0131rmak ve d\u00fczenlemek i\u00e7in kollar\u0131 s\u0131vad\u0131.<\/p>\n\n\n\n<p class=\"wp-block-paragraph\">Trakt\u00f6rlerinin arkas\u0131na ba\u011flad\u0131klar\u0131 t\u0131rm\u0131klarla mezarl\u0131k alan\u0131na giren k\u00f6yl\u00fcler, topra\u011f\u0131 s\u00fcrerek \u00e7evre d\u00fczenlemesini yapt\u0131, yakla\u015fan yaz aylar\u0131 \u00f6ncesinde olas\u0131 yang\u0131n risklerine kar\u015f\u0131 g\u00fcvenli hale getirdi.<\/p>\n\n\n\n<p class=\"wp-block-paragraph\">G\u00fcnedo\u011fru Mahalle Muhtar\u0131 M\u00fcnir Akba\u015f, her y\u0131l geleneksel hale getirdikleri mezarl\u0131k d\u00fczenleme i\u015fini ger\u00e7ekle\u015ftirdiklerini belirterek, &#8220;Ge\u00e7mi\u015flerimizin yatt\u0131\u011f\u0131 bu alan\u0131 temiz tutmak bizim vefa borcumuzdur. Trakt\u00f6r\u00fcn\u00fc kap\u0131p gelen, eme\u011fi ve deste\u011fi olan t\u00fcm k\u00f6yl\u00fclerime te\u015fekk\u00fcr ediyorum.&#8221; dedi.<\/p>\n","protected":false},"excerpt":{"rendered":"<p>Malatya&#8217;n\u0131n G\u00fcnedo\u011fru Mahallesi&#8217;nde halk, mezarl\u0131k bak\u0131m \u00e7al\u0131\u015fmas\u0131 i\u00e7in bir araya geldi. Malatya&#8216;n\u0131n Do\u011fan\u015fehir il\u00e7esine ba\u011fl\u0131&#8230;<\/p>\n","protected":false},"author":1,"featured_media":92,"comment_status":"open","ping_status":"open","sticky":false,"template":"","format":"standard","meta":{"footnotes":""},"categories":[18],"tags":[],"class_list":["post-91","post","type-post","status-publish","format-standard","has-post-thumbnail","hentry","category-guncel"],"_links":{"self":[{"href":"https:\/\/gundem44.com.tr\/index.php?rest_route=\/wp\/v2\/posts\/91","targetHints":{"allow":["GET"]}}],"collection":[{"href":"https:\/\/gundem44.com.tr\/index.php?rest_route=\/wp\/v2\/posts"}],"about":[{"href":"https:\/\/gundem44.com.tr\/index.php?rest_route=\/wp\/v2\/types\/post"}],"author":[{"embeddable":true,"href":"https:\/\/gundem44.com.tr\/index.php?rest_route=\/wp\/v2\/users\/1"}],"replies":[{"embeddable":true,"href":"https:\/\/gundem44.com.tr\/index.php?rest_route=%2Fwp%2Fv2%2Fcomments&post=91"}],"version-history":[{"count":1,"href":"https:\/\/gundem44.com.tr\/index.php?rest_route=\/wp\/v2\/posts\/91\/revisions"}],"predecessor-version":[{"id":93,"href":"https:\/\/gundem44.com.tr\/index.php?rest_route=\/wp\/v2\/posts\/91\/revisions\/93"}],"wp:featuredmedia":[{"embeddable":true,"href":"https:\/\/gundem44.com.tr\/index.php?rest_route=\/wp\/v2\/media\/92"}],"wp:attachment":[{"href":"https:\/\/gundem44.com.tr\/index.php?rest_route=%2Fwp%2Fv2%2Fmedia&parent=91"}],"wp:term":[{"taxonomy":"category","embeddable":true,"href":"https:\/\/gundem44.com.tr\/index.php?rest_route=%2Fwp%2Fv2%2Fcategories&post=91"},{"taxonomy":"post_tag","embeddable":true,"href":"https:\/\/gundem44.com.tr\/index.php?rest_route=%2Fwp%2Fv2%2Ftags&post=91"}],"curies":[{"name":"wp","href":"https:\/\/api.w.org\/{rel}","templated":true}]}}