{"id":900,"date":"2026-06-24T22:45:31","date_gmt":"2026-06-24T22:45:31","guid":{"rendered":"https:\/\/gundem44.com.tr\/?p=900"},"modified":"2026-06-24T22:45:31","modified_gmt":"2026-06-24T22:45:31","slug":"mtu-tip-fakultesi-ilk-mezunlarini-verdi","status":"publish","type":"post","link":"https:\/\/gundem44.com.tr\/?p=900","title":{"rendered":"MT\u00dc T\u0131p Fak\u00fcltesi ilk mezunlar\u0131n\u0131 verdi"},"content":{"rendered":"\n<p class=\"wp-block-paragraph\">Malatya Turgut \u00d6zal \u00dcniversitesi (MT\u00dc) T\u0131p Fak\u00fcltesi, 2025-2026 akademik y\u0131l\u0131 sonunda ilk mezunlar\u0131n\u0131 verdi.<\/p>\n\n\n\n<p class=\"wp-block-paragraph\"><a href=\"https:\/\/www.sondakika.com\/malatya\/\">Malatya<\/a>&nbsp;Turgut \u00d6zal \u00dcniversitesi (MT\u00dc) T\u0131p Fak\u00fcltesi, 2025-2026 akademik y\u0131l\u0131 sonunda ilk mezunlar\u0131n\u0131 verdi. 22 Haziran 2026 Pazartesi g\u00fcn\u00fc saat 14.00&#8217;te Battalgazi Yerle\u015fkesi&#8217;nde d\u00fczenlenen t\u00f6rende, fak\u00fclteden mezun olan 46 gen\u00e7 hekim meslek hayat\u0131na u\u011furland\u0131. \u00dcniversite tarihinde \u00f6nemli bir d\u00f6n\u00fcm noktas\u0131 olarak kayda ge\u00e7en t\u00f6rende mezun \u00f6\u011frenciler, diploma alman\u0131n heyecan\u0131n\u0131 aileleri, akademisyenler ve protokol \u00fcyeleriyle birlikte ya\u015fad\u0131.<\/p>\n\n\n\n<p class=\"wp-block-paragraph\">T\u00f6rene; Malatya Valisi Seddar Yavuz, Malatya B\u00fcy\u00fck\u015fehir Belediye Ba\u015fkan\u0131 Sami Er, MT\u00dc Rekt\u00f6r\u00fc Prof. Dr. Recep Bentli, Ye\u015filyurt Belediye Ba\u015fkan Yard\u0131mc\u0131s\u0131 Hasan Atay, \u0130n\u00f6n\u00fc \u00dcniversitesi T\u0131p Fak\u00fcltesi Dekan\u0131 Prof. Dr. Mehmet Aslan, Rekt\u00f6r Yard\u0131mc\u0131lar\u0131 Prof. Dr. Orhan G\u00fcnd\u00fcz ile Prof. Dr. \u0130lhan Erdem, T\u0131p Fak\u00fcltesi Dekan\u0131 ve Rekt\u00f6r Yard\u0131mc\u0131s\u0131 Prof. Dr. Ahmet Selim \u00d6zkan, Malatya Tabip Odas\u0131 Ba\u015fkan\u0131 Prof. Dr. Ahmet K\u0131z\u0131lay, Malatya \u0130l Sa\u011fl\u0131k M\u00fcd\u00fcr\u00fc Cezmi Karaca, Malatya Adli T\u0131p Grup Ba\u015fkan\u0131 Do\u00e7. Dr. M\u00fccahit Oru\u00e7, Malatya Ye\u015filyurt Hasan \u00c7al\u0131k Devlet Hastanesi Ba\u015fhekimi Do\u00e7. Dr. Rabia Aydo\u011fan Baykara, Malatya Battalgazi Devlet Hastanesi Ba\u015fhekimi Uzm. Dr. Abdullah Ercan, kamu kurum ve kurulu\u015flar\u0131n\u0131n temsilcileri, akademik ve idari personel ile \u00f6\u011frenciler ve aileleri kat\u0131ld\u0131.<\/p>\n\n\n\n<p class=\"wp-block-paragraph\">Sayg\u0131 duru\u015fu ve \u0130stiklal Mar\u015f\u0131&#8217;n\u0131n okunmas\u0131yla ba\u015flayan programda, mezun \u00f6\u011frencilerin e\u011fitim s\u00fcre\u00e7lerini anlatan tan\u0131t\u0131m ve an\u0131 videolar\u0131 davetlilerle payla\u015f\u0131ld\u0131.<\/p>\n\n\n\n<p class=\"wp-block-paragraph\">Fak\u00fclte Birincisi Aleyna Son&#8217;dan Anlaml\u0131 Konu\u015fma<\/p>\n\n\n\n<p class=\"wp-block-paragraph\">Programda ilk olarak fak\u00fclteyi birincilikle tamamlayan D\u00f6nem Birincisi Aleyna Son, mezun \u00f6\u011frenciler ad\u0131na konu\u015fma yapt\u0131. Hekimli\u011fin yaln\u0131zca teorik bilgiden ibaret olmad\u0131\u011f\u0131n\u0131 belirten Son, bu mesle\u011fin bilgiyi vicdanla birle\u015ftirme sorumlulu\u011fu ta\u015f\u0131d\u0131\u011f\u0131n\u0131 ifade etti.Son, konu\u015fmas\u0131nda Cumhuriyetin sundu\u011fu imkanlara ve Gazi Mustafa Kemal Atat\u00fcrk&#8217;\u00fcn gen\u00e7li\u011fe verdi\u011fi \u00f6neme dikkat \u00e7ekerek, e\u011fitim hayat\u0131 boyunca kendisine destek olan hocalar\u0131na, ailesine ve arkada\u015flar\u0131na te\u015fekk\u00fcr etti.<\/p>\n\n\n\n<p class=\"wp-block-paragraph\">Dekan \u00d6zkan: &#8220;MT\u00dc T\u0131p Fak\u00fcltesi \u0130lk Mezunlar\u0131yla Tarihi Bir Gurur Ya\u015f\u0131yor&#8221;<\/p>\n\n\n\n<p class=\"wp-block-paragraph\">MT\u00dc T\u0131p Fak\u00fcltesi Dekan\u0131 Prof. Dr. Ahmet Selim \u00d6zkan, konu\u015fmas\u0131nda fak\u00fcltenin ilk mezunlar\u0131n\u0131 vermesinin hem \u00fcniversite hem de Malatya i\u00e7in tarihi bir anlam ta\u015f\u0131d\u0131\u011f\u0131n\u0131 belirtti. \u00dcniversitenin ad\u0131n\u0131 ta\u015f\u0131d\u0131\u011f\u0131 8. Cumhurba\u015fkan\u0131 merhum Turgut \u00d6zal&#8217;\u0131 rahmet ve \u015f\u00fckranla anan \u00d6zkan, b\u00f6yle anlaml\u0131 bir g\u00fcnde gen\u00e7 hekimleri mezun etmenin b\u00fcy\u00fck bir gurur oldu\u011funu ifade etti.<\/p>\n\n\n\n<p class=\"wp-block-paragraph\">Gen\u00e7 hekimlere seslenen \u00d6zkan, devletin e\u011fitim ve sa\u011fl\u0131k alan\u0131nda yapt\u0131\u011f\u0131 yat\u0131r\u0131mlar\u0131n k\u0131ymetinin bilinmesi gerekti\u011fini vurgulad\u0131. Malatya&#8217;n\u0131n 6 \u015eubat depremlerinden etkilenen \u015fehirlerden biri oldu\u011funu hat\u0131rlatan \u00d6zkan, Cumhurba\u015fkan\u0131 Recep Tayyip Erdo\u011fan&#8217;\u0131n liderli\u011finde, bakanl\u0131klar\u0131n, yerel y\u00f6neticilerin ve kurumlar\u0131n katk\u0131lar\u0131yla kentin yeniden aya\u011fa kald\u0131r\u0131lmas\u0131 i\u00e7in b\u00fcy\u00fck bir gayret g\u00f6sterildi\u011fini s\u00f6yledi. Bu s\u00fcre\u00e7te sa\u011fl\u0131k alan\u0131ndaki yat\u0131r\u0131mlar\u0131n da h\u0131z kesmeden devam etti\u011fine dikkat \u00e7eken \u00d6zkan, T\u00fcrkiye&#8217;nin sa\u011fl\u0131k altyap\u0131s\u0131 bak\u0131m\u0131ndan d\u00fcnyadaki bir\u00e7ok \u00fclkeye k\u0131yasla \u00f6nemli imkanlara sahip oldu\u011funu dile getirdi.<\/p>\n\n\n\n<p class=\"wp-block-paragraph\">Hekimlik mesle\u011finin yaln\u0131zca akademik bilgiyle s\u0131n\u0131rl\u0131 olmad\u0131\u011f\u0131n\u0131 belirten \u00d6zkan, bu mesle\u011fin ayn\u0131 zamanda fedakarl\u0131k, sorumluluk, vicdan ve insan sevgisi gerektirdi\u011fini ifade etti. Mezunlara, meslek hayatlar\u0131nda hastalara kar\u015f\u0131 her zaman sayg\u0131l\u0131, anlay\u0131\u015fl\u0131 ve merhametli olmalar\u0131 tavsiyesinde bulunan \u00d6zkan, \u00f6zellikle sa\u011fl\u0131k hizmeti sunarken insan\u0131 merkeze alan bir yakla\u015f\u0131m\u0131n \u00f6nemine dikkat \u00e7ekti.<\/p>\n\n\n\n<p class=\"wp-block-paragraph\">\u00d6zkan, gen\u00e7 hekimlere kar\u015f\u0131la\u015facaklar\u0131 her hastaya kendi ailelerinden biri gibi yakla\u015fmalar\u0131 gerekti\u011fini belirterek, &#8220;B\u00fcy\u00fcklerinizle kar\u015f\u0131la\u015ft\u0131\u011f\u0131n\u0131zda anne ve baban\u0131za g\u00f6sterdi\u011finiz h\u00fcrmeti, k\u00fc\u00e7\u00fcklerle kar\u015f\u0131la\u015ft\u0131\u011f\u0131n\u0131zda ise karde\u015flerinize ve evlatlar\u0131n\u0131za g\u00f6sterdi\u011finiz sevgiyi g\u00f6stermeniz gerekir&#8221; mesaj\u0131n\u0131 verdi. Hekimli\u011fin insana dokunan y\u00f6n\u00fcn\u00fcn asla unutulmamas\u0131 gerekti\u011fini vurgulayan \u00d6zkan, bilginin ancak vicdan ve merhametle birle\u015fti\u011finde ger\u00e7ek anlamda \u015fifaya d\u00f6n\u00fc\u015fece\u011fini kaydetti.<\/p>\n\n\n\n<p class=\"wp-block-paragraph\">Konu\u015fmas\u0131nda gen\u00e7 hekimlerin \u00fclkelerine ve milletlerine kar\u015f\u0131 sorumluluklar\u0131na da de\u011finen \u00d6zkan, yeti\u015fmi\u015f insan g\u00fcc\u00fcn\u00fcn T\u00fcrkiye i\u00e7in b\u00fcy\u00fck bir de\u011fer oldu\u011funu s\u00f6yledi. Mezunlar\u0131n, ald\u0131klar\u0131 nitelikli e\u011fitimi \u00fclkenin ve toplumun hizmetine sunmalar\u0131n\u0131n \u00f6nemine i\u015faret eden \u00d6zkan, gen\u00e7 hekimlerin g\u00f6rev yapacaklar\u0131 her yerde mesleklerinin onuruna yak\u0131\u015f\u0131r bi\u00e7imde hareket edeceklerine inand\u0131\u011f\u0131n\u0131 ifade etti.<\/p>\n\n\n\n<p class=\"wp-block-paragraph\">\u00d6zkan, konu\u015fmas\u0131n\u0131n sonunda ba\u015fta MT\u00dc Rekt\u00f6r\u00fc Prof. Dr. Recep Bentli olmak \u00fczere \u00fcniversite y\u00f6netimine, fak\u00fcltenin akademik ve idari kadrosuna, \u00f6\u011frencilerin yeti\u015fmesinde eme\u011fi bulunan t\u00fcm hocalara ve b\u00fcy\u00fck fedakarl\u0131klarla \u00e7ocuklar\u0131n\u0131n yan\u0131nda olan ailelere te\u015fekk\u00fcr etti. \u0130lk mezunlar\u0131n\u0131 veren MT\u00dc T\u0131p Fak\u00fcltesinin bundan sonraki s\u00fcre\u00e7te de nitelikli, donan\u0131ml\u0131, vicdan sahibi ve topluma faydal\u0131 hekimler yeti\u015ftirmeye devam edece\u011fini belirten \u00d6zkan, mezun gen\u00e7 hekimlere meslek hayatlar\u0131nda ba\u015far\u0131lar diledi.<\/p>\n\n\n\n<p class=\"wp-block-paragraph\">Rekt\u00f6r Bentli: &#8220;Sa\u011fl\u0131kta Yapay Zeka Malatya \u0130\u00e7in Yeni Bir Vizyon Alan\u0131&#8221;<\/p>\n\n\n\n<p class=\"wp-block-paragraph\">MT\u00dc Rekt\u00f6r\u00fc Prof. Dr. Recep Bentli, konu\u015fmas\u0131nda T\u0131p Fak\u00fcltesinin ilk mezunlar\u0131n\u0131 vermesinin \u00fcniversite tarihi a\u00e7\u0131s\u0131ndan son derece anlaml\u0131 bir g\u00fcn oldu\u011funu belirtti. Mezun \u00f6\u011frencilerin yaln\u0131zca bir fak\u00fclteden mezun olmad\u0131klar\u0131n\u0131, ayn\u0131 zamanda MT\u00dc T\u0131p Fak\u00fcltesinin ilk mezunlar\u0131 olarak \u00fcniversitenin kurumsal haf\u0131zas\u0131nda \u00f6zel bir yer edindiklerini ifade eden Bentli, gen\u00e7 hekimlerin isimlerinin bu tarihi ba\u015flang\u0131\u00e7la birlikte daima hat\u0131rlanaca\u011f\u0131n\u0131 s\u00f6yledi.<\/p>\n\n\n\n<p class=\"wp-block-paragraph\">MT\u00dc T\u0131p Fak\u00fcltesinin ilk mezunlar\u0131n\u0131 vermesinin hem \u00fcniversite hem de \u015fehir ad\u0131na \u00f6nemli bir d\u00f6n\u00fcm noktas\u0131 oldu\u011funu vurgulayan Rekt\u00f6r Bentli, mezunlar\u0131n zorluklarla, eksikliklerle ve b\u00fcy\u00fck emeklerle y\u00fcr\u00fct\u00fclen bir e\u011fitim s\u00fcrecini ba\u015far\u0131yla tamamlad\u0131klar\u0131n\u0131 belirtti. Bentli, ilk mezun olman\u0131n beraberinde ayr\u0131 bir sorumluluk ve ayr\u0131 bir gurur ta\u015f\u0131d\u0131\u011f\u0131n\u0131 ifade ederek gen\u00e7 hekimleri tebrik etti.<\/p>\n\n\n\n<p class=\"wp-block-paragraph\">Konu\u015fmas\u0131nda sa\u011fl\u0131kta yapay zeka \u00e7al\u0131\u015fmalar\u0131na da geni\u015f yer ay\u0131ran Rekt\u00f6r Bentli, Malatya Turgut \u00d6zal \u00dcniversitesinin bu alanda \u00f6nemli bir vizyon ortaya koydu\u011funu s\u00f6yledi. \u00dcniversite olarak son \u00fc\u00e7 y\u0131ld\u0131r sa\u011fl\u0131kta yapay zeka konusunda \u00e7al\u0131\u015ftaylar d\u00fczenlediklerini belirten Bentli, t\u0131p fak\u00fcltesi akademisyenleri ile m\u00fchendislik ve yaz\u0131l\u0131m alan\u0131ndaki \u00f6\u011fretim elemanlar\u0131n\u0131n ortak \u00e7al\u0131\u015fmalar\u0131yla bu alanda g\u00fc\u00e7l\u00fc bir akademik birikim olu\u015fturmay\u0131 hedeflediklerini kaydetti.<\/p>\n\n\n\n<p class=\"wp-block-paragraph\">Bentli, Malatya&#8217;n\u0131n sa\u011fl\u0131k alan\u0131ndaki potansiyeline dikkat \u00e7ekerek, \u0130n\u00f6n\u00fc \u00dcniversitesi T\u0131p Fak\u00fcltesinin \u00f6zellikle karaci\u011fer nakli ba\u015fta olmak \u00fczere baz\u0131 alanlarda T\u00fcrkiye&#8217;nin \u00f6nemli merkezlerinden biri oldu\u011funu hat\u0131rlatt\u0131. MT\u00dc olarak kendilerinin de sa\u011fl\u0131kta yapay zeka alan\u0131nda \u00f6ne \u00e7\u0131kmay\u0131 hedeflediklerini belirten Bentli, bu vizyonla Malatya&#8217;n\u0131n sa\u011fl\u0131k alan\u0131ndaki konumunu daha da g\u00fc\u00e7lendirmek istediklerini ifade etti.<\/p>\n\n\n\n<p class=\"wp-block-paragraph\">Yapay zekan\u0131n sa\u011fl\u0131k hizmetlerinde giderek daha \u00f6nemli bir yere sahip oldu\u011funu belirten Rekt\u00f6r Bentli, D\u00fcnya Sa\u011fl\u0131k \u00d6rg\u00fct\u00fc&#8217;n\u00fcn 2030 y\u0131l\u0131na kadar d\u00fcnyada yakla\u015f\u0131k 11 milyon sa\u011fl\u0131k \u00e7al\u0131\u015fan\u0131 a\u00e7\u0131\u011f\u0131 olu\u015faca\u011f\u0131n\u0131 \u00f6ng\u00f6rd\u00fc\u011f\u00fcn\u00fc hat\u0131rlatt\u0131. Bu nedenle iyi yeti\u015fmi\u015f hekimlere ve sa\u011fl\u0131k \u00e7al\u0131\u015fanlar\u0131na duyulan ihtiyac\u0131n her ge\u00e7en g\u00fcn artaca\u011f\u0131n\u0131 vurgulayan Bentli, kronik hastal\u0131klar\u0131n artmas\u0131, ya\u015flanan n\u00fcfus, sa\u011fl\u0131k hizmetlerine eri\u015fim talebinin y\u00fckselmesi ve yeni sa\u011fl\u0131k sorunlar\u0131n\u0131n ortaya \u00e7\u0131kmas\u0131n\u0131n sa\u011fl\u0131k sistemleri \u00fczerinde ciddi bir bask\u0131 olu\u015fturdu\u011funu s\u00f6yledi.<\/p>\n\n\n\n<p class=\"wp-block-paragraph\">Rekt\u00f6r Bentli, yapay zekan\u0131n hekimlik mesle\u011fini ortadan kald\u0131rmayaca\u011f\u0131n\u0131, aksine do\u011fru kullan\u0131ld\u0131\u011f\u0131nda hekimlerin daha h\u0131zl\u0131, daha isabetli ve daha nitelikli sa\u011fl\u0131k hizmeti sunmas\u0131na katk\u0131 sa\u011flayaca\u011f\u0131n\u0131 belirtti. Yapay zekan\u0131n tan\u0131 s\u00fcre\u00e7lerinde, g\u00f6r\u00fcnt\u00fcleme de\u011ferlendirmelerinde, karar destek sistemlerinde ve hasta takibinde g\u00fc\u00e7l\u00fc bir yard\u0131mc\u0131 olabilece\u011fini ifade eden Bentli, buna ra\u011fmen hastan\u0131n korkusunu anlayan, ailenin kayg\u0131s\u0131n\u0131 g\u00f6ren, etik sorumlulu\u011fu \u00fcstlenen ve kritik kararlar\u0131n insani y\u00f6n\u00fcn\u00fc ta\u015f\u0131yan g\u00fcc\u00fcn yine hekimler oldu\u011funu vurgulad\u0131.<\/p>\n\n\n\n<p class=\"wp-block-paragraph\">Gelece\u011fin ba\u015far\u0131l\u0131 hekimlerinin yapay zekadan korkan de\u011fil, onu bilen, do\u011fru kullanan, denetleyen ve insan yarar\u0131na y\u00f6nlendiren hekimler olaca\u011f\u0131n\u0131 dile getiren Bentli, t\u0131p e\u011fitiminin bundan sonraki hedeflerinden birinin de dijital teknolojileri etik ve sorumluluk bilinciyle kullanabilen hekimler yeti\u015ftirmek oldu\u011funu s\u00f6yledi.<\/p>\n\n\n\n<p class=\"wp-block-paragraph\">Gen\u00e7 hekimlere meslek hayatlar\u0131na ili\u015fkin tavsiyelerde de bulunan Rekt\u00f6r Bentli, hekimli\u011fin uzun, zorlu ve s\u00fcrekli \u00f6\u011frenmeyi gerektiren bir yolculuk oldu\u011funu ifade etti. T\u0131p e\u011fitiminin yaln\u0131zca derslerde de\u011fil, hasta ba\u015f\u0131nda, kliniklerde, bilimsel d\u00fc\u015f\u00fcnceyle ve tecr\u00fcbeyle geli\u015fti\u011fini belirten Bentli, mezunlar\u0131n bundan sonraki s\u00fcre\u00e7te daha b\u00fcy\u00fck sorumluluklarla kar\u015f\u0131la\u015facaklar\u0131n\u0131 s\u00f6yledi.<\/p>\n\n\n\n<p class=\"wp-block-paragraph\">Bentli, gen\u00e7 hekimlere &#8220;Bilginiz g\u00fc\u00e7l\u00fc olsun; \u00e7\u00fcnk\u00fc t\u0131pta iyi niyet tek ba\u015f\u0131na yetmez. Vicdan\u0131n\u0131z g\u00fc\u00e7l\u00fc olsun; \u00e7\u00fcnk\u00fc bilgi vicdanla birle\u015fti\u011finde \u015fifaya d\u00f6n\u00fc\u015f\u00fcr. \u0130leti\u015fiminiz g\u00fc\u00e7l\u00fc olsun; \u00e7\u00fcnk\u00fc do\u011fru kurulmu\u015f bir ileti\u015fim, tedavi s\u00fcrecinin en \u00f6nemli par\u00e7alar\u0131ndan biridir. Tevazunuz g\u00fc\u00e7l\u00fc olsun; \u00e7\u00fcnk\u00fc hekimlikte \u00f6\u011frenme hi\u00e7bir zaman bitmez&#8221; mesaj\u0131n\u0131 verdi.<\/p>\n\n\n\n<p class=\"wp-block-paragraph\">Konu\u015fmas\u0131nda ailelere de te\u015fekk\u00fcr eden Rekt\u00f6r Bentli, \u00f6zellikle t\u0131p fak\u00fcltesi e\u011fitiminde ailelerin b\u00fcy\u00fck fedakarl\u0131klar \u00fcstlendi\u011fini ifade etti. Mezunlar\u0131n bug\u00fcnlere gelmesinde ailelerin sabr\u0131n\u0131n, deste\u011finin ve eme\u011finin b\u00fcy\u00fck pay\u0131 oldu\u011funu belirten Bentli, t\u00fcm aileleri tebrik etti.<\/p>\n\n\n\n<p class=\"wp-block-paragraph\">Bentli, konu\u015fmas\u0131n\u0131n sonunda \u00f6\u011frencilerin yeti\u015fmesinde eme\u011fi bulunan T\u0131p Fak\u00fcltesi akademisyenlerine, e\u011fitim s\u00fcrecine katk\u0131 sunan t\u00fcm hocalara ve \u00fcniversite \u00e7al\u0131\u015fanlar\u0131na te\u015fekk\u00fcr ederek ilk mezunlar\u0131n\u0131 veren MT\u00dc T\u0131p Fak\u00fcltesinin bundan sonraki y\u0131llarda da nitelikli, donan\u0131ml\u0131, vicdan sahibi ve \u00e7a\u011f\u0131n gereklerine uyum sa\u011flayabilen hekimler yeti\u015ftirmeye devam edece\u011fini s\u00f6yledi.<\/p>\n\n\n\n<p class=\"wp-block-paragraph\">Ba\u015fkan Er&#8217;den Mezun Hekimlere Ba\u015far\u0131 Dile\u011fi<\/p>\n\n\n\n<p class=\"wp-block-paragraph\">Malatya B\u00fcy\u00fck\u015fehir Belediye Ba\u015fkan\u0131 Sami Er, 8. Cumhurba\u015fkan\u0131 merhum Turgut \u00d6zal&#8217;\u0131n ad\u0131n\u0131 ta\u015f\u0131yan \u00fcniversitede ilk t\u0131p mezuniyetine tan\u0131kl\u0131k etmekten mutluluk duydu\u011funu belirtti. Malatya&#8217;n\u0131n deprem sonras\u0131 yeniden yap\u0131lanma s\u00fcrecine dikkat \u00e7eken Ba\u015fkan Er, sa\u011fl\u0131k alan\u0131ndaki yat\u0131r\u0131mlar\u0131n \u00f6nemine vurgu yapt\u0131. Gen\u00e7 hekimlere meslek hayatlar\u0131nda ba\u015far\u0131lar dileyen Er, hekimlik mesle\u011finin insan hayat\u0131na dokunan kutsal bir sorumluluk ta\u015f\u0131d\u0131\u011f\u0131n\u0131 belirterek hastalara kar\u015f\u0131 her zaman sayg\u0131, \u015fefkat ve nezaketle yakla\u015f\u0131lmas\u0131 gerekti\u011fini s\u00f6yledi.<\/p>\n\n\n\n<p class=\"wp-block-paragraph\">Vali Yavuz: &#8220;Hekimlik B\u00fcy\u00fck Fedakarl\u0131k \u0130steyen Bir Meslektir&#8221;<\/p>\n\n\n\n<p class=\"wp-block-paragraph\">Malatya Valisi Seddar Yavuz, konu\u015fmas\u0131na \u00fcniversiteye ad\u0131 verilen 8. Cumhurba\u015fkan\u0131 merhum Turgut \u00d6zal&#8217;\u0131 rahmet ve \u015f\u00fckranla anarak ba\u015flad\u0131. Turgut \u00d6zal&#8217;\u0131n T\u00fcrkiye&#8217;nin de\u011fi\u015fim ve d\u00f6n\u00fc\u015f\u00fcm s\u00fcrecinde \u00f6nemli bir devlet adam\u0131 oldu\u011funu ifade eden Vali Yavuz, onun ad\u0131n\u0131 ta\u015f\u0131yan \u00fcniversitenin ilk t\u0131p mezuniyet t\u00f6renine kat\u0131lmaktan memnuniyet duydu\u011funu s\u00f6yledi.<\/p>\n\n\n\n<p class=\"wp-block-paragraph\">Hekimlik mesle\u011finin b\u00fcy\u00fck fedakarl\u0131k, disiplin ve sorumluluk gerektirdi\u011fini belirten Yavuz, insan kayna\u011f\u0131n\u0131n niteli\u011finin art\u0131r\u0131lmas\u0131n\u0131n T\u00fcrkiye&#8217;nin gelece\u011fi a\u00e7\u0131s\u0131ndan b\u00fcy\u00fck \u00f6nem ta\u015f\u0131d\u0131\u011f\u0131n\u0131 dile getirdi.<\/p>\n\n\n\n<p class=\"wp-block-paragraph\">Konu\u015fmas\u0131nda yapay zeka, dijitalle\u015fme ve sanal ger\u00e7eklik gibi teknolojik geli\u015fmelere de de\u011finen Vali Yavuz, bu d\u00f6n\u00fc\u015f\u00fcm\u00fcn t\u0131p alan\u0131ndaki etkilerinin do\u011fru analiz edilmesi gerekti\u011fini ifade etti. Yavuz, gen\u00e7 hekimlere meslek hayatlar\u0131nda g\u00fc\u00e7l\u00fc ileti\u015fim kurmalar\u0131, yerel payda\u015flarla i\u015f birli\u011fi i\u00e7inde olmalar\u0131 ve g\u00f6rev yapt\u0131klar\u0131 her yerde insan odakl\u0131 hizmet anlay\u0131\u015f\u0131n\u0131 s\u00fcrd\u00fcrmeleri tavsiyesinde bulundu.<\/p>\n\n\n\n<p class=\"wp-block-paragraph\">Dereceye Giren \u00d6\u011frencilere \u00d6d\u00fcl Verildi<\/p>\n\n\n\n<p class=\"wp-block-paragraph\">Programda Sanat, Tasar\u0131m ve Mimarl\u0131k Fak\u00fcltesi M\u00fczik B\u00f6l\u00fcm\u00fc taraf\u0131ndan klasik m\u00fczik etkinli\u011fi ger\u00e7ekle\u015ftirildi. Ard\u0131ndan dereceye giren \u00f6\u011frencilere \u00f6d\u00fclleri takdim edildi.<\/p>\n\n\n\n<p class=\"wp-block-paragraph\">Fak\u00fclte b\u00fcnyesinde ilk \u00fc\u00e7e giren Dr. Aleyna Son, Dr. S\u00fcmeyye Bozkurt Bardak\u00e7\u0131 ve Dr. Hedra Olcay&#8217;a plaket, ba\u015far\u0131 belgesi ve hediyeleri protokol \u00fcyeleri taraf\u0131ndan verildi.<\/p>\n\n\n\n<p class=\"wp-block-paragraph\">MT\u00dc T\u0131p Fak\u00fcltesi 2025-2026 Akademik Y\u0131l\u0131 Mezuniyet T\u00f6reni, mezun \u00f6\u011frencilerin Hekimlik And\u0131n\u0131 okumas\u0131 ve keplerini havaya f\u0131rlatmas\u0131n\u0131n ard\u0131ndan toplu foto\u011fraf \u00e7ekimiyle sona erdi.<\/p>\n","protected":false},"excerpt":{"rendered":"<p>Malatya Turgut \u00d6zal \u00dcniversitesi (MT\u00dc) T\u0131p Fak\u00fcltesi, 2025-2026 akademik y\u0131l\u0131 sonunda ilk mezunlar\u0131n\u0131 verdi. Malatya&nbsp;Turgut&#8230;<\/p>\n","protected":false},"author":1,"featured_media":901,"comment_status":"open","ping_status":"open","sticky":false,"template":"","format":"standard","meta":{"footnotes":""},"categories":[18],"tags":[],"class_list":["post-900","post","type-post","status-publish","format-standard","has-post-thumbnail","hentry","category-guncel"],"_links":{"self":[{"href":"https:\/\/gundem44.com.tr\/index.php?rest_route=\/wp\/v2\/posts\/900","targetHints":{"allow":["GET"]}}],"collection":[{"href":"https:\/\/gundem44.com.tr\/index.php?rest_route=\/wp\/v2\/posts"}],"about":[{"href":"https:\/\/gundem44.com.tr\/index.php?rest_route=\/wp\/v2\/types\/post"}],"author":[{"embeddable":true,"href":"https:\/\/gundem44.com.tr\/index.php?rest_route=\/wp\/v2\/users\/1"}],"replies":[{"embeddable":true,"href":"https:\/\/gundem44.com.tr\/index.php?rest_route=%2Fwp%2Fv2%2Fcomments&post=900"}],"version-history":[{"count":1,"href":"https:\/\/gundem44.com.tr\/index.php?rest_route=\/wp\/v2\/posts\/900\/revisions"}],"predecessor-version":[{"id":902,"href":"https:\/\/gundem44.com.tr\/index.php?rest_route=\/wp\/v2\/posts\/900\/revisions\/902"}],"wp:featuredmedia":[{"embeddable":true,"href":"https:\/\/gundem44.com.tr\/index.php?rest_route=\/wp\/v2\/media\/901"}],"wp:attachment":[{"href":"https:\/\/gundem44.com.tr\/index.php?rest_route=%2Fwp%2Fv2%2Fmedia&parent=900"}],"wp:term":[{"taxonomy":"category","embeddable":true,"href":"https:\/\/gundem44.com.tr\/index.php?rest_route=%2Fwp%2Fv2%2Fcategories&post=900"},{"taxonomy":"post_tag","embeddable":true,"href":"https:\/\/gundem44.com.tr\/index.php?rest_route=%2Fwp%2Fv2%2Ftags&post=900"}],"curies":[{"name":"wp","href":"https:\/\/api.w.org\/{rel}","templated":true}]}}