{"id":88,"date":"2026-06-02T10:52:12","date_gmt":"2026-06-02T10:52:12","guid":{"rendered":"https:\/\/gundem44.com.tr\/?p=88"},"modified":"2026-06-02T10:52:12","modified_gmt":"2026-06-02T10:52:12","slug":"baskan-bozkurt-birlik-ve-beraberlik-kulturunu-yasatmaya-devam-edecegiz","status":"publish","type":"post","link":"https:\/\/gundem44.com.tr\/?p=88","title":{"rendered":"Ba\u015fkan Bozkurt: &#8220;Birlik ve beraberlik k\u00fclt\u00fcr\u00fcn\u00fc ya\u015fatmaya devam edece\u011fiz&#8221;"},"content":{"rendered":"\n<p class=\"wp-block-paragraph\">Malatya&#8217;n\u0131n Darende il\u00e7esinde d\u00fczenlenen 17. Geleneksel Hatun Ana Bulu\u015fmas\u0131 ve Anma Etkinli\u011fi, birlik ve dayan\u0131\u015fma vurgusuyla yap\u0131ld\u0131. Etkinlikte adak kurbanlar\u0131 kesilip y\u00f6resel yemek ikram edildi, belediye ba\u015fkan\u0131 altyap\u0131 \u00e7al\u0131\u015fmalar\u0131n\u0131 anlatt\u0131.<\/p>\n\n\n\n<p class=\"wp-block-paragraph\"><a href=\"https:\/\/www.sondakika.com\/malatya\/\">Malatya<\/a>&#8216;n\u0131n&nbsp;<a href=\"https:\/\/www.sondakika.com\/darende\/\">Darende<\/a>&nbsp;il\u00e7esine ba\u011fl\u0131 Kerimli Yaylas\u0131&#8217;nda d\u00fczenlenen 17. Geleneksel Hatun Ana Bulu\u015fmas\u0131 ve Anma Etkinli\u011fi, yo\u011fun kat\u0131l\u0131mla ger\u00e7ekle\u015ftirildi. Programda konu\u015fan Darende Belediye Ba\u015fkan\u0131 Alican&nbsp;<a href=\"https:\/\/www.sondakika.com\/bozkurt\/\">Bozkurt<\/a>, etkinli\u011fin birlik, beraberlik ve dayan\u0131\u015fma k\u00fclt\u00fcr\u00fcn\u00fcn ya\u015fat\u0131lmas\u0131 a\u00e7\u0131s\u0131ndan \u00f6nemli oldu\u011funu s\u00f6yledi.<\/p>\n\n\n\n<p class=\"wp-block-paragraph\">Hatun Ana T\u00fcrbesi \u00e7evresinde ger\u00e7ekle\u015ftirilen etkinlikte \u00e7evre mahalleler ve farkl\u0131 illerden gelen vatanda\u015flar bir araya geldi. Etkinlik kapsam\u0131nda 13 adak kurban\u0131 kesilerek y\u00f6reye \u00f6zg\u00fc &#8220;dongo\u015f&#8221; ad\u0131 verilen etli pilav haz\u0131rlan\u0131p kat\u0131l\u0131mc\u0131lara ikram edildi. Programda konu\u015fan Ba\u015fkan Alican Bozkurt, y\u0131llard\u0131r s\u00fcrd\u00fcr\u00fclen bulu\u015fman\u0131n b\u00f6lgenin \u00f6nemli geleneklerinden biri oldu\u011funu belirterek, &#8220;Farkl\u0131l\u0131klar\u0131n bir kenara b\u0131rak\u0131ld\u0131\u011f\u0131, karde\u015flik ve dayan\u0131\u015fman\u0131n \u00f6n plana \u00e7\u0131kt\u0131\u011f\u0131 bu bulu\u015fmalar k\u00fclt\u00fcrel miras\u0131m\u0131z\u0131n \u00f6nemli bir par\u00e7as\u0131d\u0131r&#8221; dedi.<\/p>\n\n\n\n<p class=\"wp-block-paragraph\">Belediye olarak etkinli\u011fe son \u00fc\u00e7 y\u0131ld\u0131r destek verdiklerini ifade eden Bozkurt, b\u00f6lgede ger\u00e7ekle\u015ftirilen \u00e7al\u0131\u015fmalar hakk\u0131nda da bilgi verdi. Daha \u00f6nce su sorunu ya\u015fanan alana su getirildi\u011fini, \u00e7e\u015fitli altyap\u0131 eksikliklerinin giderildi\u011fini ve kesimhane yap\u0131ld\u0131\u011f\u0131n\u0131 belirten Bozkurt, alan\u0131n daha da geli\u015ftirilerek \u00f6nemli bir mesire ve bulu\u015fma merkezi haline getirilmesi i\u00e7in \u00e7al\u0131\u015fmalar\u0131n s\u00fcrece\u011fini kaydetti. B\u00f6lgede etkili olan dolu ya\u011f\u0131\u015f\u0131na da de\u011finen Bozkurt, zarar g\u00f6ren \u00e7ift\u00e7ilere gerekli deste\u011fin sa\u011flanaca\u011f\u0131n\u0131 ifade etti.<\/p>\n\n\n\n<p class=\"wp-block-paragraph\">Kerimli Mahallesi Muhtar\u0131 ile Darende Ziraat Odas\u0131 Ba\u015fkan\u0131 Orhan Karaca da yapt\u0131klar\u0131 konu\u015fmalarda mahalledeki eksikliklerin giderilmesine y\u00f6nelik desteklerinden dolay\u0131 Ba\u015fkan Bozkurt&#8217;a te\u015fekk\u00fcr etti. &#8211; MALATYA<\/p>\n","protected":false},"excerpt":{"rendered":"<p>Malatya&#8217;n\u0131n Darende il\u00e7esinde d\u00fczenlenen 17. Geleneksel Hatun Ana Bulu\u015fmas\u0131 ve Anma Etkinli\u011fi, birlik ve dayan\u0131\u015fma&#8230;<\/p>\n","protected":false},"author":1,"featured_media":89,"comment_status":"open","ping_status":"open","sticky":false,"template":"","format":"standard","meta":{"footnotes":""},"categories":[18],"tags":[],"class_list":["post-88","post","type-post","status-publish","format-standard","has-post-thumbnail","hentry","category-guncel"],"_links":{"self":[{"href":"https:\/\/gundem44.com.tr\/index.php?rest_route=\/wp\/v2\/posts\/88","targetHints":{"allow":["GET"]}}],"collection":[{"href":"https:\/\/gundem44.com.tr\/index.php?rest_route=\/wp\/v2\/posts"}],"about":[{"href":"https:\/\/gundem44.com.tr\/index.php?rest_route=\/wp\/v2\/types\/post"}],"author":[{"embeddable":true,"href":"https:\/\/gundem44.com.tr\/index.php?rest_route=\/wp\/v2\/users\/1"}],"replies":[{"embeddable":true,"href":"https:\/\/gundem44.com.tr\/index.php?rest_route=%2Fwp%2Fv2%2Fcomments&post=88"}],"version-history":[{"count":1,"href":"https:\/\/gundem44.com.tr\/index.php?rest_route=\/wp\/v2\/posts\/88\/revisions"}],"predecessor-version":[{"id":90,"href":"https:\/\/gundem44.com.tr\/index.php?rest_route=\/wp\/v2\/posts\/88\/revisions\/90"}],"wp:featuredmedia":[{"embeddable":true,"href":"https:\/\/gundem44.com.tr\/index.php?rest_route=\/wp\/v2\/media\/89"}],"wp:attachment":[{"href":"https:\/\/gundem44.com.tr\/index.php?rest_route=%2Fwp%2Fv2%2Fmedia&parent=88"}],"wp:term":[{"taxonomy":"category","embeddable":true,"href":"https:\/\/gundem44.com.tr\/index.php?rest_route=%2Fwp%2Fv2%2Fcategories&post=88"},{"taxonomy":"post_tag","embeddable":true,"href":"https:\/\/gundem44.com.tr\/index.php?rest_route=%2Fwp%2Fv2%2Ftags&post=88"}],"curies":[{"name":"wp","href":"https:\/\/api.w.org\/{rel}","templated":true}]}}