{"id":853,"date":"2026-06-22T09:02:29","date_gmt":"2026-06-22T09:02:29","guid":{"rendered":"https:\/\/gundem44.com.tr\/?p=853"},"modified":"2026-06-22T09:02:30","modified_gmt":"2026-06-22T09:02:30","slug":"yeni-caminin-yeniden-insasinda-sona-gelindi","status":"publish","type":"post","link":"https:\/\/gundem44.com.tr\/?p=853","title":{"rendered":"Yeni Cami&#8217;nin Yeniden \u0130n\u015fas\u0131nda Sona Gelindi"},"content":{"rendered":"\n<p class=\"wp-block-paragraph\">Malatya&#8217;daki Yeni Cami, depremin ard\u0131ndan asl\u0131na uygun olarak yeniden in\u015fa ediliyor, Eyl\u00fcl&#8217;de a\u00e7\u0131lacak.<\/p>\n\n\n\n<p class=\"wp-block-paragraph\"><a href=\"https:\/\/www.sondakika.com\/malatya\/\">Malatya<\/a>&#8216;n\u0131n sembol yap\u0131lar\u0131ndan biri olan ve 6 \u015eubat depremlerinde tamamen y\u0131k\u0131lan tarihi&nbsp;<a href=\"https:\/\/www.sondakika.com\/yeni-cami\/\">Yeni Cami<\/a>&#8216;nin yeniden in\u015fas\u0131nda sona gelindi. Asl\u0131na uygun \u015fekilde y\u00fcr\u00fct\u00fclen rekonstr\u00fcksiyon \u00e7al\u0131\u015fmalar\u0131 tamamlanma a\u015famas\u0131na yakla\u015f\u0131rken, caminin k\u0131sa s\u00fcre i\u00e7inde ibadete a\u00e7\u0131lmas\u0131 hedefleniyor.<\/p>\n\n\n\n<p class=\"wp-block-paragraph\">Malatya&#8217;da depremde a\u011f\u0131r hasar alarak y\u0131k\u0131lan ve halk aras\u0131nda Yeni Cami olarak bilinen Hac\u0131 Yusuf Ta\u015f Cami i\u00e7in Vak\u0131flar Genel M\u00fcd\u00fcrl\u00fc\u011f\u00fc taraf\u0131ndan ba\u015flat\u0131lan yeniden in\u015fa s\u00fcreci t\u00fcm h\u0131z\u0131yla devam ediyor. 2023 y\u0131l\u0131 Temmuz ay\u0131nda yer teslimi yap\u0131lan projede, bilim kurulu ve alan\u0131nda uzman akademisyenlerin kararlar\u0131 do\u011frultusunda yap\u0131n\u0131n kalan b\u00f6l\u00fcmleri kontroll\u00fc \u015fekilde s\u00f6k\u00fclerek zemin g\u00fc\u00e7lendirme \u00e7al\u0131\u015fmalar\u0131 ger\u00e7ekle\u015ftirildi. Ard\u0131ndan rekonstr\u00fcksiyon s\u00fcrecine ge\u00e7ilerek caminin yeniden in\u015fas\u0131na ba\u015fland\u0131.<\/p>\n\n\n\n<p class=\"wp-block-paragraph\">Caminin son durumuna ili\u015fkin a\u00e7\u0131klamalarda bulunan AK Parti Malatya Milletvekili B\u00fclent T\u00fcfenkci, 6 \u015eubat depremlerinin Malatya&#8217;da b\u00fcy\u00fck bir y\u0131k\u0131ma neden oldu\u011funu hat\u0131rlatarak, Yeni Cami&#8217;nin de bu s\u00fcre\u00e7te a\u011f\u0131r hasar alarak y\u0131k\u0131ld\u0131\u011f\u0131n\u0131 s\u00f6yledi. Depremin hemen ard\u0131ndan caminin yeniden aya\u011fa kald\u0131r\u0131lmas\u0131 i\u00e7in ihale s\u00fcrecinin ba\u015flat\u0131ld\u0131\u011f\u0131n\u0131 ifade eden T\u00fcfenkci, 2023 Temmuz ay\u0131nda s\u00f6zle\u015fmenin imzalanarak yer tesliminin yap\u0131ld\u0131\u011f\u0131n\u0131 belirtti.<\/p>\n\n\n\n<p class=\"wp-block-paragraph\">Haz\u0131rl\u0131k ve uygulama a\u015famalar\u0131 bilim kurulu kararlar\u0131 do\u011frultusunda ilerliyor<\/p>\n\n\n\n<p class=\"wp-block-paragraph\">Projenin haz\u0131rl\u0131k ve uygulama a\u015famalar\u0131n\u0131n bilim kurulu kararlar\u0131 do\u011frultusunda ilerledi\u011fini ifade eden T\u00fcfenkci, yap\u0131n\u0131n kalan duvarlar\u0131n\u0131n s\u00f6k\u00fclmesi ve zemin iyile\u015ftirmesi sonras\u0131nda rekonstr\u00fcksiyon karar\u0131n\u0131n al\u0131nd\u0131\u011f\u0131n\u0131 belirtti. Projenin Sivas Koruma Kurulu onay s\u00fcrecinin ard\u0131ndan 2024 A\u011fustos itibar\u0131yla in\u015faat\u0131n h\u0131z kazand\u0131\u011f\u0131n\u0131 aktaran AK Parti Malatya Milletvekili B\u00fclent T\u00fcfenkci, caminin yeniden in\u015fas\u0131nda yap\u0131n\u0131n daha hafif ve dayan\u0131kl\u0131 olmas\u0131 amac\u0131yla kubbe k\u0131sm\u0131nda \u00e7elik konstr\u00fcksiyon kullan\u0131ld\u0131\u011f\u0131n\u0131, i\u00e7 mekanda ise kalem i\u015fi s\u00fcsleme \u00e7al\u0131\u015fmalar\u0131n\u0131n s\u00fcrd\u00fc\u011f\u00fcn\u00fc belirtti.<\/p>\n\n\n\n<p class=\"wp-block-paragraph\">&#8220;<a href=\"https:\/\/www.sondakika.com\/eylul\/\">Eyl\u00fcl<\/a>&nbsp;ay\u0131nda Malatyal\u0131 hem\u015ferilerimizin ibadetine a\u00e7may\u0131 planl\u0131yoruz&#8221;<\/p>\n\n\n\n<p class=\"wp-block-paragraph\">\u00c7al\u0131\u015fmalar\u0131n geldi\u011fi noktaya ili\u015fkin de\u011ferlendirmede bulunan T\u00fcfenkci, &#8220;Gelinen noktada art\u0131k bezeme kapsam\u0131nda kalem i\u015fi \u00e7al\u0131\u015fmalar\u0131na ba\u015flanm\u0131\u015f durumda. Bu \u00e7al\u0131\u015fmalar\u0131n tamamlanmas\u0131yla birlikte i\u00e7 mekan d\u00fczenlemeleri ve ah\u015fap d\u00f6\u015feme imalatlar\u0131 da bitirilecek. \u0130n\u015fallah eyl\u00fcl ay\u0131nda Malatyal\u0131 hem\u015fehrilerimizin ibadetine a\u00e7may\u0131 planl\u0131yoruz&#8221; dedi.<\/p>\n\n\n\n<p class=\"wp-block-paragraph\">&#8220;Malatya&#8217;n\u0131n tarihi bir de\u011feri yeniden ihya edilmi\u015f olacak&#8221;<\/p>\n\n\n\n<p class=\"wp-block-paragraph\">Caminin yaln\u0131zca bir ibadet alan\u0131 de\u011fil ayn\u0131 zamanda \u015fehir merkezinin \u00f6nemli bir sembol\u00fc oldu\u011funu ifade eden T\u00fcfenkci, &#8220;Yeni Cami&#8217;nin yeniden aya\u011fa kald\u0131r\u0131lmas\u0131yla hem Malatya&#8217;n\u0131n tarihi bir de\u011feri ihya edilmi\u015f olacak hem de \u00e7ar\u015f\u0131 b\u00f6lgesine \u00f6nemli bir canl\u0131l\u0131k kazand\u0131r\u0131lacakt\u0131r. Esnaf\u0131m\u0131z ve vatanda\u015flar\u0131m\u0131z i\u00e7in de \u00f6nemli bir bulu\u015fma noktas\u0131 olacakt\u0131r&#8221; diye konu\u015ftu&nbsp;<\/p>\n","protected":false},"excerpt":{"rendered":"<p>Malatya&#8217;daki Yeni Cami, depremin ard\u0131ndan asl\u0131na uygun olarak yeniden in\u015fa ediliyor, Eyl\u00fcl&#8217;de a\u00e7\u0131lacak. Malatya&#8216;n\u0131n sembol&#8230;<\/p>\n","protected":false},"author":1,"featured_media":854,"comment_status":"open","ping_status":"open","sticky":false,"template":"","format":"standard","meta":{"footnotes":""},"categories":[18],"tags":[],"class_list":["post-853","post","type-post","status-publish","format-standard","has-post-thumbnail","hentry","category-guncel"],"_links":{"self":[{"href":"https:\/\/gundem44.com.tr\/index.php?rest_route=\/wp\/v2\/posts\/853","targetHints":{"allow":["GET"]}}],"collection":[{"href":"https:\/\/gundem44.com.tr\/index.php?rest_route=\/wp\/v2\/posts"}],"about":[{"href":"https:\/\/gundem44.com.tr\/index.php?rest_route=\/wp\/v2\/types\/post"}],"author":[{"embeddable":true,"href":"https:\/\/gundem44.com.tr\/index.php?rest_route=\/wp\/v2\/users\/1"}],"replies":[{"embeddable":true,"href":"https:\/\/gundem44.com.tr\/index.php?rest_route=%2Fwp%2Fv2%2Fcomments&post=853"}],"version-history":[{"count":1,"href":"https:\/\/gundem44.com.tr\/index.php?rest_route=\/wp\/v2\/posts\/853\/revisions"}],"predecessor-version":[{"id":855,"href":"https:\/\/gundem44.com.tr\/index.php?rest_route=\/wp\/v2\/posts\/853\/revisions\/855"}],"wp:featuredmedia":[{"embeddable":true,"href":"https:\/\/gundem44.com.tr\/index.php?rest_route=\/wp\/v2\/media\/854"}],"wp:attachment":[{"href":"https:\/\/gundem44.com.tr\/index.php?rest_route=%2Fwp%2Fv2%2Fmedia&parent=853"}],"wp:term":[{"taxonomy":"category","embeddable":true,"href":"https:\/\/gundem44.com.tr\/index.php?rest_route=%2Fwp%2Fv2%2Fcategories&post=853"},{"taxonomy":"post_tag","embeddable":true,"href":"https:\/\/gundem44.com.tr\/index.php?rest_route=%2Fwp%2Fv2%2Ftags&post=853"}],"curies":[{"name":"wp","href":"https:\/\/api.w.org\/{rel}","templated":true}]}}