{"id":850,"date":"2026-06-22T08:33:24","date_gmt":"2026-06-22T08:33:24","guid":{"rendered":"https:\/\/gundem44.com.tr\/?p=850"},"modified":"2026-06-22T08:33:25","modified_gmt":"2026-06-22T08:33:25","slug":"kulisler-yangin-yeri-iste-ozgur-ozelin-kuracagi-yeni-partinin-adi","status":"publish","type":"post","link":"https:\/\/gundem44.com.tr\/?p=850","title":{"rendered":"Kulisler yang\u0131n yeri! \u0130\u015fte \u00d6zg\u00fcr \u00d6zel&#8217;in kuraca\u011f\u0131 yeni partinin ad\u0131"},"content":{"rendered":"\n<p class=\"wp-block-paragraph\">CHP kulislerinde yeni bir siyasi olu\u015fum ihtimali konu\u015fulurken, kurulmas\u0131 halinde partinin ad\u0131n\u0131n &#8220;Y\u00fcr\u00fcy\u00fc\u015f&#8221; olabilece\u011fi \u00f6ne s\u00fcr\u00fcl\u00fcyor. \u0130ddialara g\u00f6re yeni parti i\u00e7in milletvekilleri, belediye ba\u015fkanlar\u0131 ve farkl\u0131 kesimlerden isimlerle temaslar s\u00fcrerken, g\u00f6zler yar\u0131nki grup toplant\u0131s\u0131na \u00e7evrildi. \u00d6zg\u00fcr \u00d6zel&#8217;in burada Kemal K\u0131l\u0131\u00e7daro\u011flu&#8217;na kurultay i\u00e7in tarih belirleme \u00e7a\u011fr\u0131s\u0131 yapmas\u0131 beklenirken, K\u0131l\u0131\u00e7daro\u011flu&#8217;nun verece\u011fi yan\u0131t\u0131n parti i\u00e7indeki dengeleri etkileyebilece\u011fi belirtiliyor.<\/p>\n\n\n\n<p class=\"wp-block-paragraph\">CHP&#8217;de parti i\u00e7i dengeleri etkileyebilecek geli\u015fmelerin ya\u015fanaca\u011f\u0131 kritik bir haftaya girildi. Parti kulislerinde, Genel Ba\u015fkan&nbsp;<a href=\"https:\/\/www.sondakika.com\/ozgur-ozel\/\">\u00d6zg\u00fcr \u00d6zel<\/a>&#8216;in yar\u0131n T\u00fcrkiye B\u00fcy\u00fck Millet Meclisi&#8217;ndeki grup toplant\u0131s\u0131nda \u00f6nemli mesajlar vermesinin beklendi\u011fi konu\u015fuluyor.<\/p>\n\n\n\n<p class=\"wp-block-paragraph\">\u0130ddialara g\u00f6re \u00d6zel, kurultay s\u00fcrecine ili\u015fkin belirsizli\u011fin sona ermesi i\u00e7in eski CHP Genel Ba\u015fkan\u0131&nbsp;<a href=\"https:\/\/www.sondakika.com\/kemal-kilicdaroglu\/\">Kemal K\u0131l\u0131\u00e7daro\u011flu<\/a>&#8216;na a\u00e7\u0131k bir \u00e7a\u011fr\u0131da bulunacak. Bu \u00e7a\u011fr\u0131n\u0131n, &#8220;Kurultay i\u00e7in bir tarih belirlenmesi ya da mevcut s\u00fcre\u00e7le devam edilmesi&#8221; y\u00f6n\u00fcnde olaca\u011f\u0131 \u00f6ne s\u00fcr\u00fcl\u00fcyor.<\/p>\n\n\n\n<p class=\"wp-block-paragraph\">S\u00f6zc\u00fc&#8217;den Ba\u015fak Kaya&#8217;n\u0131n haberine g\u00f6re K\u0131l\u0131\u00e7daro\u011flu&#8217;nun bu \u00e7a\u011fr\u0131ya verece\u011fi yan\u0131t\u0131n, parti i\u00e7indeki ayr\u0131\u015fma ve gelecekteki siyasi tablo a\u00e7\u0131s\u0131ndan belirleyici olabilece\u011fi de\u011ferlendiriliyor.<\/p>\n\n\n\n<h3 class=\"wp-block-heading\">YEN\u0130 PART\u0130 \u0130DD\u0130ALARI G\u00dcNDEMDE<\/h3>\n\n\n\n<p class=\"wp-block-paragraph\">CHP kulislerinde son g\u00fcnlerde yeni parti iddialar\u0131 da yo\u011fun \u015fekilde konu\u015fuluyor. Parti i\u00e7inde yeni bir siyasi olu\u015fumun g\u00fcndeme gelmesi halinde isminin &#8220;Y\u00fcr\u00fcy\u00fc\u015f&#8221; olabilece\u011fi \u00f6ne s\u00fcr\u00fcl\u00fcyor.<\/p>\n\n\n\n<p class=\"wp-block-paragraph\">Yeni bir parti kurulmas\u0131 durumunda, siyasi yelpazenin farkl\u0131 kesimlerinden isimlerin bir araya getirilece\u011fi ve geni\u015f tabanl\u0131 bir yap\u0131 olu\u015fturulmas\u0131n\u0131n hedeflendi\u011fi belirtiliyor.<\/p>\n\n\n\n<h3 class=\"wp-block-heading\">GRUP TOPLANTISI MERAKLA BEKLEN\u0130YOR<\/h3>\n\n\n\n<p class=\"wp-block-paragraph\">CHP&#8217;de bu hafta grup toplant\u0131s\u0131nda kimin konu\u015faca\u011f\u0131ndan \u00e7ok, \u00d6zg\u00fcr \u00d6zel&#8217;in verece\u011fi mesajlar\u0131n i\u00e7eri\u011fi merak ediliyor.<\/p>\n\n\n\n<p class=\"wp-block-paragraph\">Kemal K\u0131l\u0131\u00e7daro\u011flu&#8217;nun da yar\u0131n Parti Meclisi ve Merkez Y\u00f6netim Kurulu \u00fcyelerini genel merkezde toplayaca\u011f\u0131 \u00f6\u011frenildi. Toplant\u0131n\u0131n g\u00fcndeminde disiplin s\u00fcre\u00e7lerinin yer alaca\u011f\u0131 ifade ediliyor.<\/p>\n\n\n\n<p class=\"wp-block-paragraph\">\u00d6zg\u00fcr \u00d6zel&#8217;in ise Meclis&#8217;teki grup toplant\u0131s\u0131nda yeni siyasi yol haritas\u0131na ili\u015fkin \u00f6nemli a\u00e7\u0131klamalar yapabilece\u011fi konu\u015fuluyor.<\/p>\n\n\n\n<h3 class=\"wp-block-heading\">YEN\u0130 PART\u0130 \u0130\u00c7\u0130N HAZIRLIKLAR S\u00dcR\u00dcYOR \u0130DD\u0130ASI<\/h3>\n\n\n\n<p class=\"wp-block-paragraph\">Kulis bilgilerine g\u00f6re, yeni bir siyasi olu\u015fum ihtimaline kar\u015f\u0131 \u00e7e\u015fitli haz\u0131rl\u0131klar y\u00fcr\u00fct\u00fcl\u00fcyor. Partinin vitrininde ve kurucular kurulunda yer alabilecek isimler \u00fczerinde \u00e7al\u0131\u015fmalar yap\u0131ld\u0131\u011f\u0131 belirtiliyor.<\/p>\n\n\n\n<p class=\"wp-block-paragraph\">\u00d6zg\u00fcr \u00d6zel&#8217;in baz\u0131 hukuk\u00e7ular ve sanat\u00e7\u0131larla da temas kurdu\u011fu ileri s\u00fcr\u00fcl\u00fcrken, olas\u0131 yeni partiye ka\u00e7 milletvekili ve belediye ba\u015fkan\u0131n\u0131n kat\u0131labilece\u011fine y\u00f6nelik de\u011ferlendirmelerin de s\u00fcrd\u00fc\u011f\u00fc ifade ediliyor.<\/p>\n","protected":false},"excerpt":{"rendered":"<p>CHP kulislerinde yeni bir siyasi olu\u015fum ihtimali konu\u015fulurken, kurulmas\u0131 halinde partinin ad\u0131n\u0131n &#8220;Y\u00fcr\u00fcy\u00fc\u015f&#8221; olabilece\u011fi \u00f6ne&#8230;<\/p>\n","protected":false},"author":1,"featured_media":851,"comment_status":"open","ping_status":"open","sticky":false,"template":"","format":"standard","meta":{"footnotes":""},"categories":[16],"tags":[],"class_list":["post-850","post","type-post","status-publish","format-standard","has-post-thumbnail","hentry","category-politika"],"_links":{"self":[{"href":"https:\/\/gundem44.com.tr\/index.php?rest_route=\/wp\/v2\/posts\/850","targetHints":{"allow":["GET"]}}],"collection":[{"href":"https:\/\/gundem44.com.tr\/index.php?rest_route=\/wp\/v2\/posts"}],"about":[{"href":"https:\/\/gundem44.com.tr\/index.php?rest_route=\/wp\/v2\/types\/post"}],"author":[{"embeddable":true,"href":"https:\/\/gundem44.com.tr\/index.php?rest_route=\/wp\/v2\/users\/1"}],"replies":[{"embeddable":true,"href":"https:\/\/gundem44.com.tr\/index.php?rest_route=%2Fwp%2Fv2%2Fcomments&post=850"}],"version-history":[{"count":1,"href":"https:\/\/gundem44.com.tr\/index.php?rest_route=\/wp\/v2\/posts\/850\/revisions"}],"predecessor-version":[{"id":852,"href":"https:\/\/gundem44.com.tr\/index.php?rest_route=\/wp\/v2\/posts\/850\/revisions\/852"}],"wp:featuredmedia":[{"embeddable":true,"href":"https:\/\/gundem44.com.tr\/index.php?rest_route=\/wp\/v2\/media\/851"}],"wp:attachment":[{"href":"https:\/\/gundem44.com.tr\/index.php?rest_route=%2Fwp%2Fv2%2Fmedia&parent=850"}],"wp:term":[{"taxonomy":"category","embeddable":true,"href":"https:\/\/gundem44.com.tr\/index.php?rest_route=%2Fwp%2Fv2%2Fcategories&post=850"},{"taxonomy":"post_tag","embeddable":true,"href":"https:\/\/gundem44.com.tr\/index.php?rest_route=%2Fwp%2Fv2%2Ftags&post=850"}],"curies":[{"name":"wp","href":"https:\/\/api.w.org\/{rel}","templated":true}]}}