{"id":823,"date":"2026-06-21T18:32:44","date_gmt":"2026-06-21T18:32:44","guid":{"rendered":"https:\/\/gundem44.com.tr\/?p=823"},"modified":"2026-06-21T18:32:44","modified_gmt":"2026-06-21T18:32:44","slug":"malatyada-kayip-genc-kadinin-cenazesi-araniyor","status":"publish","type":"post","link":"https:\/\/gundem44.com.tr\/?p=823","title":{"rendered":"Malatya&#8217;da Kay\u0131p Gen\u00e7 Kad\u0131n\u0131n Cenazesi Aran\u0131yor"},"content":{"rendered":"\n<p class=\"wp-block-paragraph\">Aysel Y\u0131ld\u0131r\u0131m&#8217;\u0131n cenazesi i\u00e7in Malatya&#8217;da 1600 rak\u0131ml\u0131 da\u011fl\u0131k alanda arama \u00e7al\u0131\u015fmalar\u0131 s\u00fcr\u00fcyor.<\/p>\n\n\n\n<p class=\"wp-block-paragraph\"><a href=\"https:\/\/www.sondakika.com\/malatya\/\">Malatya<\/a>&#8216;da 19 Mart&#8217;tan bu yana kay\u0131p olan ve Adalet Bakan\u0131 Ak\u0131n G\u00fcrlek taraf\u0131ndan cinayete kurban gitti\u011fi a\u00e7\u0131klanan Aysel Y\u0131ld\u0131r\u0131m&#8217;\u0131n cenazesine ula\u015f\u0131lmas\u0131 i\u00e7in Ak\u00e7ada\u011f il\u00e7esindeki 1600 rak\u0131ml\u0131 da\u011fl\u0131k alanda arama \u00e7al\u0131\u015fmas\u0131 yap\u0131ld\u0131.<\/p>\n\n\n\n<p class=\"wp-block-paragraph\">Edinilen bilgilere g\u00f6re, soru\u015fturma kapsam\u0131nda g\u00f6zalt\u0131na al\u0131nan 4 \u015f\u00fcpheliden biri olan A.A.&#8217;n\u0131n ifadesi ve elde edilen bilgiler do\u011frultusunda ekipler, Ak\u00e7ada\u011f il\u00e7esine ba\u011fl\u0131 K\u00fc\u00e7\u00fckk\u00fcrne Mahallesi \u00c7ay Mezras\u0131 mevkiinde \u00e7al\u0131\u015fma ba\u015flatt\u0131. Aysel Y\u0131ld\u0131r\u0131m&#8217;\u0131n (19) cenazesinin \u015f\u00fcphelinin evinin \u00e7evresinde bulunan dere yata\u011f\u0131na g\u00f6m\u00fclm\u00fc\u015f olabilece\u011fi ihtimali \u00fczerinde duran ekipler, 1600 rak\u0131ml\u0131 sarp da\u011fl\u0131k arazide titiz bir arama y\u00fcr\u00fctt\u00fc.<\/p>\n\n\n\n<p class=\"wp-block-paragraph\">S\u00fcrd\u00fcr\u00fclen \u00e7al\u0131\u015fmalarla ilgili bilgi veren K\u00fc\u00e7\u00fckk\u00fcrne Mahallesi Muhtar\u0131 Ramazan Aslan, ge\u00e7en hafta yetkililerin mahalleye gelerek kendilerini bilgilendirdi\u011fini s\u00f6yledi. B\u00f6lgede geni\u015f kapsaml\u0131 arama faaliyeti y\u00fcr\u00fct\u00fcld\u00fc\u011f\u00fcn\u00fc belirten Aslan, \u015fu ana kadar Aysel Y\u0131ld\u0131r\u0131m&#8217;\u0131n cenazesine ula\u015f\u0131lamad\u0131\u011f\u0131n\u0131, ekiplerin \u00e7al\u0131\u015fmalar\u0131n\u0131 aral\u0131ks\u0131z s\u00fcrd\u00fcrd\u00fc\u011f\u00fcn\u00fc ifade etti.<\/p>\n","protected":false},"excerpt":{"rendered":"<p>Aysel Y\u0131ld\u0131r\u0131m&#8217;\u0131n cenazesi i\u00e7in Malatya&#8217;da 1600 rak\u0131ml\u0131 da\u011fl\u0131k alanda arama \u00e7al\u0131\u015fmalar\u0131 s\u00fcr\u00fcyor. Malatya&#8216;da 19 Mart&#8217;tan&#8230;<\/p>\n","protected":false},"author":1,"featured_media":825,"comment_status":"open","ping_status":"open","sticky":false,"template":"","format":"standard","meta":{"footnotes":""},"categories":[23],"tags":[],"class_list":["post-823","post","type-post","status-publish","format-standard","has-post-thumbnail","hentry","category-akcadag"],"_links":{"self":[{"href":"https:\/\/gundem44.com.tr\/index.php?rest_route=\/wp\/v2\/posts\/823","targetHints":{"allow":["GET"]}}],"collection":[{"href":"https:\/\/gundem44.com.tr\/index.php?rest_route=\/wp\/v2\/posts"}],"about":[{"href":"https:\/\/gundem44.com.tr\/index.php?rest_route=\/wp\/v2\/types\/post"}],"author":[{"embeddable":true,"href":"https:\/\/gundem44.com.tr\/index.php?rest_route=\/wp\/v2\/users\/1"}],"replies":[{"embeddable":true,"href":"https:\/\/gundem44.com.tr\/index.php?rest_route=%2Fwp%2Fv2%2Fcomments&post=823"}],"version-history":[{"count":1,"href":"https:\/\/gundem44.com.tr\/index.php?rest_route=\/wp\/v2\/posts\/823\/revisions"}],"predecessor-version":[{"id":826,"href":"https:\/\/gundem44.com.tr\/index.php?rest_route=\/wp\/v2\/posts\/823\/revisions\/826"}],"wp:featuredmedia":[{"embeddable":true,"href":"https:\/\/gundem44.com.tr\/index.php?rest_route=\/wp\/v2\/media\/825"}],"wp:attachment":[{"href":"https:\/\/gundem44.com.tr\/index.php?rest_route=%2Fwp%2Fv2%2Fmedia&parent=823"}],"wp:term":[{"taxonomy":"category","embeddable":true,"href":"https:\/\/gundem44.com.tr\/index.php?rest_route=%2Fwp%2Fv2%2Fcategories&post=823"},{"taxonomy":"post_tag","embeddable":true,"href":"https:\/\/gundem44.com.tr\/index.php?rest_route=%2Fwp%2Fv2%2Ftags&post=823"}],"curies":[{"name":"wp","href":"https:\/\/api.w.org\/{rel}","templated":true}]}}