{"id":82,"date":"2026-06-02T10:49:25","date_gmt":"2026-06-02T10:49:25","guid":{"rendered":"https:\/\/gundem44.com.tr\/?p=82"},"modified":"2026-06-02T10:49:26","modified_gmt":"2026-06-02T10:49:26","slug":"malatyada-levent-vadisi-yaza-hazirlaniyor","status":"publish","type":"post","link":"https:\/\/gundem44.com.tr\/?p=82","title":{"rendered":"Malatya&#8217;da Levent Vadisi yaza haz\u0131rlan\u0131yor"},"content":{"rendered":"\n<p class=\"wp-block-paragraph\">Malatya&#8217;n\u0131n Ak\u00e7ada\u011f il\u00e7esindeki 65 milyon y\u0131ll\u0131k Levent Vadisi&#8217;nde gen\u00e7lik kamp\u0131, macera park\u0131 ve m\u00fcze gibi yat\u0131r\u0131mlarla yaz sezonuna haz\u0131rlan\u0131l\u0131yor. UNESCO listesi i\u00e7in \u00e7al\u0131\u015fmalar devam ediyor.<\/p>\n\n\n\n<p class=\"wp-block-paragraph\"><a href=\"https:\/\/www.sondakika.com\/malatya\/\">Malatya<\/a>&#8216;n\u0131n&nbsp;<a href=\"https:\/\/www.sondakika.com\/akcadag\/\">Ak\u00e7ada\u011f<\/a>&nbsp;il\u00e7esinde bulunan ve 65 milyon y\u0131ll\u0131k jeolojik ge\u00e7mi\u015fiyle dikkat \u00e7eken&nbsp;<a href=\"https:\/\/www.sondakika.com\/levent-vadisi\/\">Levent Vadisi<\/a>&#8216;nde yaz sezonu \u00f6ncesi haz\u0131rl\u0131klar s\u00fcr\u00fcyor. B\u00f6lgede devam eden projeler kapsam\u0131nda gen\u00e7lik kamp\u0131, macera park\u0131, y\u00f6resel \u00fcr\u00fcn sat\u0131\u015f alanlar\u0131 ve m\u00fcze gibi yat\u0131r\u0131mlar\u0131n hayata ge\u00e7irilmesi hedefleniyor.<\/p>\n\n\n\n<p class=\"wp-block-paragraph\">UNESCO D\u00fcnya&nbsp;<a href=\"https:\/\/www.sondakika.com\/kultur\/\">K\u00fclt\u00fcr<\/a>&nbsp;Miras\u0131 Listesi&#8217;ne al\u0131nmas\u0131 i\u00e7in \u00e7al\u0131\u015fmalar y\u00fcr\u00fct\u00fclen Levent Vadisi&#8217;nde incelemelerde bulunan Ak\u00e7ada\u011f Belediye Ba\u015fkan\u0131 Hasan Uluta\u015f, vadinin T\u00fcrkiye&#8217;nin \u00f6nemli do\u011fa ve turizm destinasyonlar\u0131ndan biri oldu\u011funu s\u00f6yledi.<\/p>\n\n\n\n<p class=\"wp-block-paragraph\">G\u00f6reve geldikleri g\u00fcnden bu yana \u0130n\u00f6n\u00fc \u00dcniversitesi ile birlikte Levent Vadisi ve \u00e7evresini kapsayan jeopark alan\u0131n\u0131n UNESCO listesine dahil edilmesi i\u00e7in \u00e7al\u0131\u015fmalar y\u00fcr\u00fctt\u00fcklerini belirten Uluta\u015f, b\u00f6lgede&nbsp;<a href=\"https:\/\/www.sondakika.com\/genclik\/\">Gen\u00e7lik<\/a>&nbsp;ve&nbsp;<a href=\"https:\/\/www.sondakika.com\/Spor\/\">Spor<\/a>&nbsp;Bakanl\u0131\u011f\u0131 destekli yakla\u015f\u0131k 150 milyon liral\u0131k yat\u0131r\u0131m\u0131n devam etti\u011fini ifade etti. Levent Vadisi&#8217;nin yaln\u0131zca do\u011fal g\u00fczellikleriyle de\u011fil, tarihi ve bilimsel y\u00f6nleriyle de \u00f6nemli bir potansiyele sahip oldu\u011funu kaydeden Uluta\u015f, &#8220;Gen\u00e7lik kamp\u0131, macera park\u0131 ve y\u00f6resel \u00fcr\u00fcn sat\u0131\u015f alanlar\u0131n\u0131 en k\u0131sa s\u00fcrede hizmete a\u00e7may\u0131 planl\u0131yoruz. Buras\u0131 sadece Malatya&#8217;n\u0131n de\u011fil, T\u00fcrkiye&#8217;nin \u00f6nemli turizm merkezlerinden biri olacak&#8221; dedi.<\/p>\n\n\n\n<p class=\"wp-block-paragraph\">Vadide 28 kilometre uzunlu\u011funda bir kanyon bulundu\u011funu ifade eden Uluta\u015f, proje tamamland\u0131\u011f\u0131nda ziyaret\u00e7ilere y\u00f6nelik sosyal alanlar\u0131n yan\u0131 s\u0131ra b\u00f6lgede bulunan fosillerin sergilenece\u011fi bir m\u00fczenin de hizmet verece\u011fini s\u00f6yledi. Yaz boyunca \u00e7e\u015fitli etkinliklere ev sahipli\u011fi yapacaklar\u0131n\u0131 belirten Uluta\u015f, Levent Vadisi&#8217;nin do\u011fa sporlar\u0131, y\u00fcr\u00fcy\u00fc\u015f, t\u0131rman\u0131\u015f ve bilimsel \u00e7al\u0131\u015fmalar i\u00e7in uygun bir alan oldu\u011funu kaydetti.<\/p>\n\n\n\n<p class=\"wp-block-paragraph\">Uluta\u015f, 26-28 Haziran tarihlerinde d\u00fczenlenecek Motofest etkinli\u011fiyle T\u00fcrkiye&#8217;nin farkl\u0131 \u015fehirlerinden motosiklet tutkunlar\u0131n\u0131 a\u011f\u0131rlayacaklar\u0131n\u0131 belirterek, festival kapsam\u0131nda ger\u00e7ekle\u015ftirilecek programlarla Levent Vadisi&#8217;nin tan\u0131t\u0131m\u0131na katk\u0131 sunacaklar\u0131n\u0131 s\u00f6yledi. &#8211; MALATYA<\/p>\n","protected":false},"excerpt":{"rendered":"<p>Malatya&#8217;n\u0131n Ak\u00e7ada\u011f il\u00e7esindeki 65 milyon y\u0131ll\u0131k Levent Vadisi&#8217;nde gen\u00e7lik kamp\u0131, macera park\u0131 ve m\u00fcze gibi&#8230;<\/p>\n","protected":false},"author":1,"featured_media":83,"comment_status":"open","ping_status":"open","sticky":false,"template":"","format":"standard","meta":{"footnotes":""},"categories":[18],"tags":[],"class_list":["post-82","post","type-post","status-publish","format-standard","has-post-thumbnail","hentry","category-guncel"],"_links":{"self":[{"href":"https:\/\/gundem44.com.tr\/index.php?rest_route=\/wp\/v2\/posts\/82","targetHints":{"allow":["GET"]}}],"collection":[{"href":"https:\/\/gundem44.com.tr\/index.php?rest_route=\/wp\/v2\/posts"}],"about":[{"href":"https:\/\/gundem44.com.tr\/index.php?rest_route=\/wp\/v2\/types\/post"}],"author":[{"embeddable":true,"href":"https:\/\/gundem44.com.tr\/index.php?rest_route=\/wp\/v2\/users\/1"}],"replies":[{"embeddable":true,"href":"https:\/\/gundem44.com.tr\/index.php?rest_route=%2Fwp%2Fv2%2Fcomments&post=82"}],"version-history":[{"count":1,"href":"https:\/\/gundem44.com.tr\/index.php?rest_route=\/wp\/v2\/posts\/82\/revisions"}],"predecessor-version":[{"id":84,"href":"https:\/\/gundem44.com.tr\/index.php?rest_route=\/wp\/v2\/posts\/82\/revisions\/84"}],"wp:featuredmedia":[{"embeddable":true,"href":"https:\/\/gundem44.com.tr\/index.php?rest_route=\/wp\/v2\/media\/83"}],"wp:attachment":[{"href":"https:\/\/gundem44.com.tr\/index.php?rest_route=%2Fwp%2Fv2%2Fmedia&parent=82"}],"wp:term":[{"taxonomy":"category","embeddable":true,"href":"https:\/\/gundem44.com.tr\/index.php?rest_route=%2Fwp%2Fv2%2Fcategories&post=82"},{"taxonomy":"post_tag","embeddable":true,"href":"https:\/\/gundem44.com.tr\/index.php?rest_route=%2Fwp%2Fv2%2Ftags&post=82"}],"curies":[{"name":"wp","href":"https:\/\/api.w.org\/{rel}","templated":true}]}}