{"id":818,"date":"2026-06-21T12:35:25","date_gmt":"2026-06-21T12:35:25","guid":{"rendered":"https:\/\/gundem44.com.tr\/?p=818"},"modified":"2026-06-21T12:35:25","modified_gmt":"2026-06-21T12:35:25","slug":"2026-yks-ayt-oturumu-5-ilde-basladi","status":"publish","type":"post","link":"https:\/\/gundem44.com.tr\/?p=818","title":{"rendered":"2026-YKS AYT Oturumu 5 \u0130lde Ba\u015flad\u0131"},"content":{"rendered":"\n<p class=\"wp-block-paragraph\">Gaziantep, Malatya, \u015eanl\u0131urfa, Kilis ve Kahramanmara\u015f&#8217;ta YKS&#8217;nin ikinci oturumu AYT, sabah saatlerinde ba\u015flad\u0131. Adaylar kimlik kontrollerinin ard\u0131ndan s\u0131nav salonlar\u0131na al\u0131n\u0131rken, veliler okul bah\u00e7elerinde bekledi.<\/p>\n\n\n\n<p class=\"wp-block-paragraph\"><a href=\"https:\/\/www.sondakika.com\/gaziantep\/\">Gaziantep<\/a>,&nbsp;<a href=\"https:\/\/www.sondakika.com\/malatya\/\">Malatya<\/a>,&nbsp;<a href=\"https:\/\/www.sondakika.com\/sanliurfa\/\">\u015eanl\u0131urfa<\/a>,&nbsp;<a href=\"https:\/\/www.sondakika.com\/kilis\/\">Kilis<\/a>&nbsp;ve&nbsp;<a href=\"https:\/\/www.sondakika.com\/kahramanmaras\/\">Kahramanmara\u015f<\/a>&#8216;ta Y\u00fcksek\u00f6\u011fretim Kurumlar\u0131 S\u0131nav\u0131&#8217;n\u0131n (2026-YKS) ikinci oturumu Alan Yeterlilik Testleri (<a href=\"https:\/\/www.sondakika.com\/ayt\/\">AYT<\/a>) ba\u015flad\u0131.<\/p>\n\n\n\n<p class=\"wp-block-paragraph\">Gaziantep&#8217;te 41 bin 836 aday, sabah\u0131n erken saatlerinde YKS&#8217;nin ikinci oturumu AYT&#8217;ye girecekleri okullara geldi.<\/p>\n\n\n\n<p class=\"wp-block-paragraph\">Merkez \u015eehitkamil il\u00e7esindeki Bayraktar Anadolu Lisesi&#8217;ne gelen \u00f6\u011frenciler, gerekli kontrollerin ard\u0131ndan s\u0131nava girecekleri salonlara al\u0131nd\u0131.<\/p>\n\n\n\n<p class=\"wp-block-paragraph\">\u00d6\u011frencilerin aileleri de okul bah\u00e7esinde g\u00f6lgelik alanlarda bekledi.<\/p>\n\n\n\n<p class=\"wp-block-paragraph\">Malatya<\/p>\n\n\n\n<p class=\"wp-block-paragraph\">Malatya&#8217;n\u0131n Ye\u015filyurt il\u00e7esindeki \u0130n\u00f6n\u00fc \u00dcniversitesi Meslek Y\u00fcksekokuluna yak\u0131nlar\u0131yla gelen adaylar, kimlik ve s\u0131nav giri\u015f belgelerinin kontrol\u00fcn\u00fcn ard\u0131ndan binaya al\u0131nd\u0131.<\/p>\n\n\n\n<p class=\"wp-block-paragraph\">Veliler, \u00e7ocuklar\u0131na ba\u015far\u0131 dileklerinde bulunurken okul \u00e7evresinde yo\u011funluk olu\u015fturdu.<\/p>\n\n\n\n<p class=\"wp-block-paragraph\">&#8211; \u015eanl\u0131urfa<\/p>\n\n\n\n<p class=\"wp-block-paragraph\">\u015eanl\u0131urfa&#8217;n\u0131n Haliliye il\u00e7esindeki Urfa Anadolu Lisesi&#8217;nde s\u0131nava girecek \u00f6\u011frenciler, kimlik kontrollerinin ard\u0131ndan s\u0131nav salonlar\u0131na al\u0131nd\u0131.<\/p>\n\n\n\n<p class=\"wp-block-paragraph\">\u00c7ocuklar\u0131n\u0131 s\u0131nava getiren veliler ise adaylar\u0131 salonlara u\u011furlad\u0131ktan sonra okul \u00e7evresinde beklemeye ba\u015flad\u0131.<\/p>\n\n\n\n<p class=\"wp-block-paragraph\">&#8211; Kahramanmara\u015f<\/p>\n\n\n\n<p class=\"wp-block-paragraph\">Kahramanmara\u015f&#8217;\u0131n merkez Oniki\u015fubat il\u00e7esindeki \u00c7ukurova Elektrik Anadolu Lisesi&#8217;ne gelen \u00f6\u011frenciler, evrak kontrol\u00fc ve \u00fcst aramas\u0131 yap\u0131ld\u0131ktan sonra s\u0131nava girecekleri salonlara al\u0131nd\u0131.<\/p>\n\n\n\n<p class=\"wp-block-paragraph\">Adaylar\u0131n yak\u0131nlar\u0131 da s\u0131nav\u0131n tamamlanmas\u0131n\u0131 okulun d\u0131\u015f\u0131nda bekledi.<\/p>\n\n\n\n<p class=\"wp-block-paragraph\">&#8211; Kilis<\/p>\n\n\n\n<p class=\"wp-block-paragraph\">Kilis 7 Aral\u0131k \u00dcniversitesi&nbsp;<a href=\"https:\/\/www.sondakika.com\/Spor\/\">Spor<\/a>&nbsp;Bilimleri Fak\u00fcltesine gelen \u00f6\u011frenciler, evrak kontrol\u00fc ve \u00fcst aramas\u0131 yap\u0131ld\u0131ktan sonra s\u0131nava girecekleri salonlara al\u0131nd\u0131.<\/p>\n\n\n\n<p class=\"wp-block-paragraph\">Baz\u0131 velilerin, \u00e7ocuklar\u0131n\u0131 beklerken Kur&#8217;an-\u0131 Kerim okuduklar\u0131 g\u00f6r\u00fcld\u00fc<\/p>\n","protected":false},"excerpt":{"rendered":"<p>Gaziantep, Malatya, \u015eanl\u0131urfa, Kilis ve Kahramanmara\u015f&#8217;ta YKS&#8217;nin ikinci oturumu AYT, sabah saatlerinde ba\u015flad\u0131. Adaylar kimlik&#8230;<\/p>\n","protected":false},"author":1,"featured_media":819,"comment_status":"open","ping_status":"open","sticky":false,"template":"","format":"standard","meta":{"footnotes":""},"categories":[18],"tags":[],"class_list":["post-818","post","type-post","status-publish","format-standard","has-post-thumbnail","hentry","category-guncel"],"_links":{"self":[{"href":"https:\/\/gundem44.com.tr\/index.php?rest_route=\/wp\/v2\/posts\/818","targetHints":{"allow":["GET"]}}],"collection":[{"href":"https:\/\/gundem44.com.tr\/index.php?rest_route=\/wp\/v2\/posts"}],"about":[{"href":"https:\/\/gundem44.com.tr\/index.php?rest_route=\/wp\/v2\/types\/post"}],"author":[{"embeddable":true,"href":"https:\/\/gundem44.com.tr\/index.php?rest_route=\/wp\/v2\/users\/1"}],"replies":[{"embeddable":true,"href":"https:\/\/gundem44.com.tr\/index.php?rest_route=%2Fwp%2Fv2%2Fcomments&post=818"}],"version-history":[{"count":1,"href":"https:\/\/gundem44.com.tr\/index.php?rest_route=\/wp\/v2\/posts\/818\/revisions"}],"predecessor-version":[{"id":820,"href":"https:\/\/gundem44.com.tr\/index.php?rest_route=\/wp\/v2\/posts\/818\/revisions\/820"}],"wp:featuredmedia":[{"embeddable":true,"href":"https:\/\/gundem44.com.tr\/index.php?rest_route=\/wp\/v2\/media\/819"}],"wp:attachment":[{"href":"https:\/\/gundem44.com.tr\/index.php?rest_route=%2Fwp%2Fv2%2Fmedia&parent=818"}],"wp:term":[{"taxonomy":"category","embeddable":true,"href":"https:\/\/gundem44.com.tr\/index.php?rest_route=%2Fwp%2Fv2%2Fcategories&post=818"},{"taxonomy":"post_tag","embeddable":true,"href":"https:\/\/gundem44.com.tr\/index.php?rest_route=%2Fwp%2Fv2%2Ftags&post=818"}],"curies":[{"name":"wp","href":"https:\/\/api.w.org\/{rel}","templated":true}]}}