{"id":815,"date":"2026-06-21T12:33:35","date_gmt":"2026-06-21T12:33:35","guid":{"rendered":"https:\/\/gundem44.com.tr\/?p=815"},"modified":"2026-06-21T13:32:06","modified_gmt":"2026-06-21T13:32:06","slug":"malatyada-kayip-aysel-yildirim-cinayete-kurban-gitti","status":"publish","type":"post","link":"https:\/\/gundem44.com.tr\/?p=815","title":{"rendered":"Malatya&#8217;da Kay\u0131p Aysel Y\u0131ld\u0131r\u0131m Cinayete Kurban Gitti"},"content":{"rendered":"\n<p class=\"wp-block-paragraph\">Adalet Bakan\u0131 G\u00fcrlek, Aysel Y\u0131ld\u0131r\u0131m&#8217;\u0131n cinayet kurban\u0131 oldu\u011funu ve 4 \u015f\u00fcphelinin g\u00f6zalt\u0131na al\u0131nd\u0131\u011f\u0131n\u0131 a\u00e7\u0131klad\u0131.<\/p>\n\n\n\n<figure class=\"wp-block-video\"><video height=\"1350\" style=\"aspect-ratio: 1080 \/ 1350;\" width=\"1080\" controls src=\"https:\/\/gundem44.com.tr\/wp-content\/uploads\/2026\/06\/Siyah-Beyaz-ve-Kirmizi-Metin-Odakli-ve-Modern-6-Subat-Depremi-Bas-Sagligi-Instagram-Gonderisi-5.mp4\"><\/video><\/figure>\n\n\n\n<p class=\"wp-block-paragraph\">ADALET Bakan\u0131 Ak\u0131n&nbsp;<a href=\"https:\/\/www.sondakika.com\/gurlek\/\">G\u00fcrlek<\/a>,&nbsp;<a href=\"https:\/\/www.sondakika.com\/malatya\/\">Malatya<\/a>&#8216;da 19 Mart&#8217;tan bu yana aranan Aysel Y\u0131ld\u0131r\u0131m&#8217;\u0131n cinayete kurban gitti\u011fini ve olaya ili\u015fkin 4 \u015f\u00fcphelinin g\u00f6zalt\u0131na al\u0131nd\u0131\u011f\u0131n\u0131 duyurdu.<\/p>\n\n\n\n<p class=\"wp-block-paragraph\">Bakan G\u00fcrlek, sanal medya hesab\u0131ndan yapt\u0131\u011f\u0131 a\u00e7\u0131klamada, &#8220;Malatya&#8217;da 19 Mart&#8217;tan bu yana sa\u011f salim bulunmas\u0131n\u0131 bekledi\u011fimiz Aysel Y\u0131ld\u0131r\u0131m evlad\u0131m\u0131zdan maalesef ac\u0131 bir haber ald\u0131k. Y\u00fcr\u00fct\u00fclen titiz soru\u015fturma neticesinde, k\u0131z\u0131m\u0131z\u0131n bir cinayete kurban gitti\u011fi ortaya \u00e7\u0131kar\u0131lm\u0131\u015ft\u0131r. Malatya Cumhuriyet Ba\u015fsavc\u0131l\u0131\u011f\u0131m\u0131z koordinesinde; \u0130l Emniyet M\u00fcd\u00fcrl\u00fc\u011f\u00fcm\u00fcz ve \u0130l Jandarma Komutanl\u0131\u011f\u0131m\u0131zla y\u00fcr\u00fct\u00fclen saha \u00e7al\u0131\u015fmalar\u0131, dijital veri analizleri, kamera kay\u0131tlar\u0131 ve tan\u0131k beyanlar\u0131 de\u011ferlendirilmi\u015f; olay\u0131n ayd\u0131nlat\u0131lmas\u0131na y\u00f6nelik \u00f6nemli delillere ula\u015f\u0131lm\u0131\u015ft\u0131r. Elde edilen bulgular do\u011frultusunda 4 \u015f\u00fcpheli g\u00f6zalt\u0131na al\u0131nm\u0131\u015f; kay\u0131p vatanda\u015f\u0131m\u0131z\u0131n cenazesine ula\u015f\u0131lmas\u0131 amac\u0131yla dere yata\u011f\u0131 ve g\u00f6m\u00fcld\u00fc\u011f\u00fc de\u011ferlendirilen b\u00f6lgelerde arama faaliyetleri ba\u015flat\u0131lm\u0131\u015ft\u0131r&#8221; dedi.<\/p>\n\n\n\n<p class=\"wp-block-paragraph\">&#8216;SORU\u015eTURMA \u00c7OK Y\u00d6NL\u00dc S\u00dcR\u00dcYOR&#8217;<\/p>\n\n\n\n<p class=\"wp-block-paragraph\">Bakan G\u00fcrlek, soru\u015fturman\u0131n \u00e7ok y\u00f6nl\u00fc ve b\u00fcy\u00fck bir hassasiyetle devam etti\u011fini kaydederek, &#8220;Bu s\u00fcre\u00e7te titiz bir \u00e7al\u0131\u015fma y\u00fcr\u00fcten Malatya Cumhuriyet Ba\u015fsavc\u0131l\u0131\u011f\u0131m\u0131za, Malatya \u0130l Emniyet M\u00fcd\u00fcrl\u00fc\u011f\u00fcm\u00fcze, Malatya \u0130l Jandarma Komutanl\u0131\u011f\u0131m\u0131za ve eme\u011fi ge\u00e7en t\u00fcm kamu g\u00f6revlilerimize te\u015fekk\u00fcr ediyorum. Adaletin tecellisi, kay\u0131p vatanda\u015flar\u0131m\u0131z\u0131n ak\u0131betinin ayd\u0131nlat\u0131lmas\u0131 ve ailelerimizin y\u00fcre\u011fine su serpilmesi i\u00e7in \u0130\u00e7i\u015fleri Bakanl\u0131\u011f\u0131m\u0131zla g\u00fc\u00e7l\u00fc koordinasyon ve tam bir e\u015fg\u00fcd\u00fcm i\u00e7inde m\u00fccadelemizi kararl\u0131l\u0131kla s\u00fcrd\u00fcrece\u011fiz&#8221; a\u00e7\u0131klamas\u0131nda bulundu.<\/p>\n","protected":false},"excerpt":{"rendered":"<p>Adalet Bakan\u0131 G\u00fcrlek, Aysel Y\u0131ld\u0131r\u0131m&#8217;\u0131n cinayet kurban\u0131 oldu\u011funu ve 4 \u015f\u00fcphelinin g\u00f6zalt\u0131na al\u0131nd\u0131\u011f\u0131n\u0131 a\u00e7\u0131klad\u0131. ADALET&#8230;<\/p>\n","protected":false},"author":1,"featured_media":816,"comment_status":"open","ping_status":"open","sticky":false,"template":"","format":"standard","meta":{"footnotes":""},"categories":[18],"tags":[],"class_list":["post-815","post","type-post","status-publish","format-standard","has-post-thumbnail","hentry","category-guncel"],"_links":{"self":[{"href":"https:\/\/gundem44.com.tr\/index.php?rest_route=\/wp\/v2\/posts\/815","targetHints":{"allow":["GET"]}}],"collection":[{"href":"https:\/\/gundem44.com.tr\/index.php?rest_route=\/wp\/v2\/posts"}],"about":[{"href":"https:\/\/gundem44.com.tr\/index.php?rest_route=\/wp\/v2\/types\/post"}],"author":[{"embeddable":true,"href":"https:\/\/gundem44.com.tr\/index.php?rest_route=\/wp\/v2\/users\/1"}],"replies":[{"embeddable":true,"href":"https:\/\/gundem44.com.tr\/index.php?rest_route=%2Fwp%2Fv2%2Fcomments&post=815"}],"version-history":[{"count":2,"href":"https:\/\/gundem44.com.tr\/index.php?rest_route=\/wp\/v2\/posts\/815\/revisions"}],"predecessor-version":[{"id":822,"href":"https:\/\/gundem44.com.tr\/index.php?rest_route=\/wp\/v2\/posts\/815\/revisions\/822"}],"wp:featuredmedia":[{"embeddable":true,"href":"https:\/\/gundem44.com.tr\/index.php?rest_route=\/wp\/v2\/media\/816"}],"wp:attachment":[{"href":"https:\/\/gundem44.com.tr\/index.php?rest_route=%2Fwp%2Fv2%2Fmedia&parent=815"}],"wp:term":[{"taxonomy":"category","embeddable":true,"href":"https:\/\/gundem44.com.tr\/index.php?rest_route=%2Fwp%2Fv2%2Fcategories&post=815"},{"taxonomy":"post_tag","embeddable":true,"href":"https:\/\/gundem44.com.tr\/index.php?rest_route=%2Fwp%2Fv2%2Ftags&post=815"}],"curies":[{"name":"wp","href":"https:\/\/api.w.org\/{rel}","templated":true}]}}