{"id":812,"date":"2026-06-21T12:32:06","date_gmt":"2026-06-21T12:32:06","guid":{"rendered":"https:\/\/gundem44.com.tr\/?p=812"},"modified":"2026-06-21T12:32:06","modified_gmt":"2026-06-21T12:32:06","slug":"malatyada-aile-projesi-kapanis-toplantisi","status":"publish","type":"post","link":"https:\/\/gundem44.com.tr\/?p=812","title":{"rendered":"Malatya&#8217;da Aile Projesi Kapan\u0131\u015f Toplant\u0131s\u0131"},"content":{"rendered":"\n<p class=\"wp-block-paragraph\">Depremzedelere destek i\u00e7in ger\u00e7ekle\u015ftirilen 365 G\u00fcn Aile Projesi&#8217;nin kapan\u0131\u015f\u0131 yap\u0131ld\u0131.<\/p>\n\n\n\n<p class=\"wp-block-paragraph\"><a href=\"https:\/\/www.sondakika.com\/malatya\/\">Malatya<\/a>&#8216;da, \u0130\u00e7i\u015fleri Bakanl\u0131\u011f\u0131 Sivil Toplumla \u0130li\u015fkiler Genel M\u00fcd\u00fcrl\u00fc\u011f\u00fcn\u00fcn destekledi\u011fi ve De\u011ferli Hayatlar&nbsp;<a href=\"https:\/\/www.sondakika.com\/egitim\/\">E\u011fitim<\/a>&nbsp;Derne\u011fi (DEHADER) taraf\u0131ndan y\u00fcr\u00fct\u00fclen &#8220;365 G\u00fcn Aile Projesi&#8221;nin kapan\u0131\u015f ve de\u011ferlendirme toplant\u0131s\u0131 yap\u0131ld\u0131.<\/p>\n\n\n\n<p class=\"wp-block-paragraph\">Aile Y\u0131l\u0131 kapsam\u0131nda hayata ge\u00e7irilen projeyle, depremden etkilenen ailelerin psikososyal dayan\u0131kl\u0131l\u0131\u011f\u0131n\u0131n art\u0131r\u0131lmas\u0131, aile i\u00e7i ileti\u015fimin g\u00fc\u00e7lendirilmesi ve toplumsal dayan\u0131\u015fman\u0131n desteklenmesi amac\u0131yla bir y\u0131l boyunca \u00e7e\u015fitli e\u011fitim, rehberlik ile sosyal ve k\u00fclt\u00fcrel faaliyetler ger\u00e7ekle\u015ftirildi.<\/p>\n\n\n\n<p class=\"wp-block-paragraph\">Ye\u015filyurt Gedik Sosyal Tesisleri&#8217;nde d\u00fczenlenen programda konu\u015fan DEHADER Y\u00f6netim Kurulu Ba\u015fkan\u0131 Mine Yeter, projenin aileyi g\u00fc\u00e7lendiren ve toplumsal dayan\u0131\u015fmay\u0131 art\u0131ran \u00f6nemli bir sosyal sorumluluk modeli oldu\u011funu belirtti.<\/p>\n\n\n\n<p class=\"wp-block-paragraph\">Vali Yard\u0131mc\u0131s\u0131 Ahmet Korkmaz, Ye\u015filyurt Belediye Ba\u015fkan Yard\u0131mc\u0131s\u0131 Sabri Ak\u0131n, Battalgazi Rehberlik ve Ara\u015ft\u0131rma Merkezi M\u00fcd\u00fcr\u00fc Mesut A\u015f\u0131k ile Proje Koordinat\u00f6r\u00fc Fatih Kaya da projenin \u00f6nemine de\u011finerek eme\u011fi ge\u00e7enlere te\u015fekk\u00fcr etti.<\/p>\n\n\n\n<p class=\"wp-block-paragraph\">Toplant\u0131ya, Sivil Toplumla \u0130li\u015fkiler \u0130l M\u00fcd\u00fcr\u00fc Bilal \u00c7ak\u0131r, aile ment\u00f6rleri, rehber \u00f6\u011fretmenler ve ilgililer kat\u0131ld\u0131.<\/p>\n","protected":false},"excerpt":{"rendered":"<p>Depremzedelere destek i\u00e7in ger\u00e7ekle\u015ftirilen 365 G\u00fcn Aile Projesi&#8217;nin kapan\u0131\u015f\u0131 yap\u0131ld\u0131. Malatya&#8216;da, \u0130\u00e7i\u015fleri Bakanl\u0131\u011f\u0131 Sivil Toplumla&#8230;<\/p>\n","protected":false},"author":1,"featured_media":813,"comment_status":"open","ping_status":"open","sticky":false,"template":"","format":"standard","meta":{"footnotes":""},"categories":[18],"tags":[],"class_list":["post-812","post","type-post","status-publish","format-standard","has-post-thumbnail","hentry","category-guncel"],"_links":{"self":[{"href":"https:\/\/gundem44.com.tr\/index.php?rest_route=\/wp\/v2\/posts\/812","targetHints":{"allow":["GET"]}}],"collection":[{"href":"https:\/\/gundem44.com.tr\/index.php?rest_route=\/wp\/v2\/posts"}],"about":[{"href":"https:\/\/gundem44.com.tr\/index.php?rest_route=\/wp\/v2\/types\/post"}],"author":[{"embeddable":true,"href":"https:\/\/gundem44.com.tr\/index.php?rest_route=\/wp\/v2\/users\/1"}],"replies":[{"embeddable":true,"href":"https:\/\/gundem44.com.tr\/index.php?rest_route=%2Fwp%2Fv2%2Fcomments&post=812"}],"version-history":[{"count":1,"href":"https:\/\/gundem44.com.tr\/index.php?rest_route=\/wp\/v2\/posts\/812\/revisions"}],"predecessor-version":[{"id":814,"href":"https:\/\/gundem44.com.tr\/index.php?rest_route=\/wp\/v2\/posts\/812\/revisions\/814"}],"wp:featuredmedia":[{"embeddable":true,"href":"https:\/\/gundem44.com.tr\/index.php?rest_route=\/wp\/v2\/media\/813"}],"wp:attachment":[{"href":"https:\/\/gundem44.com.tr\/index.php?rest_route=%2Fwp%2Fv2%2Fmedia&parent=812"}],"wp:term":[{"taxonomy":"category","embeddable":true,"href":"https:\/\/gundem44.com.tr\/index.php?rest_route=%2Fwp%2Fv2%2Fcategories&post=812"},{"taxonomy":"post_tag","embeddable":true,"href":"https:\/\/gundem44.com.tr\/index.php?rest_route=%2Fwp%2Fv2%2Ftags&post=812"}],"curies":[{"name":"wp","href":"https:\/\/api.w.org\/{rel}","templated":true}]}}