{"id":806,"date":"2026-06-21T12:29:38","date_gmt":"2026-06-21T12:29:38","guid":{"rendered":"https:\/\/gundem44.com.tr\/?p=806"},"modified":"2026-06-21T12:29:39","modified_gmt":"2026-06-21T12:29:39","slug":"malatya-buyuksehir-belediyesi-kentin-altyapisini-tamamen-yeniliyor","status":"publish","type":"post","link":"https:\/\/gundem44.com.tr\/?p=806","title":{"rendered":"Malatya B\u00fcy\u00fck\u015fehir Belediyesi kentin altyap\u0131s\u0131n\u0131 tamamen yeniliyor"},"content":{"rendered":"\n<p class=\"wp-block-paragraph\">Malatya B\u00fcy\u00fck\u015fehir Belediye Ba\u015fkan\u0131 Sami Er, kentte 35 milyar liral\u0131k altyap\u0131 yat\u0131r\u0131m\u0131 yapt\u0131klar\u0131n\u0131 belirterek diren\u00e7li ve g\u00fc\u00e7l\u00fc bir \u015fehir olu\u015fturduklar\u0131n\u0131 s\u00f6yledi. Muhtarlarla bir araya gelen Ba\u015fkan Er, Malatya&#8217;da altyap\u0131dan yollara kadar kapsaml\u0131 \u00e7al\u0131\u015fmalar y\u00fcr\u00fct\u00fcld\u00fc\u011f\u00fcn\u00fc ifade etti.<\/p>\n\n\n\n<p class=\"wp-block-paragraph\"><a href=\"https:\/\/www.sondakika.com\/malatya\/\">Malatya<\/a>&nbsp;B\u00fcy\u00fck\u015fehir Belediye Ba\u015fkan\u0131&nbsp;<a href=\"https:\/\/www.sondakika.com\/sami-er\/\">Sami Er<\/a>, Malatya&#8217;da 35 milyar liral\u0131k altyap\u0131 yat\u0131r\u0131m\u0131 yapt\u0131klar\u0131n\u0131 belirterek diren\u00e7li bir \u015fehir olu\u015fturduklar\u0131n\u0131 s\u00f6yledi. Ba\u015fkan Er, Malatya Beyda\u011f\u0131 Muhtarlar Derne\u011fi Ba\u015fkan\u0131 H\u00fcseyin Ba\u015f\u0131b\u00fcy\u00fck ve dernek \u00fcyesi muhtarlarla F\u0131rat Toplant\u0131 Salonu&#8217;nda bir araya geldi. Toplant\u0131da muhtarlar\u0131n talep ve isteklerini dinleyen Er, kentte y\u00fcr\u00fct\u00fclen altyap\u0131, yol ve yeniden yap\u0131lanma \u00e7al\u0131\u015fmalar\u0131na ili\u015fkin de\u011ferlendirmelerde bulundu.&nbsp;Malatya&#8217;da depremin izlerinin tamamen silinmesi i\u00e7in \u00e7al\u0131\u015fmalar\u0131n final a\u015famas\u0131na geldi\u011fini ifade eden Ba\u015fkan Sami Er, sadece depremin yaralar\u0131n\u0131 sarmad\u0131klar\u0131n\u0131, ayn\u0131 zamanda gelece\u011fin Malatya&#8217;s\u0131n\u0131 in\u015fa ettiklerini s\u00f6yledi. TOK\u0130 ve Emlak Konut tecr\u00fcbesi, belediyecilik ve il \u00f6zel idaresindeki birikimleriyle birlikte kentte g\u00fc\u00e7l\u00fc bir \u00e7al\u0131\u015fma y\u00fcr\u00fctt\u00fcklerini belirten Er, birka\u00e7 ay sonra vatanda\u015flar\u0131n farkl\u0131 bir Malatya g\u00f6rece\u011fini ifade etti.<\/p>\n\n\n\n<figure class=\"wp-block-image\"><img decoding=\"async\" src=\"https:\/\/foto.sondakika.com\/haber\/2026\/06\/21\/malatya-buyuksehir-belediyesi-82010490-9209_1_m.jpg\" alt=\"&lt;a class='keyword-sd' href='\/malatya-buyuksehir-belediyesi\/' title='Malatya B\u00fcy\u00fck\u015fehir Belediyesi'&gt;Malatya B\u00fcy\u00fck\u015fehir Belediyesi&lt;\/a&gt; kentin altyap\u0131s\u0131n\u0131 tamamen yeniliyor\"\/><\/figure>\n\n\n\n<h3 class=\"wp-block-heading\">35 M\u0130LYAR L\u0130RALIK ALTYAPI YATIRIMI YAPILIYOR<\/h3>\n\n\n\n<p class=\"wp-block-paragraph\">Ba\u015fkan Sami Er, Malatya&#8217;n\u0131n yaln\u0131zca binalar\u0131yla de\u011fil, altyap\u0131s\u0131yla da g\u00fc\u00e7l\u00fc hale getirilmesi i\u00e7in kapsaml\u0131 \u00e7al\u0131\u015fmalar y\u00fcr\u00fctt\u00fcklerini belirtti. Kent genelinde 35 milyar liral\u0131k altyap\u0131 yat\u0131r\u0131m\u0131 yap\u0131ld\u0131\u011f\u0131n\u0131 ifade eden Er, diren\u00e7li bir \u015fehir ve gelece\u011fin Malatya&#8217;s\u0131n\u0131 olu\u015fturmak i\u00e7in altyap\u0131n\u0131n tamamen yenilendi\u011fini s\u00f6yledi.&nbsp;Er, hem k\u0131rsalda hem de merkez mahallelerde ciddi \u00e7al\u0131\u015fmalar y\u00fcr\u00fct\u00fcld\u00fc\u011f\u00fcn\u00fc belirterek, asbestli borular\u0131n tamam\u0131n\u0131n de\u011fi\u015ftirildi\u011fini kaydetti. Kanalizasyon, ar\u0131tma, ya\u011fmur suyu hatlar\u0131 ve yer alt\u0131 sular\u0131n\u0131n de\u015farj\u0131 gibi alanlarda \u00f6nemli yat\u0131r\u0131mlar yap\u0131ld\u0131\u011f\u0131n\u0131 aktaran Ba\u015fkan Er, altyap\u0131 \u00e7al\u0131\u015fmalar\u0131n\u0131n kentin uzun vadeli ihtiya\u00e7lar\u0131 dikkate al\u0131narak planland\u0131\u011f\u0131n\u0131 vurgulad\u0131.&nbsp;Malatya&#8217;da y\u00fcr\u00fct\u00fclen yat\u0131r\u0131mlar\u0131n sadece mevcut sorunlar\u0131 gidermeye y\u00f6nelik olmad\u0131\u011f\u0131n\u0131 belirten Er, deprem sonras\u0131 daha g\u00fcvenli, g\u00fc\u00e7l\u00fc ve s\u00fcrd\u00fcr\u00fclebilir bir \u015fehir altyap\u0131s\u0131 olu\u015fturmay\u0131 hedeflediklerini ifade etti. Ba\u015fkan Er, &#8220;Biz diren\u00e7li bir \u015fehir ve gelece\u011fin Malatya&#8217;s\u0131n\u0131 olu\u015fturuyoruz. O nedenle altyap\u0131y\u0131 tamamen yeniliyoruz&#8221; s\u00f6zleriyle yap\u0131lan \u00e7al\u0131\u015fmalar\u0131n \u00f6nemine dikkat \u00e7ekti.<\/p>\n\n\n\n<h3 class=\"wp-block-heading\">MUHTARLARIN TALEPLER\u0130 TEK TEK D\u0130NLEND\u0130<\/h3>\n\n\n\n<p class=\"wp-block-paragraph\">F\u0131rat Toplant\u0131 Salonu&#8217;nda d\u00fczenlenen bulu\u015fmada Ba\u015fkan Sami Er, Malatya Beyda\u011f\u0131 Muhtarlar Derne\u011fi Ba\u015fkan\u0131 H\u00fcseyin Ba\u015f\u0131b\u00fcy\u00fck ve dernek \u00fcyesi muhtarlar\u0131n talep ve \u00f6nerilerini dinledi. Mahallelerde ya\u015fanan sorunlar, devam eden altyap\u0131 \u00e7al\u0131\u015fmalar\u0131, yol ihtiya\u00e7lar\u0131 ve hizmet beklentileri toplant\u0131da ele al\u0131nd\u0131.&nbsp;Ba\u015fkan Er, muhtarlardan gelen talepler \u00fczerine ilgili daire ba\u015fkanl\u0131klar\u0131 ve genel m\u00fcd\u00fcrlerle an\u0131nda g\u00f6r\u00fc\u015fmeler yapt\u0131. Kendisine iletilen isteklerle ilgili gerekli talimatlar\u0131 veren Er, mahallelerdeki sorunlar\u0131n h\u0131zl\u0131 \u015fekilde \u00e7\u00f6z\u00fcme kavu\u015fturulmas\u0131 i\u00e7in ilgili birimlerin koordineli \u00e7al\u0131\u015faca\u011f\u0131n\u0131 belirtti.&nbsp;Altyap\u0131 \u00e7al\u0131\u015fmalar\u0131 s\u0131ras\u0131nda bozulan yollar\u0131n da yeniden yap\u0131ld\u0131\u011f\u0131n\u0131 ifade eden Ba\u015fkan Er, k\u0131rsal b\u00f6lgelerdeki yol sorunlar\u0131n\u0131n \u00e7\u00f6z\u00fcm\u00fc i\u00e7in \u00e7al\u0131\u015fmalar\u0131n s\u00fcrd\u00fc\u011f\u00fcn\u00fc s\u00f6yledi. Malatya&#8217;da herkesin g\u00f6\u011fs\u00fcn\u00fc gererek &#8220;G\u00fczel \u015feyler oluyor&#8221; diyebilece\u011fi hizmetler yapt\u0131klar\u0131n\u0131 dile getiren Er, depremin izlerinin silindi\u011fi, altyap\u0131s\u0131 g\u00fc\u00e7lendirilmi\u015f ve gelece\u011fe haz\u0131rlanan bir Malatya i\u00e7in \u00e7al\u0131\u015fmaya devam ettiklerini kaydetti.<\/p>\n","protected":false},"excerpt":{"rendered":"<p>Malatya B\u00fcy\u00fck\u015fehir Belediye Ba\u015fkan\u0131 Sami Er, kentte 35 milyar liral\u0131k altyap\u0131 yat\u0131r\u0131m\u0131 yapt\u0131klar\u0131n\u0131 belirterek diren\u00e7li&#8230;<\/p>\n","protected":false},"author":1,"featured_media":807,"comment_status":"open","ping_status":"open","sticky":false,"template":"","format":"standard","meta":{"footnotes":""},"categories":[18],"tags":[],"class_list":["post-806","post","type-post","status-publish","format-standard","has-post-thumbnail","hentry","category-guncel"],"_links":{"self":[{"href":"https:\/\/gundem44.com.tr\/index.php?rest_route=\/wp\/v2\/posts\/806","targetHints":{"allow":["GET"]}}],"collection":[{"href":"https:\/\/gundem44.com.tr\/index.php?rest_route=\/wp\/v2\/posts"}],"about":[{"href":"https:\/\/gundem44.com.tr\/index.php?rest_route=\/wp\/v2\/types\/post"}],"author":[{"embeddable":true,"href":"https:\/\/gundem44.com.tr\/index.php?rest_route=\/wp\/v2\/users\/1"}],"replies":[{"embeddable":true,"href":"https:\/\/gundem44.com.tr\/index.php?rest_route=%2Fwp%2Fv2%2Fcomments&post=806"}],"version-history":[{"count":1,"href":"https:\/\/gundem44.com.tr\/index.php?rest_route=\/wp\/v2\/posts\/806\/revisions"}],"predecessor-version":[{"id":808,"href":"https:\/\/gundem44.com.tr\/index.php?rest_route=\/wp\/v2\/posts\/806\/revisions\/808"}],"wp:featuredmedia":[{"embeddable":true,"href":"https:\/\/gundem44.com.tr\/index.php?rest_route=\/wp\/v2\/media\/807"}],"wp:attachment":[{"href":"https:\/\/gundem44.com.tr\/index.php?rest_route=%2Fwp%2Fv2%2Fmedia&parent=806"}],"wp:term":[{"taxonomy":"category","embeddable":true,"href":"https:\/\/gundem44.com.tr\/index.php?rest_route=%2Fwp%2Fv2%2Fcategories&post=806"},{"taxonomy":"post_tag","embeddable":true,"href":"https:\/\/gundem44.com.tr\/index.php?rest_route=%2Fwp%2Fv2%2Ftags&post=806"}],"curies":[{"name":"wp","href":"https:\/\/api.w.org\/{rel}","templated":true}]}}