{"id":803,"date":"2026-06-21T12:27:52","date_gmt":"2026-06-21T12:27:52","guid":{"rendered":"https:\/\/gundem44.com.tr\/?p=803"},"modified":"2026-06-21T12:27:53","modified_gmt":"2026-06-21T12:27:53","slug":"malatyada-feci-kaza-1-olu-5-yarali","status":"publish","type":"post","link":"https:\/\/gundem44.com.tr\/?p=803","title":{"rendered":"Malatya&#8217;da Feci Kaza: 1 \u00d6l\u00fc, 5 Yaral\u0131"},"content":{"rendered":"\n<p class=\"wp-block-paragraph\">Malatya&#8217;da 3 otomobilin \u00e7arp\u0131\u015ft\u0131\u011f\u0131 kazada 1 ki\u015fi ya\u015fam\u0131n\u0131 yitirirken, 5 ki\u015fi yaraland\u0131.<\/p>\n\n\n\n<p class=\"wp-block-paragraph\"><a href=\"https:\/\/www.sondakika.com\/malatya\/\">Malatya<\/a>&nbsp;kara yolunda 3 otomobilin \u00e7arp\u0131\u015ft\u0131\u011f\u0131, birinin alev ald\u0131\u011f\u0131 kazada 1 ki\u015fi hayat\u0131n\u0131 kaybetti, 5 ki\u015fi yaraland\u0131.<\/p>\n\n\n\n<p class=\"wp-block-paragraph\"><a href=\"https:\/\/www.sondakika.com\/kaza\/\">Kaza<\/a>, saat 03.00 s\u0131ralar\u0131nda Kayseri- Malatya kara yolu Solaklar Mahallesi mevkisinde meydana geldi. M.N. (25) idaresindeki 38 AJR 936 plakal\u0131 otomobil, B.B. y\u00f6netimindeki 38 APT 245 plakal\u0131 otomobil ve S.Y. (34) hakimiyetindeki 46 AEJ 014 plakal\u0131 otomobil \u00e7arp\u0131\u015ft\u0131. \u00c7arp\u0131\u015fman\u0131n etkisiyle otomobillerden biri alev ald\u0131. Kazada s\u00fcr\u00fcc\u00fc M.N. (25) olay yerinde hayat\u0131n\u0131 kaybetti, ara\u00e7larda bulunan S.Y., T.Y. (54), M.A. (28), E.B. (42) ve B.B. yaraland\u0131. \u0130hbarla kaza yerine sa\u011fl\u0131k, jandarma, itfaiye ve polis ekipleri sevk edildi. Alev alan otomobil, itfaiyenin \u00e7al\u0131\u015fmas\u0131 sonucu s\u00f6nd\u00fcr\u00fcld\u00fc. Yaral\u0131lar ekiplerin ilk m\u00fcdahalesinin ard\u0131ndan hastaneye kald\u0131r\u0131ld\u0131. Kazayla ilgili soru\u015fturma ba\u015flat\u0131ld\u0131.<\/p>\n","protected":false},"excerpt":{"rendered":"<p>Malatya&#8217;da 3 otomobilin \u00e7arp\u0131\u015ft\u0131\u011f\u0131 kazada 1 ki\u015fi ya\u015fam\u0131n\u0131 yitirirken, 5 ki\u015fi yaraland\u0131. Malatya&nbsp;kara yolunda 3&#8230;<\/p>\n","protected":false},"author":1,"featured_media":804,"comment_status":"open","ping_status":"open","sticky":false,"template":"","format":"standard","meta":{"footnotes":""},"categories":[18],"tags":[],"class_list":["post-803","post","type-post","status-publish","format-standard","has-post-thumbnail","hentry","category-guncel"],"_links":{"self":[{"href":"https:\/\/gundem44.com.tr\/index.php?rest_route=\/wp\/v2\/posts\/803","targetHints":{"allow":["GET"]}}],"collection":[{"href":"https:\/\/gundem44.com.tr\/index.php?rest_route=\/wp\/v2\/posts"}],"about":[{"href":"https:\/\/gundem44.com.tr\/index.php?rest_route=\/wp\/v2\/types\/post"}],"author":[{"embeddable":true,"href":"https:\/\/gundem44.com.tr\/index.php?rest_route=\/wp\/v2\/users\/1"}],"replies":[{"embeddable":true,"href":"https:\/\/gundem44.com.tr\/index.php?rest_route=%2Fwp%2Fv2%2Fcomments&post=803"}],"version-history":[{"count":1,"href":"https:\/\/gundem44.com.tr\/index.php?rest_route=\/wp\/v2\/posts\/803\/revisions"}],"predecessor-version":[{"id":805,"href":"https:\/\/gundem44.com.tr\/index.php?rest_route=\/wp\/v2\/posts\/803\/revisions\/805"}],"wp:featuredmedia":[{"embeddable":true,"href":"https:\/\/gundem44.com.tr\/index.php?rest_route=\/wp\/v2\/media\/804"}],"wp:attachment":[{"href":"https:\/\/gundem44.com.tr\/index.php?rest_route=%2Fwp%2Fv2%2Fmedia&parent=803"}],"wp:term":[{"taxonomy":"category","embeddable":true,"href":"https:\/\/gundem44.com.tr\/index.php?rest_route=%2Fwp%2Fv2%2Fcategories&post=803"},{"taxonomy":"post_tag","embeddable":true,"href":"https:\/\/gundem44.com.tr\/index.php?rest_route=%2Fwp%2Fv2%2Ftags&post=803"}],"curies":[{"name":"wp","href":"https:\/\/api.w.org\/{rel}","templated":true}]}}