{"id":800,"date":"2026-06-21T10:52:50","date_gmt":"2026-06-21T10:52:50","guid":{"rendered":"https:\/\/gundem44.com.tr\/?p=800"},"modified":"2026-06-21T10:52:51","modified_gmt":"2026-06-21T10:52:51","slug":"uyusturucu-test-sonucu-pozitif-cikan-kenan-doguludan-ilk-aciklama","status":"publish","type":"post","link":"https:\/\/gundem44.com.tr\/?p=800","title":{"rendered":"Uyu\u015fturucu test sonucu pozitif \u00e7\u0131kan Kenan Do\u011fulu&#8217;dan ilk a\u00e7\u0131klama"},"content":{"rendered":"\n<p class=\"wp-block-paragraph\">Uyu\u015fturucu soru\u015fturmas\u0131 kapsam\u0131nda g\u00f6zalt\u0131na al\u0131nan, uyu\u015fturucu test sonucu pozitif \u00e7\u0131kan \u00fcnl\u00fc \u015fark\u0131s\u0131 Kenan Do\u011fulu&#8217;dan ilk a\u00e7\u0131klama geldi. Kendi yapt\u0131rd\u0131\u011f\u0131 test sonucunu payla\u015fan Do\u011fulu, &#8220;Test yapt\u0131rd\u0131m ve negatif \u00e7\u0131kt\u0131. Ger\u00e7e\u011fi yans\u0131tmayan baz\u0131 iddialarla ad\u0131m\u0131n an\u0131ld\u0131\u011f\u0131n\u0131 \u00fcz\u00fclerek g\u00f6r\u00fcyorum. Adalete olan inanc\u0131m tamd\u0131r.&#8221; dedi.<\/p>\n\n\n\n<p class=\"wp-block-paragraph\">\u0130stanbul Cumhuriyet Ba\u015fsavc\u0131l\u0131\u011f\u0131 koordinesinde y\u00fcr\u00fct\u00fclen soru\u015fturma kapsam\u0131nda, \u00fcnl\u00fc isimlerin de bulundu\u011fu 23 \u015f\u00fcpheli hakk\u0131nda i\u015flem yap\u0131ld\u0131. \u015e\u00fcphelilerin sosyal medya payla\u015f\u0131mlar\u0131 ile teknik ve fiziki takip \u00e7al\u0131\u015fmalar\u0131 sonucunda \u00e7e\u015fitli su\u00e7lara ili\u015fkin delillere ula\u015f\u0131ld\u0131\u011f\u0131 kaydedildi. Soru\u015fturma \u00e7er\u00e7evesinde \u015f\u00fcpheliler, Adli T\u0131p Kurumu\u2019nda kan ve sa\u00e7 \u00f6rnekleri verildi.<\/p>\n\n\n\n<h3 class=\"wp-block-heading\">8 \u0130SM\u0130N UYU\u015eTURUCU TEST\u0130 SONUCU POZ\u0130T\u0130F<\/h3>\n\n\n\n<p class=\"wp-block-paragraph\">Al\u0131nan \u00f6rneklerin incelenmesi sonucu Ali Efe Bezci, Berdan Mardini, Enis Ar\u0131kan,&nbsp;<a href=\"https:\/\/www.sondakika.com\/kenan-dogulu\/\">Kenan Do\u011fulu<\/a>, O\u011fuzhan Beker, Ozan Do\u011fulu, Tolga \u00c7am ve Ya\u015far \u0130pek\u2019in uyu\u015fturucu madde testlerinin pozitif \u00e7\u0131kt\u0131\u011f\u0131 belirtildi.<\/p>\n\n\n\n<p class=\"wp-block-paragraph\"><img decoding=\"async\" alt=\"Kenan Do\u011fulu\" src=\"https:\/\/foto.sondakika.com\/haber\/2026\/06\/18\/uyusturucu-test-sonucu-pozitif-19964839-2756_1_m.jpg\">Kenan Do\u011fulu<\/p>\n\n\n\n<h3 class=\"wp-block-heading\">KENAN DO\u011eULU, KEND\u0130 YAPTIRDI\u011eI TEST\u0130 PAYLA\u015eTI<\/h3>\n\n\n\n<p class=\"wp-block-paragraph\">\u00dcnl\u00fc \u015fark\u0131c\u0131 Kenan Do\u011fulu&#8217;dan ilk a\u00e7\u0131klama geldi. Kendi yapt\u0131rd\u0131\u011f\u0131 testin sonucunu payla\u015fan Do\u011fulu, sosyal medya hesab\u0131ndan yapt\u0131\u011f\u0131 a\u00e7\u0131klamada \u015funu s\u00f6yledi: &#8220;Bug\u00fcn ger\u00e7e\u011fi yans\u0131tmayan baz\u0131 iddialarla ad\u0131m\u0131n an\u0131ld\u0131\u011f\u0131n\u0131 \u00fcz\u00fclerek g\u00f6r\u00fcyorum. Y\u00fcr\u00fct\u00fclen soru\u015fturma kapsam\u0131nda savc\u0131l\u0131kta verdi\u011fim ifade ve Adli T\u0131p Kurumu&#8217;nun incelemelerinin ard\u0131ndan, ayn\u0131 gece kendi talebimle Sa\u011fl\u0131k Bakanl\u0131\u011f\u0131 onayl\u0131 bir laboratuvarda idrar, kan ve sa\u00e7 testleri yapt\u0131rd\u0131m.<\/p>\n\n\n\n<h3 class=\"wp-block-heading\">&#8220;SONU\u00c7 NEGAT\u0130F \u00c7IKTI&#8221;<\/h3>\n\n\n\n<p class=\"wp-block-paragraph\">Bu testlerden ilk sonu\u00e7 olan idrar analizinin beklendi\u011fi \u015fekilde negatif \u00e7\u0131kt\u0131\u011f\u0131n\u0131, kan ve sa\u00e7 analizlerinin de ayn\u0131 \u015fekilde sonu\u00e7lanaca\u011f\u0131na dair hi\u00e7bir teredd\u00fct ta\u015f\u0131mad\u0131\u011f\u0131m\u0131 payla\u015fmak isterim. Adalete olan inanc\u0131m tamd\u0131r; bu s\u00fcrecin en k\u0131sa s\u00fcrede netlik kazanaca\u011f\u0131na ve ger\u00e7e\u011fin ortaya \u00e7\u0131kaca\u011f\u0131na t\u00fcm kalbimle inan\u0131yorum.&#8221;<\/p>\n\n\n\n<figure class=\"wp-block-image\"><img decoding=\"async\" src=\"https:\/\/foto.sondakika.com\/haber\/2026\/06\/18\/uyusturucu-test-sonucu-pozitif-19964839-1733_1_m.jpg\" alt=\"Uyu\u015fturucu test sonucu pozitif \u00e7\u0131kan Kenan Do\u011fulu'dan ilk a\u00e7\u0131klama\"\/><\/figure>\n\n\n\n<p class=\"wp-block-paragraph\"><a href=\"https:\/\/www.sondakika.com\/kenan-dogulu\/\"><strong>Kenan Do\u011fulu<\/strong><\/a><\/p>\n","protected":false},"excerpt":{"rendered":"<p>Uyu\u015fturucu soru\u015fturmas\u0131 kapsam\u0131nda g\u00f6zalt\u0131na al\u0131nan, uyu\u015fturucu test sonucu pozitif \u00e7\u0131kan \u00fcnl\u00fc \u015fark\u0131s\u0131 Kenan Do\u011fulu&#8217;dan ilk&#8230;<\/p>\n","protected":false},"author":1,"featured_media":801,"comment_status":"open","ping_status":"open","sticky":false,"template":"","format":"standard","meta":{"footnotes":""},"categories":[34],"tags":[],"class_list":["post-800","post","type-post","status-publish","format-standard","has-post-thumbnail","hentry","category-magazin"],"_links":{"self":[{"href":"https:\/\/gundem44.com.tr\/index.php?rest_route=\/wp\/v2\/posts\/800","targetHints":{"allow":["GET"]}}],"collection":[{"href":"https:\/\/gundem44.com.tr\/index.php?rest_route=\/wp\/v2\/posts"}],"about":[{"href":"https:\/\/gundem44.com.tr\/index.php?rest_route=\/wp\/v2\/types\/post"}],"author":[{"embeddable":true,"href":"https:\/\/gundem44.com.tr\/index.php?rest_route=\/wp\/v2\/users\/1"}],"replies":[{"embeddable":true,"href":"https:\/\/gundem44.com.tr\/index.php?rest_route=%2Fwp%2Fv2%2Fcomments&post=800"}],"version-history":[{"count":1,"href":"https:\/\/gundem44.com.tr\/index.php?rest_route=\/wp\/v2\/posts\/800\/revisions"}],"predecessor-version":[{"id":802,"href":"https:\/\/gundem44.com.tr\/index.php?rest_route=\/wp\/v2\/posts\/800\/revisions\/802"}],"wp:featuredmedia":[{"embeddable":true,"href":"https:\/\/gundem44.com.tr\/index.php?rest_route=\/wp\/v2\/media\/801"}],"wp:attachment":[{"href":"https:\/\/gundem44.com.tr\/index.php?rest_route=%2Fwp%2Fv2%2Fmedia&parent=800"}],"wp:term":[{"taxonomy":"category","embeddable":true,"href":"https:\/\/gundem44.com.tr\/index.php?rest_route=%2Fwp%2Fv2%2Fcategories&post=800"},{"taxonomy":"post_tag","embeddable":true,"href":"https:\/\/gundem44.com.tr\/index.php?rest_route=%2Fwp%2Fv2%2Ftags&post=800"}],"curies":[{"name":"wp","href":"https:\/\/api.w.org\/{rel}","templated":true}]}}