{"id":790,"date":"2026-06-21T10:36:05","date_gmt":"2026-06-21T10:36:05","guid":{"rendered":"https:\/\/gundem44.com.tr\/?p=790"},"modified":"2026-06-21T10:36:05","modified_gmt":"2026-06-21T10:36:05","slug":"62-yasindaki-yonca-bikiniyi-giyip-denize-indi-fit-gorunumune-yorum-yagdi","status":"publish","type":"post","link":"https:\/\/gundem44.com.tr\/?p=790","title":{"rendered":"62 ya\u015f\u0131ndaki Yonca bikiniyi giyip denize indi! Fit g\u00f6r\u00fcn\u00fcm\u00fcne yorum ya\u011fd\u0131"},"content":{"rendered":"\n<p class=\"wp-block-paragraph\">Karada\u011f&#8217;da tatil yapan Yonca Evcimik, Adriyatik Denizi&#8217;nde \u00e7ekilen karelerini payla\u015ft\u0131. 62 ya\u015f\u0131ndaki sanat\u00e7\u0131n\u0131n fit g\u00f6r\u00fcn\u00fcm\u00fc takip\u00e7ilerinin dikkatini \u00e7ekerken, payla\u015f\u0131mlar\u0131na &#8220;Kim der 62 ya\u015f\u0131nda&#8221;, &#8220;H\u00e2l\u00e2 \u00e7ok g\u00fczel&#8221; ve &#8220;\u00c7\u0131lg\u0131n Bedi\u015f&#8217;ten beri hi\u00e7 de\u011fi\u015fmemi\u015fsin&#8221; gibi yorumlar yap\u0131ld\u0131.<\/p>\n\n\n\n<figure class=\"wp-block-video\"><video height=\"1080\" style=\"aspect-ratio: 1920 \/ 1080;\" width=\"1920\" controls src=\"https:\/\/gundem44.com.tr\/wp-content\/uploads\/2026\/06\/download-1.mp4\"><\/video><\/figure>\n\n\n\n<p class=\"wp-block-paragraph\">T\u00fcrk pop m\u00fczi\u011finin sevilen isimlerinden&nbsp;<a href=\"https:\/\/www.sondakika.com\/yonca-evcimik\/\">Yonca Evcimik<\/a>, tatil sezonunu&nbsp;<a href=\"https:\/\/www.sondakika.com\/karadag\/\">Karada\u011f<\/a>&#8216;da a\u00e7t\u0131.&nbsp;<a href=\"https:\/\/www.sondakika.com\/adriyatik-denizi\/\">Adriyatik Denizi<\/a>&#8216;nin tad\u0131n\u0131 \u00e7\u0131karan \u00fcnl\u00fc \u015fark\u0131c\u0131, tatil karelerini takip\u00e7ilerinin be\u011fenisine sundu.<\/p>\n\n\n\n<p class=\"wp-block-paragraph\">&#8220;Abone&#8221; ve &#8220;Band\u0131ra Band\u0131ra&#8221; gibi hit \u015fark\u0131lar\u0131yla m\u00fczik d\u00fcnyas\u0131nda iz b\u0131rakan, ayn\u0131 zamanda &#8220;\u00c7\u0131lg\u0131n Bedi\u015f&#8221; karakteriyle haf\u0131zalara kaz\u0131nan Yonca Evcimik, yaz tatili i\u00e7in Karada\u011f&#8217;\u0131 tercih etti.<\/p>\n\n\n\n<figure class=\"wp-block-image\"><img decoding=\"async\" src=\"https:\/\/foto.sondakika.com\/haber\/2026\/06\/18\/62-yasindaki-yonca-evcimik-kar-19960823-4883_1_m.jpg\" alt=\"62 ya\u015f\u0131ndaki Yonca bikiniyi giyip denize indi! Fit g\u00f6r\u00fcn\u00fcm\u00fcne yorum ya\u011fd\u0131\"\/><\/figure>\n\n\n\n<h3 class=\"wp-block-heading\">ADR\u0130YAT\u0130K DEN\u0130Z\u0130&#8217;N\u0130N KEYF\u0130N\u0130 \u00c7IKARDI<\/h3>\n\n\n\n<p class=\"wp-block-paragraph\">G\u00fcne\u015fli havan\u0131n tad\u0131n\u0131 \u00e7\u0131karan Evcimik, Adriyatik Denizi&#8217;nde serinledi\u011fi anlar\u0131 sosyal medya hesab\u0131ndan payla\u015ft\u0131.<\/p>\n\n\n\n<p class=\"wp-block-paragraph\">\u00dcnl\u00fc sanat\u00e7\u0131 payla\u015f\u0131m\u0131na, &#8220;Karada\u011f&#8217;a kadar gelmi\u015fken Adriyatik Denizi&#8217;ne girmemek olur mu?&#8221; notunu d\u00fc\u015ft\u00fc.<\/p>\n\n\n\n<figure class=\"wp-block-image\"><img decoding=\"async\" src=\"https:\/\/foto.sondakika.com\/haber\/2026\/06\/18\/62-yasindaki-yonca-evcimik-kar-19960823-2354_1_m.jpg\" alt=\"62 ya\u015f\u0131ndaki Yonca bikiniyi giyip denize indi! Fit g\u00f6r\u00fcn\u00fcm\u00fcne yorum ya\u011fd\u0131\"\/><\/figure>\n\n\n\n<h3 class=\"wp-block-heading\">TAK\u0130P\u00c7\u0130LER\u0130NDEN \u00d6VG\u00dc DOLU YORUMLAR<\/h3>\n\n\n\n<p class=\"wp-block-paragraph\">Fit g\u00f6r\u00fcn\u00fcm\u00fcyle dikkat \u00e7eken Evcimik&#8217;in payla\u015f\u0131m\u0131 k\u0131sa s\u00fcrede ilgi g\u00f6rd\u00fc.<\/p>\n\n\n\n<p class=\"wp-block-paragraph\">Takip\u00e7ileri, \u00fcnl\u00fc sanat\u00e7\u0131ya &#8220;Kim der 62 ya\u015f\u0131nda&#8221;, &#8220;H\u00e2l\u00e2 \u00e7ok g\u00fczel&#8221;, &#8220;18&#8217;lik k\u0131z gibi&#8221; ve &#8220;Bir insan hi\u00e7 ya\u015flanmaz m\u0131? \u00c7\u0131lg\u0131n Bedi\u015f&#8217;ten beri h\u00e2l\u00e2 ayn\u0131s\u0131n&#8221; yorumlar\u0131nda bulundu.<\/p>\n\n\n\n<p class=\"wp-block-paragraph\"><a href=\"https:\/\/www.sondakika.com\/adriyatik-denizi\/\"><strong>Adriyatik Denizi<\/strong><\/a>,&nbsp;<a href=\"https:\/\/www.sondakika.com\/yonca-evcimik\/\"><strong>Yonca Evcimik<\/strong><\/a>,&nbsp;<a href=\"https:\/\/www.sondakika.com\/karadag\/\"><strong>Karada\u011f<\/strong><\/a>,&nbsp;<a href=\"https:\/\/www.sondakika.com\/magazin\/\"><strong>Magazin<\/strong><\/a>,&nbsp;<a href=\"https:\/\/www.sondakika.com\/tatil\/\"><strong>Tatil<\/strong><\/a><\/p>\n","protected":false},"excerpt":{"rendered":"<p>Karada\u011f&#8217;da tatil yapan Yonca Evcimik, Adriyatik Denizi&#8217;nde \u00e7ekilen karelerini payla\u015ft\u0131. 62 ya\u015f\u0131ndaki sanat\u00e7\u0131n\u0131n fit g\u00f6r\u00fcn\u00fcm\u00fc&#8230;<\/p>\n","protected":false},"author":1,"featured_media":791,"comment_status":"open","ping_status":"open","sticky":false,"template":"","format":"standard","meta":{"footnotes":""},"categories":[34],"tags":[],"class_list":["post-790","post","type-post","status-publish","format-standard","has-post-thumbnail","hentry","category-magazin"],"_links":{"self":[{"href":"https:\/\/gundem44.com.tr\/index.php?rest_route=\/wp\/v2\/posts\/790","targetHints":{"allow":["GET"]}}],"collection":[{"href":"https:\/\/gundem44.com.tr\/index.php?rest_route=\/wp\/v2\/posts"}],"about":[{"href":"https:\/\/gundem44.com.tr\/index.php?rest_route=\/wp\/v2\/types\/post"}],"author":[{"embeddable":true,"href":"https:\/\/gundem44.com.tr\/index.php?rest_route=\/wp\/v2\/users\/1"}],"replies":[{"embeddable":true,"href":"https:\/\/gundem44.com.tr\/index.php?rest_route=%2Fwp%2Fv2%2Fcomments&post=790"}],"version-history":[{"count":1,"href":"https:\/\/gundem44.com.tr\/index.php?rest_route=\/wp\/v2\/posts\/790\/revisions"}],"predecessor-version":[{"id":793,"href":"https:\/\/gundem44.com.tr\/index.php?rest_route=\/wp\/v2\/posts\/790\/revisions\/793"}],"wp:featuredmedia":[{"embeddable":true,"href":"https:\/\/gundem44.com.tr\/index.php?rest_route=\/wp\/v2\/media\/791"}],"wp:attachment":[{"href":"https:\/\/gundem44.com.tr\/index.php?rest_route=%2Fwp%2Fv2%2Fmedia&parent=790"}],"wp:term":[{"taxonomy":"category","embeddable":true,"href":"https:\/\/gundem44.com.tr\/index.php?rest_route=%2Fwp%2Fv2%2Fcategories&post=790"},{"taxonomy":"post_tag","embeddable":true,"href":"https:\/\/gundem44.com.tr\/index.php?rest_route=%2Fwp%2Fv2%2Ftags&post=790"}],"curies":[{"name":"wp","href":"https:\/\/api.w.org\/{rel}","templated":true}]}}