{"id":79,"date":"2026-06-02T10:48:09","date_gmt":"2026-06-02T10:48:09","guid":{"rendered":"https:\/\/gundem44.com.tr\/?p=79"},"modified":"2026-06-02T10:48:10","modified_gmt":"2026-06-02T10:48:10","slug":"surgu-mahallesinde-yesil-kertenkele-heyecani","status":"publish","type":"post","link":"https:\/\/gundem44.com.tr\/?p=79","title":{"rendered":"S\u00fcrg\u00fc Mahallesi&#8217;nde Ye\u015fil Kertenkele Heyecan\u0131"},"content":{"rendered":"\n<p class=\"wp-block-paragraph\">Malatya&#8217;n\u0131n S\u00fcrg\u00fc Mahallesi&#8217;nde g\u00f6r\u00fclen ye\u015fil kertenkele, b\u00f6lgedeki ekosistemin sa\u011fl\u0131\u011f\u0131n\u0131 simgeliyor.<\/p>\n\n\n\n<p class=\"wp-block-paragraph\"><a href=\"https:\/\/www.sondakika.com\/malatya\/\">Malatya<\/a>&#8216;n\u0131n Do\u011fan\u015fehir il\u00e7esine ba\u011fl\u0131 e\u015fsiz do\u011fas\u0131yla bilinen S\u00fcrg\u00fc Mahallesi bu kez s\u0131ra d\u0131\u015f\u0131 bir misafiri a\u011f\u0131rlad\u0131.<\/p>\n\n\n\n<p class=\"wp-block-paragraph\">\u0130l\u00e7eye ba\u011fl\u0131, buz gibi suyu ve do\u011fal yap\u0131s\u0131yla dikkat \u00e7eken S\u00fcrg\u00fc Mahallesi Takas mevkiinde g\u00f6r\u00fclen ye\u015fil renkli kertenkele ilgi oda\u011f\u0131 oldu. B\u00f6lge, serin sular\u0131 ve do\u011fal dokusuyla bilinirken, Takas&#8217;\u0131n k\u0131y\u0131s\u0131nda yosunlu ta\u015flar \u00fczerinde g\u00fcne\u015flenen parlak ye\u015fil renkli kertenkele, b\u00f6lgedeki temiz ekosistem ve biyolojik \u00e7e\u015fitlili\u011fin \u00f6nemli bir g\u00f6stergesi olarak de\u011ferlendirildi.&nbsp;<a href=\"https:\/\/www.sondakika.com\/cevre\/\">\u00c7evre<\/a>&nbsp;sakinleri, S\u00fcrg\u00fc ve Takas&#8217;\u0131n do\u011fal yap\u0131s\u0131n\u0131n korunmu\u015f olmas\u0131n\u0131n bu t\u00fcr canl\u0131lar\u0131n ya\u015fam\u0131n\u0131 s\u00fcrd\u00fcrebilmesi a\u00e7\u0131s\u0131ndan b\u00fcy\u00fck \u00f6nem ta\u015f\u0131d\u0131\u011f\u0131n\u0131 ifade ederken b\u00f6lgede g\u00f6r\u00fclen kertenkele, ziyaret\u00e7ilerin de ilgisini \u00e7ekti. &#8211; MALATYA<\/p>\n","protected":false},"excerpt":{"rendered":"<p>Malatya&#8217;n\u0131n S\u00fcrg\u00fc Mahallesi&#8217;nde g\u00f6r\u00fclen ye\u015fil kertenkele, b\u00f6lgedeki ekosistemin sa\u011fl\u0131\u011f\u0131n\u0131 simgeliyor. Malatya&#8216;n\u0131n Do\u011fan\u015fehir il\u00e7esine ba\u011fl\u0131 e\u015fsiz&#8230;<\/p>\n","protected":false},"author":1,"featured_media":80,"comment_status":"open","ping_status":"open","sticky":false,"template":"","format":"standard","meta":{"footnotes":""},"categories":[18],"tags":[],"class_list":["post-79","post","type-post","status-publish","format-standard","has-post-thumbnail","hentry","category-guncel"],"_links":{"self":[{"href":"https:\/\/gundem44.com.tr\/index.php?rest_route=\/wp\/v2\/posts\/79","targetHints":{"allow":["GET"]}}],"collection":[{"href":"https:\/\/gundem44.com.tr\/index.php?rest_route=\/wp\/v2\/posts"}],"about":[{"href":"https:\/\/gundem44.com.tr\/index.php?rest_route=\/wp\/v2\/types\/post"}],"author":[{"embeddable":true,"href":"https:\/\/gundem44.com.tr\/index.php?rest_route=\/wp\/v2\/users\/1"}],"replies":[{"embeddable":true,"href":"https:\/\/gundem44.com.tr\/index.php?rest_route=%2Fwp%2Fv2%2Fcomments&post=79"}],"version-history":[{"count":1,"href":"https:\/\/gundem44.com.tr\/index.php?rest_route=\/wp\/v2\/posts\/79\/revisions"}],"predecessor-version":[{"id":81,"href":"https:\/\/gundem44.com.tr\/index.php?rest_route=\/wp\/v2\/posts\/79\/revisions\/81"}],"wp:featuredmedia":[{"embeddable":true,"href":"https:\/\/gundem44.com.tr\/index.php?rest_route=\/wp\/v2\/media\/80"}],"wp:attachment":[{"href":"https:\/\/gundem44.com.tr\/index.php?rest_route=%2Fwp%2Fv2%2Fmedia&parent=79"}],"wp:term":[{"taxonomy":"category","embeddable":true,"href":"https:\/\/gundem44.com.tr\/index.php?rest_route=%2Fwp%2Fv2%2Fcategories&post=79"},{"taxonomy":"post_tag","embeddable":true,"href":"https:\/\/gundem44.com.tr\/index.php?rest_route=%2Fwp%2Fv2%2Ftags&post=79"}],"curies":[{"name":"wp","href":"https:\/\/api.w.org\/{rel}","templated":true}]}}