{"id":783,"date":"2026-06-21T10:17:34","date_gmt":"2026-06-21T10:17:34","guid":{"rendered":"https:\/\/gundem44.com.tr\/?p=783"},"modified":"2026-06-21T10:17:35","modified_gmt":"2026-06-21T10:17:35","slug":"omer-danistan-uzen-haber-ayak-parmaklari-kesildi","status":"publish","type":"post","link":"https:\/\/gundem44.com.tr\/?p=783","title":{"rendered":"\u00d6mer Dan\u0131\u015f&#8217;tan \u00fczen haber: Ayak parmaklar\u0131 kesildi"},"content":{"rendered":"\n<p class=\"wp-block-paragraph\">90&#8217;l\u0131 y\u0131llar\u0131n sevilen seslerinden \u00d6mer Dan\u0131\u015f&#8217;tan gelen haber hayranlar\u0131n\u0131 \u00fczd\u00fc. Uzun s\u00fcredir sa\u011fl\u0131k sorunlar\u0131yla m\u00fccadele eden \u00fcnl\u00fc sanat\u00e7\u0131n\u0131n, ge\u00e7irdi\u011fi operasyonlar sonucu ayak parmaklar\u0131n\u0131n kesildi\u011fi \u00f6\u011frenildi. Diyabete ba\u011fl\u0131 damar t\u0131kan\u0131kl\u0131\u011f\u0131 nedeniyle zor g\u00fcnler ge\u00e7iren Dan\u0131\u015f&#8217;\u0131n maddi s\u0131k\u0131nt\u0131lar ya\u015fad\u0131\u011f\u0131 da belirtildi.<\/p>\n\n\n\n<p class=\"wp-block-paragraph\">90&#8217;l\u0131 y\u0131llarda seslendirdi\u011fi \u015fark\u0131larla geni\u015f bir hayran kitlesine ula\u015fan&nbsp;<a href=\"https:\/\/www.sondakika.com\/omer-danis\/\">\u00d6mer Dan\u0131\u015f<\/a>&#8216;tan \u00fcz\u00fcc\u00fc haber geldi. Uzun s\u00fcredir sa\u011fl\u0131k sorunlar\u0131yla m\u00fccadele eden sanat\u00e7\u0131n\u0131n ayak parmaklar\u0131n\u0131n kesildi\u011fi \u00f6\u011frenildi.<\/p>\n\n\n\n<p class=\"wp-block-paragraph\">&#8220;K\u00f6y\u00fcm\u00fcn Ya\u011fmurlar\u0131&#8221;, &#8220;\u015eerefsiz&#8221; ve &#8220;Alaca\u011f\u0131m&#8221; gibi eserlerle haf\u0131zalara kaz\u0131nan \u015fark\u0131c\u0131 \u00d6mer Dan\u0131\u015f, ya\u015fad\u0131\u011f\u0131 sa\u011fl\u0131k sorunlar\u0131 nedeniyle zor g\u00fcnler ge\u00e7iriyor. Ge\u00e7ti\u011fimiz aylarda yo\u011fun bak\u0131mda tedavi g\u00f6ren sanat\u00e7\u0131n\u0131n sa\u011fl\u0131k durumuna ili\u015fkin yeni bilgiler ortaya \u00e7\u0131kt\u0131.<\/p>\n\n\n\n<figure class=\"wp-block-image\"><img decoding=\"async\" src=\"https:\/\/foto.sondakika.com\/haber\/2026\/06\/20\/omer-danistan-uzen-haber-ayak-79622409-2858_1_m.jpg\" alt=\"\u00d6mer Dan\u0131\u015f'tan \u00fczen haber: Ayak parmaklar\u0131 kesildi\"\/><\/figure>\n\n\n\n<h3 class=\"wp-block-heading\">YO\u011eUN BAKIMDA TEDAV\u0130 G\u00d6RM\u00dc\u015eT\u00dc<\/h3>\n\n\n\n<p class=\"wp-block-paragraph\">\u0130leri derecede diyabet hastas\u0131 oldu\u011fu belirtilen Dan\u0131\u015f&#8217;\u0131n, diz alt\u0131ndaki aya\u011f\u0131n\u0131 besleyen \u00fc\u00e7 damar\u0131nda tam t\u0131kan\u0131kl\u0131k meydana geldi\u011fi ve buna ba\u011fl\u0131 olarak aya\u011f\u0131nda kangren olu\u015ftu\u011fu a\u00e7\u0131klanm\u0131\u015ft\u0131. \u015eubat ay\u0131nda hastaneye kald\u0131r\u0131lan sanat\u00e7\u0131, bir s\u00fcre yo\u011fun bak\u0131mda tedavi g\u00f6rm\u00fc\u015ft\u00fc.<\/p>\n\n\n\n<h3 class=\"wp-block-heading\">AYAK PARMAKLARI KES\u0130LD\u0130<\/h3>\n\n\n\n<p class=\"wp-block-paragraph\">Sanat d\u00fcnyas\u0131na ili\u015fkin yapt\u0131\u011f\u0131 a\u00e7\u0131klamalarla s\u0131k s\u0131k g\u00fcndeme gelen ses sanat\u00e7\u0131s\u0131&nbsp;<a href=\"https:\/\/www.sondakika.com\/onur-akay\/\">Onur Akay<\/a>, \u00d6mer Dan\u0131\u015f&#8217;\u0131n sa\u011fl\u0131k durumuyla ilgili son geli\u015fmeyi payla\u015ft\u0131. Akay, ger\u00e7ekle\u015ftirilen operasyonlar sonucunda sanat\u00e7\u0131n\u0131n aya\u011f\u0131n\u0131n kurtar\u0131ld\u0131\u011f\u0131n\u0131 ancak ayak parmaklar\u0131n\u0131n kesildi\u011fini duyurdu.<\/p>\n\n\n\n<figure class=\"wp-block-image\"><img decoding=\"async\" src=\"https:\/\/foto.sondakika.com\/haber\/2026\/06\/20\/omer-danistan-uzen-haber-ayak-81483539-4782_1_m.jpg\" alt=\"\u00d6mer Dan\u0131\u015f'tan \u00fczen haber: Ayak parmaklar\u0131 kesildi\"\/><\/figure>\n\n\n\n<h3 class=\"wp-block-heading\">MADD\u0130 ZORLUKLARLA DA M\u00dcCADELE ED\u0130YOR<\/h3>\n\n\n\n<p class=\"wp-block-paragraph\">\u00d6mer Dan\u0131\u015f&#8217;\u0131n son foto\u011fraf\u0131n\u0131 da payla\u015fan Akay, sanat\u00e7\u0131n\u0131n hem sa\u011fl\u0131k sorunlar\u0131 hem de \u00fcst \u00fcste ge\u00e7irdi\u011fi ameliyatlar nedeniyle maddi s\u0131k\u0131nt\u0131lar ya\u015fad\u0131\u011f\u0131n\u0131 ifade etti.<\/p>\n\n\n\n<p class=\"wp-block-paragraph\">Akay a\u00e7\u0131klamas\u0131nda, &#8220;Operasyonlarla aya\u011f\u0131n\u0131 kurtard\u0131lar ama maalesef ayak parmaklar\u0131 kesildi. \u00dcst \u00fcste ge\u00e7irdi\u011fi ameliyatlar nedeniyle maddi olarak da s\u0131k\u0131nt\u0131 i\u00e7inde olan de\u011ferli sanat\u00e7\u0131m\u0131z yard\u0131m bekliyor. Kendisini en son Alt\u0131noluk&#8217;ta dinlemeye gitmi\u015ftim. Ancak \u015fimdi maalesef sahneye \u00e7\u0131kam\u0131yor&#8221; ifadelerini kulland\u0131.<\/p>\n\n\n\n<h3 class=\"wp-block-heading\">SAHNE HAYATINA ARA VERD\u0130<\/h3>\n\n\n\n<p class=\"wp-block-paragraph\">Ya\u015fad\u0131\u011f\u0131 sa\u011fl\u0131k problemleri nedeniyle sahne \u00e7al\u0131\u015fmalar\u0131na ara vermek zorunda kalan sanat\u00e7\u0131n\u0131n tedavisinin s\u00fcrd\u00fc\u011f\u00fc \u00f6\u011frenildi. Sevenleri ise sosyal medyada \u00d6mer Dan\u0131\u015f i\u00e7in ge\u00e7mi\u015f olsun mesajlar\u0131 payla\u015farak desteklerini dile getirdi.<\/p>\n\n\n\n<p class=\"wp-block-paragraph\"><a href=\"https:\/\/www.sondakika.com\/omer-danis\/\"><strong>\u00d6mer Dan\u0131\u015f<\/strong><\/a>,&nbsp;<a href=\"https:\/\/www.sondakika.com\/onur-akay\/\"><strong>Onur Akay<\/strong><\/a>,&nbsp;<a href=\"https:\/\/www.sondakika.com\/ameliyat\/\"><strong>Ameliyat<\/strong><\/a>,&nbsp;<a href=\"https:\/\/www.sondakika.com\/unluler\/\"><strong>\u00dcnl\u00fcler<\/strong><\/a>,&nbsp;<a href=\"https:\/\/www.sondakika.com\/magazin\/\"><strong>Magazin<\/strong><\/a><\/p>\n\n\n\n<p class=\"wp-block-paragraph\"><\/p>\n\n\n\n<p class=\"wp-block-paragraph\"><\/p>\n\n\n\n<p class=\"wp-block-paragraph\"><\/p>\n\n\n\n<p class=\"wp-block-paragraph\"><\/p>\n\n\n\n<p class=\"wp-block-paragraph\"><\/p>\n\n\n\n<p class=\"wp-block-paragraph\"><\/p>\n\n\n\n<p class=\"wp-block-paragraph\"><\/p>\n\n\n\n<p class=\"wp-block-paragraph\"><\/p>\n\n\n\n<p class=\"wp-block-paragraph\"><\/p>\n\n\n\n<p class=\"wp-block-paragraph\"><\/p>\n\n\n\n<p class=\"wp-block-paragraph\"><\/p>\n\n\n\n<p class=\"wp-block-paragraph\"><\/p>\n\n\n\n<p class=\"wp-block-paragraph\"><\/p>\n\n\n\n<p class=\"wp-block-paragraph\"><\/p>\n\n\n\n<p class=\"wp-block-paragraph\"><\/p>\n\n\n\n<p class=\"wp-block-paragraph\"><\/p>\n\n\n\n<p class=\"wp-block-paragraph\"><\/p>\n","protected":false},"excerpt":{"rendered":"<p>90&#8217;l\u0131 y\u0131llar\u0131n sevilen seslerinden \u00d6mer Dan\u0131\u015f&#8217;tan gelen haber hayranlar\u0131n\u0131 \u00fczd\u00fc. Uzun s\u00fcredir sa\u011fl\u0131k sorunlar\u0131yla m\u00fccadele&#8230;<\/p>\n","protected":false},"author":1,"featured_media":784,"comment_status":"open","ping_status":"open","sticky":false,"template":"","format":"standard","meta":{"footnotes":""},"categories":[34],"tags":[],"class_list":["post-783","post","type-post","status-publish","format-standard","has-post-thumbnail","hentry","category-magazin"],"_links":{"self":[{"href":"https:\/\/gundem44.com.tr\/index.php?rest_route=\/wp\/v2\/posts\/783","targetHints":{"allow":["GET"]}}],"collection":[{"href":"https:\/\/gundem44.com.tr\/index.php?rest_route=\/wp\/v2\/posts"}],"about":[{"href":"https:\/\/gundem44.com.tr\/index.php?rest_route=\/wp\/v2\/types\/post"}],"author":[{"embeddable":true,"href":"https:\/\/gundem44.com.tr\/index.php?rest_route=\/wp\/v2\/users\/1"}],"replies":[{"embeddable":true,"href":"https:\/\/gundem44.com.tr\/index.php?rest_route=%2Fwp%2Fv2%2Fcomments&post=783"}],"version-history":[{"count":1,"href":"https:\/\/gundem44.com.tr\/index.php?rest_route=\/wp\/v2\/posts\/783\/revisions"}],"predecessor-version":[{"id":785,"href":"https:\/\/gundem44.com.tr\/index.php?rest_route=\/wp\/v2\/posts\/783\/revisions\/785"}],"wp:featuredmedia":[{"embeddable":true,"href":"https:\/\/gundem44.com.tr\/index.php?rest_route=\/wp\/v2\/media\/784"}],"wp:attachment":[{"href":"https:\/\/gundem44.com.tr\/index.php?rest_route=%2Fwp%2Fv2%2Fmedia&parent=783"}],"wp:term":[{"taxonomy":"category","embeddable":true,"href":"https:\/\/gundem44.com.tr\/index.php?rest_route=%2Fwp%2Fv2%2Fcategories&post=783"},{"taxonomy":"post_tag","embeddable":true,"href":"https:\/\/gundem44.com.tr\/index.php?rest_route=%2Fwp%2Fv2%2Ftags&post=783"}],"curies":[{"name":"wp","href":"https:\/\/api.w.org\/{rel}","templated":true}]}}