{"id":771,"date":"2026-06-21T09:05:39","date_gmt":"2026-06-21T09:05:39","guid":{"rendered":"https:\/\/gundem44.com.tr\/?p=771"},"modified":"2026-06-21T09:05:39","modified_gmt":"2026-06-21T09:05:39","slug":"melis-sezen-tatilde-bikinili-pozlarina-yorum-yagdi","status":"publish","type":"post","link":"https:\/\/gundem44.com.tr\/?p=771","title":{"rendered":"Melis Sezen tatilde! Bikinili pozlar\u0131na yorum ya\u011fd\u0131"},"content":{"rendered":"\n<p class=\"wp-block-paragraph\">Son olarak &#8220;Delikanl\u0131&#8221; dizisinde rol alan Melis Sezen, sezonun sona ermesiyle birlikte tatile \u00e7\u0131kt\u0131. Deniz ve g\u00fcne\u015fin tad\u0131n\u0131 \u00e7\u0131karan \u00fcnl\u00fc oyuncu, bikinili tatil pozlar\u0131n\u0131 takip\u00e7ileriyle payla\u015ft\u0131. Sezen&#8217;in do\u011fal halleriyle dikkat \u00e7eken kareleri k\u0131sa s\u00fcrede yo\u011fun ilgi g\u00f6rd\u00fc.<\/p>\n\n\n\n<p class=\"wp-block-paragraph\">Ba\u015far\u0131l\u0131 oyuncu&nbsp;<a href=\"https:\/\/www.sondakika.com\/melis-sezen\/\">Melis Sezen<\/a>, yo\u011fun \u00e7al\u0131\u015fma temposunun ard\u0131ndan dinlenmek i\u00e7in tatile \u00e7\u0131kt\u0131. Son d\u00f6nemde &#8220;Delikanl\u0131&#8221; dizisinde rol alan Sezen, sezonun sona ermesiyle birlikte tatilin yolunu tuttu.<\/p>\n\n\n\n<p class=\"wp-block-paragraph\">Daha \u00f6nce &#8220;Sadakatsiz&#8221; dizisinde hayat verdi\u011fi Derin karakteriyle geni\u015f bir hayran kitlesine ula\u015fan oyuncu, son projesinde Mert Ramazan Demir ve Salih Bademci ile kamera kar\u015f\u0131s\u0131na ge\u00e7mi\u015fti. Dizinin final yapmas\u0131n\u0131n ard\u0131ndan sezon yorgunlu\u011funu atmak isteyen Sezen, tatilde dinlenmeyi tercih etti.<\/p>\n\n\n\n<figure class=\"wp-block-image\"><img decoding=\"async\" src=\"https:\/\/foto.sondakika.com\/haber\/2026\/06\/21\/melis-sezen-tatilde-bikinili-p-19971957-2801_1_m.jpg\" alt=\"Melis Sezen tatilde! Bikinili pozlar\u0131na yorum ya\u011fd\u0131\"\/><\/figure>\n\n\n\n<h3 class=\"wp-block-heading\">TAT\u0130L KARELER\u0130NE YO\u011eUN \u0130LG\u0130<\/h3>\n\n\n\n<p class=\"wp-block-paragraph\">Deniz kenar\u0131nda vakit ge\u00e7iren ve kitap okuyarak dinlenen \u00fcnl\u00fc oyuncu, tatilinden kareleri takip\u00e7ileriyle payla\u015ft\u0131. Do\u011fal halleriyle dikkat \u00e7eken Sezen&#8217;in denizde verdi\u011fi pozlar k\u0131sa s\u00fcrede b\u00fcy\u00fck ilgi g\u00f6rd\u00fc.<\/p>\n\n\n\n<figure class=\"wp-block-image\"><img decoding=\"async\" src=\"https:\/\/foto.sondakika.com\/haber\/2026\/06\/21\/melis-sezen-tatilde-bikinili-p-19971957-3416_1_m.jpg\" alt=\"Melis Sezen tatilde! Bikinili pozlar\u0131na yorum ya\u011fd\u0131\"\/><\/figure>\n\n\n\n<p class=\"wp-block-paragraph\">Oyuncunun payla\u015f\u0131mlar\u0131 \u00e7ok say\u0131da be\u011feni ve yorum al\u0131rken, hayranlar\u0131 da foto\u011fraflara yo\u011fun ilgi g\u00f6sterdi.<\/p>\n\n\n\n<figure class=\"wp-block-image\"><img decoding=\"async\" src=\"https:\/\/foto.sondakika.com\/haber\/2026\/06\/21\/melis-sezen-tatilde-bikinili-p-19971957-4647_1_m.jpg\" alt=\"Melis Sezen tatilde! Bikinili pozlar\u0131na yorum ya\u011fd\u0131\"\/><\/figure>\n\n\n\n<p class=\"wp-block-paragraph\"><a href=\"https:\/\/www.sondakika.com\/melis-sezen\/\"><strong>Melis Sezen<\/strong><\/a>,&nbsp;<a href=\"https:\/\/www.sondakika.com\/magazin\/\"><strong>Magazin<\/strong><\/a>,&nbsp;<a href=\"https:\/\/www.sondakika.com\/tatil\/\"><strong>Tatil<\/strong><\/a>,<\/p>\n","protected":false},"excerpt":{"rendered":"<p>Son olarak &#8220;Delikanl\u0131&#8221; dizisinde rol alan Melis Sezen, sezonun sona ermesiyle birlikte tatile \u00e7\u0131kt\u0131. Deniz&#8230;<\/p>\n","protected":false},"author":1,"featured_media":772,"comment_status":"open","ping_status":"open","sticky":false,"template":"","format":"standard","meta":{"footnotes":""},"categories":[34],"tags":[],"class_list":["post-771","post","type-post","status-publish","format-standard","has-post-thumbnail","hentry","category-magazin"],"_links":{"self":[{"href":"https:\/\/gundem44.com.tr\/index.php?rest_route=\/wp\/v2\/posts\/771","targetHints":{"allow":["GET"]}}],"collection":[{"href":"https:\/\/gundem44.com.tr\/index.php?rest_route=\/wp\/v2\/posts"}],"about":[{"href":"https:\/\/gundem44.com.tr\/index.php?rest_route=\/wp\/v2\/types\/post"}],"author":[{"embeddable":true,"href":"https:\/\/gundem44.com.tr\/index.php?rest_route=\/wp\/v2\/users\/1"}],"replies":[{"embeddable":true,"href":"https:\/\/gundem44.com.tr\/index.php?rest_route=%2Fwp%2Fv2%2Fcomments&post=771"}],"version-history":[{"count":1,"href":"https:\/\/gundem44.com.tr\/index.php?rest_route=\/wp\/v2\/posts\/771\/revisions"}],"predecessor-version":[{"id":773,"href":"https:\/\/gundem44.com.tr\/index.php?rest_route=\/wp\/v2\/posts\/771\/revisions\/773"}],"wp:featuredmedia":[{"embeddable":true,"href":"https:\/\/gundem44.com.tr\/index.php?rest_route=\/wp\/v2\/media\/772"}],"wp:attachment":[{"href":"https:\/\/gundem44.com.tr\/index.php?rest_route=%2Fwp%2Fv2%2Fmedia&parent=771"}],"wp:term":[{"taxonomy":"category","embeddable":true,"href":"https:\/\/gundem44.com.tr\/index.php?rest_route=%2Fwp%2Fv2%2Fcategories&post=771"},{"taxonomy":"post_tag","embeddable":true,"href":"https:\/\/gundem44.com.tr\/index.php?rest_route=%2Fwp%2Fv2%2Ftags&post=771"}],"curies":[{"name":"wp","href":"https:\/\/api.w.org\/{rel}","templated":true}]}}