{"id":766,"date":"2026-06-20T22:27:40","date_gmt":"2026-06-20T22:27:40","guid":{"rendered":"https:\/\/gundem44.com.tr\/?p=766"},"modified":"2026-06-20T22:27:40","modified_gmt":"2026-06-20T22:27:40","slug":"seferihisar-rusvet-sorusturmasinda-veli-agbabanin-danismani-ozlem-akyilmazin-savunmasi-ortaya-cikti","status":"publish","type":"post","link":"https:\/\/gundem44.com.tr\/?p=766","title":{"rendered":"Seferihisar r\u00fc\u015fvet soru\u015fturmas\u0131nda Veli A\u011fbaba&#8217;n\u0131n dan\u0131\u015fman\u0131 \u00d6zlem Aky\u0131lmaz&#8217;\u0131n savunmas\u0131 ortaya \u00e7\u0131kt\u0131"},"content":{"rendered":"\n<p class=\"wp-block-paragraph\">\u0130zmir Seferihisar Belediyesi&#8217;ne y\u00f6nelik y\u00fcr\u00fct\u00fclen r\u00fc\u015fvet ve yolsuzluk soru\u015fturmas\u0131nda yeni detaylar ortaya \u00e7\u0131kt\u0131. Soru\u015fturma dosyas\u0131na giren ifade tutanaklar\u0131 ve MASAK raporlar\u0131nda yer alan para transferleriyle ilgili a\u00e7\u0131klamalarda bulunan CHP Malatya Milletvekili Veli A\u011fbaba&#8217;n\u0131n dan\u0131\u015fman\u0131 \u00d6zlem Aky\u0131lmaz&#8217;\u0131n savunmas\u0131 ile dosyadaki baz\u0131 beyanlar aras\u0131ndaki farkl\u0131l\u0131klar dikkat \u00e7ekti.<\/p>\n\n\n\n<p class=\"wp-block-paragraph\"><a href=\"https:\/\/www.sondakika.com\/izmir\/\">\u0130zmir<\/a>&nbsp;<a href=\"https:\/\/www.sondakika.com\/seferihisar\/\">Seferihisar<\/a>&nbsp;Belediyesi&#8217;ne y\u00f6nelik y\u00fcr\u00fct\u00fclen r\u00fc\u015fvet ve yolsuzluk soru\u015fturmas\u0131nda, CHP&nbsp;<a href=\"https:\/\/www.sondakika.com\/malatya\/\">Malatya<\/a>&nbsp;<a href=\"https:\/\/www.sondakika.com\/milletvekili\/\">Milletvekili<\/a>&nbsp;<a href=\"https:\/\/www.sondakika.com\/veli-agbaba\/\">Veli A\u011fbaba<\/a>&#8216;n\u0131n dan\u0131\u015fman\u0131 \u00d6zlem Aky\u0131lmaz&#8217;\u0131n savc\u0131l\u0131k ve emniyette verdi\u011fi ifadeler ile MASAK raporlar\u0131nda yer alan para transferleri soru\u015fturma dosyas\u0131na girdi. Dosyada, \u00e7e\u015fitli para hareketlerine ili\u015fkin taraflar\u0131n farkl\u0131 beyanlar\u0131 dikkat \u00e7ekti.<\/p>\n\n\n\n<p class=\"wp-block-paragraph\">Soru\u015fturma dosyas\u0131nda yer alan MASAK raporlar\u0131nda belirtilen para hareketlerine ili\u015fkin a\u00e7\u0131klamalarda bulunan Aky\u0131lmaz, hesab\u0131na gelen paralar\u0131n Malatya&#8217;daki depremzede \u00f6\u011frenciler i\u00e7in burs amac\u0131yla g\u00f6nderildi\u011fini \u00f6ne s\u00fcrd\u00fc.<\/p>\n\n\n\n<h3 class=\"wp-block-heading\">&#8220;TANIMIYORUM&#8221; DED\u0130\u011e\u0130 K\u0130\u015e\u0130LERLE \u0130LG\u0130L\u0130 \u0130DD\u0130ALAR<\/h3>\n\n\n\n<p class=\"wp-block-paragraph\">Soru\u015fturma kapsam\u0131nda etkin pi\u015fmanl\u0131k h\u00fck\u00fcmlerinden yararlanarak ifade veren gazeteci Evrim Ataman, Seferihisar&#8217;daki \u0130yonya Konaklar\u0131 projesine ili\u015fkin s\u00fcre\u00e7te al\u0131nan paran\u0131n 500 bin TL&#8217;lik b\u00f6l\u00fcm\u00fcn\u00fc, Belediye Ba\u015fkan Yard\u0131mc\u0131s\u0131 \u0130brahim G\u00f6khan Pehlivan&#8217;\u0131n y\u00f6nlendirmesiyle \u00d6zlem Aky\u0131lmaz&#8217;\u0131n hesab\u0131na g\u00f6nderdi\u011fini iddia etti.<\/p>\n\n\n\n<p class=\"wp-block-paragraph\">\u00d6zlem Aky\u0131lmaz ise ifadesinde Evrim Ataman&#8217;\u0131, m\u00fcteahhit S\u00f6nmez Budak&#8217;\u0131 ve \u0130brahim G\u00f6khan Pehlivan&#8217;\u0131 tan\u0131mad\u0131\u011f\u0131n\u0131 beyan etti. Aky\u0131lmaz, hesab\u0131na gelen 500 bin TL&#8217;nin depremzede \u00f6\u011frenciler i\u00e7in g\u00f6nderilen burs deste\u011fi kapsam\u0131nda oldu\u011funu \u00f6ne s\u00fcrd\u00fc.<\/p>\n\n\n\n<h3 class=\"wp-block-heading\">500 B\u0130N TL&#8217;N\u0130N TRANSFER S\u00dcREC\u0130<\/h3>\n\n\n\n<p class=\"wp-block-paragraph\">Dosyada yer alan MASAK kay\u0131tlar\u0131na g\u00f6re, \u00d6zlem Aky\u0131lmaz&#8217;\u0131n hesab\u0131na g\u00f6nderilen 500 bin TL&#8217;nin yakla\u015f\u0131k 1,5 saat sonra CHP Malatya Milletvekili Veli A\u011fbaba&#8217;n\u0131n hesab\u0131na aktar\u0131ld\u0131\u011f\u0131 tespit edildi.<\/p>\n\n\n\n<p class=\"wp-block-paragraph\">Aky\u0131lmaz ifadesinde, Veli A\u011fbaba&#8217;n\u0131n baz\u0131 bankac\u0131l\u0131k i\u015flemlerini kendi telefonundan ger\u00e7ekle\u015ftirdi\u011fini, \u00f6\u011frenciler i\u00e7in yap\u0131lan \u00f6demelerde limit sorunu ya\u015fanmas\u0131 nedeniyle transfer i\u015fleminin bu \u015fekilde yap\u0131ld\u0131\u011f\u0131n\u0131 savundu. Paran\u0131n daha sonra \u00f6\u011frencilere ula\u015ft\u0131r\u0131ld\u0131\u011f\u0131n\u0131 ileri s\u00fcrd\u00fc.<\/p>\n\n\n\n<h3 class=\"wp-block-heading\">NERM\u0130N G\u00dcNAY&#8217;IN \u0130FADES\u0130 DOSYADA<\/h3>\n\n\n\n<p class=\"wp-block-paragraph\">MASAK kay\u0131tlar\u0131nda, g\u00f6revden uzakla\u015ft\u0131r\u0131lan G\u00fczelbah\u00e7e Belediye Ba\u015fkan\u0131&nbsp;<a href=\"https:\/\/www.sondakika.com\/mustafa-gunay\/\">Mustafa G\u00fcnay<\/a>&#8216;\u0131n e\u015fi Nermin G\u00fcnay taraf\u0131ndan da \u00d6zlem Aky\u0131lmaz&#8217;\u0131n hesab\u0131na 500 bin TL g\u00f6nderildi\u011fi bilgisine yer verildi.<\/p>\n\n\n\n<p class=\"wp-block-paragraph\">\u00d6zlem Aky\u0131lmaz, bu paran\u0131n da depremzede \u00f6\u011frencilere y\u00f6nelik burs deste\u011fi kapsam\u0131nda g\u00f6nderildi\u011fini ifade etti. Ancak soru\u015fturma dosyas\u0131na giren Nermin G\u00fcnay&#8217;\u0131n ifadesinde, s\u00f6z konusu paran\u0131n se\u00e7im \u00e7al\u0131\u015fmalar\u0131, ara\u00e7 kiralama ve se\u00e7im ofisi giderlerinde kullan\u0131lmak \u00fczere g\u00f6nderildi\u011fi belirtildi.<\/p>\n\n\n\n<p class=\"wp-block-paragraph\">Dosyada yer alan bu iki farkl\u0131 beyan\u0131n da soru\u015fturma kapsam\u0131nda de\u011ferlendirildi\u011fi \u00f6\u011frenildi.<\/p>\n\n\n\n<h3 class=\"wp-block-heading\">TELEFON \u015e\u0130FRES\u0130NE \u0130L\u0130\u015eK\u0130N A\u00c7IKLAMA<\/h3>\n\n\n\n<p class=\"wp-block-paragraph\">Soru\u015fturma kapsam\u0131nda dijital materyaller \u00fczerinde de inceleme y\u00fcr\u00fct\u00fcl\u00fcyor. \u00d6zlem Aky\u0131lmaz, cep telefonunun \u015fifresini payla\u015fmama gerek\u00e7esi olarak Veli A\u011fbaba&#8217;n\u0131n sosyal medya hesaplar\u0131n\u0131 y\u00f6netmesini ve cihazda kendisine ait \u00f6zel foto\u011fraflar\u0131n bulunmas\u0131n\u0131 g\u00f6sterdi.<\/p>\n\n\n\n<p class=\"wp-block-paragraph\">S\u00f6z konusu telefonun soru\u015fturma kapsam\u0131nda incelenmesiyle ilgili s\u00fcre\u00e7 devam ediyor.<\/p>\n\n\n\n<h3 class=\"wp-block-heading\">AVUKATINDAN SAVUNMA<\/h3>\n\n\n\n<p class=\"wp-block-paragraph\">\u00d6zlem Aky\u0131lmaz&#8217;\u0131n avukat\u0131 Murat Ayd\u0131n ise m\u00fcvekkilinin kamu g\u00f6revlisi stat\u00fcs\u00fcnde olmad\u0131\u011f\u0131n\u0131 savundu. Ayd\u0131n ayr\u0131ca dosyada yer alan para transferlerinin banka kay\u0131tlar\u0131 \u00fczerinden ger\u00e7ekle\u015ftirilmi\u015f olmas\u0131na dikkat \u00e7ekerek iddialara itiraz etti.<\/p>\n\n\n\n<p class=\"wp-block-paragraph\">Soru\u015fturma kapsam\u0131nda MASAK raporlar\u0131, ifade tutanaklar\u0131, banka hareketleri ve dijital materyaller \u00fczerindeki incelemelerin s\u00fcrd\u00fc\u011f\u00fc \u00f6\u011frenildi.<\/p>\n","protected":false},"excerpt":{"rendered":"<p>\u0130zmir Seferihisar Belediyesi&#8217;ne y\u00f6nelik y\u00fcr\u00fct\u00fclen r\u00fc\u015fvet ve yolsuzluk soru\u015fturmas\u0131nda yeni detaylar ortaya \u00e7\u0131kt\u0131. Soru\u015fturma dosyas\u0131na&#8230;<\/p>\n","protected":false},"author":1,"featured_media":767,"comment_status":"open","ping_status":"open","sticky":false,"template":"","format":"standard","meta":{"footnotes":""},"categories":[18],"tags":[],"class_list":["post-766","post","type-post","status-publish","format-standard","has-post-thumbnail","hentry","category-guncel"],"_links":{"self":[{"href":"https:\/\/gundem44.com.tr\/index.php?rest_route=\/wp\/v2\/posts\/766","targetHints":{"allow":["GET"]}}],"collection":[{"href":"https:\/\/gundem44.com.tr\/index.php?rest_route=\/wp\/v2\/posts"}],"about":[{"href":"https:\/\/gundem44.com.tr\/index.php?rest_route=\/wp\/v2\/types\/post"}],"author":[{"embeddable":true,"href":"https:\/\/gundem44.com.tr\/index.php?rest_route=\/wp\/v2\/users\/1"}],"replies":[{"embeddable":true,"href":"https:\/\/gundem44.com.tr\/index.php?rest_route=%2Fwp%2Fv2%2Fcomments&post=766"}],"version-history":[{"count":1,"href":"https:\/\/gundem44.com.tr\/index.php?rest_route=\/wp\/v2\/posts\/766\/revisions"}],"predecessor-version":[{"id":768,"href":"https:\/\/gundem44.com.tr\/index.php?rest_route=\/wp\/v2\/posts\/766\/revisions\/768"}],"wp:featuredmedia":[{"embeddable":true,"href":"https:\/\/gundem44.com.tr\/index.php?rest_route=\/wp\/v2\/media\/767"}],"wp:attachment":[{"href":"https:\/\/gundem44.com.tr\/index.php?rest_route=%2Fwp%2Fv2%2Fmedia&parent=766"}],"wp:term":[{"taxonomy":"category","embeddable":true,"href":"https:\/\/gundem44.com.tr\/index.php?rest_route=%2Fwp%2Fv2%2Fcategories&post=766"},{"taxonomy":"post_tag","embeddable":true,"href":"https:\/\/gundem44.com.tr\/index.php?rest_route=%2Fwp%2Fv2%2Ftags&post=766"}],"curies":[{"name":"wp","href":"https:\/\/api.w.org\/{rel}","templated":true}]}}