{"id":760,"date":"2026-06-20T22:24:38","date_gmt":"2026-06-20T22:24:38","guid":{"rendered":"https:\/\/gundem44.com.tr\/?p=760"},"modified":"2026-06-20T22:24:38","modified_gmt":"2026-06-20T22:24:38","slug":"malatyada-cinnet-baba-esini-ve-kizini-oldurdu","status":"publish","type":"post","link":"https:\/\/gundem44.com.tr\/?p=760","title":{"rendered":"Malatya&#8217;da Cinnet: Baba E\u015fini ve K\u0131z\u0131n\u0131 \u00d6ld\u00fcrd\u00fc"},"content":{"rendered":"\n<p class=\"wp-block-paragraph\">Malatya&#8217;n\u0131n Ye\u015filyurt il\u00e7esinde bir \u015fah\u0131s, tart\u0131\u015ft\u0131\u011f\u0131 21 ya\u015f\u0131ndaki k\u0131z\u0131n\u0131 tabancayla \u00f6ld\u00fcrd\u00fc, e\u015fi ve di\u011fer k\u0131z\u0131n\u0131 da yaralad\u0131. Olay\u0131n ard\u0131ndan kendisini de b\u0131\u00e7akla yaralayan \u015f\u00fcpheli, polis e\u015fli\u011finde hastaneye g\u00f6t\u00fcr\u00fcld\u00fc.<\/p>\n\n\n\n<p class=\"wp-block-paragraph\"><a href=\"https:\/\/www.sondakika.com\/malatya\/\">Malatya<\/a>&#8216;n\u0131n&nbsp;<a href=\"https:\/\/www.sondakika.com\/yesilyurt-3\/\">Ye\u015filyurt<\/a>&nbsp;il\u00e7esine ba\u011fl\u0131 Salk\u0131m\u00f6z\u00fc Mahallesi&#8217;nde psikolojik sorunlar\u0131 oldu\u011fu ileri s\u00fcr\u00fclen Nejdet Timurkaan, evde e\u015fi ve iki k\u0131z \u00e7ocu\u011fu ile bilinmeyen bir nedenle tart\u0131\u015ft\u0131.<\/p>\n\n\n\n<h3 class=\"wp-block-heading\">E\u015e\u0130 VE KIZLARINA ATE\u015e ETT\u0130<\/h3>\n\n\n\n<p class=\"wp-block-paragraph\">K\u0131sa s\u00fcrede b\u00fcy\u00fcyen tart\u0131\u015fma sonras\u0131 evdeki tabancay\u0131 eline alan Nejdet Timurkaan, e\u015fi Feray, k\u0131zlar\u0131 Berra ve Beyza&#8217;ya do\u011fru ate\u015f etti. E\u015fi ve k\u0131zlar\u0131n\u0131 yaralayan Nejdet Timurkaan, daha sonra b\u0131\u00e7akla kendisini de yaralad\u0131.<\/p>\n\n\n\n<figure class=\"wp-block-image\"><img decoding=\"async\" src=\"https:\/\/foto.sondakika.com\/haber\/2026\/06\/20\/tabancayla-kizini-oldurup-esini-ve-diger-kizi-2-19971266_o.jpg\" alt=\"Bir k\u0131z\u0131n\u0131 \u00f6ld\u00fcrd\u00fc, e\u015fi ve di\u011fer k\u0131z\u0131n\u0131 a\u011f\u0131r yaralad\u0131\"\/><\/figure>\n\n\n\n<h3 class=\"wp-block-heading\">1 \u00d6L\u00dc, 1\u2019\u0130 A\u011eIR 2 YARALI<\/h3>\n\n\n\n<p class=\"wp-block-paragraph\">Olay\u0131n ard\u0131ndan ihbar ile b\u00f6lgeye \u00e7ok say\u0131da sa\u011fl\u0131k ve polis ekipleri sevk edildi. Yaral\u0131 anne Feray, k\u0131zlar\u0131 Berra ve Beyza ile Nejdet Timurkaan, ambulanslarla kentteki \u00e7e\u015fitli hastanelere kald\u0131r\u0131ld\u0131. Yaral\u0131lardan Beyza Timurkaan ya\u015fam\u0131n\u0131 yitirdi, a\u011f\u0131r yaral\u0131 anne Feray ve k\u0131z\u0131 Berra&#8217;n\u0131n hastanedeki tedavileri s\u00fcr\u00fcyor.<\/p>\n\n\n\n<p class=\"wp-block-paragraph\">Olayla ilgili soru\u015fturma ba\u015flat\u0131ld\u0131.&nbsp;<\/p>\n\n\n\n<figure class=\"wp-block-image\"><img decoding=\"async\" src=\"https:\/\/foto.sondakika.com\/haber\/2026\/06\/20\/tabancayla-kizini-oldurup-esini-ve-diger-kizi-3-19971266_o.jpg\" alt=\"Bir k\u0131z\u0131n\u0131 \u00f6ld\u00fcrd\u00fc, e\u015fi ve di\u011fer k\u0131z\u0131n\u0131 a\u011f\u0131r yaralad\u0131\"\/><\/figure>\n\n\n\n<figure class=\"wp-block-image\"><img decoding=\"async\" src=\"https:\/\/foto.sondakika.com\/haber\/2026\/06\/20\/tabancayla-kizini-oldurup-esini-ve-diger-kizi-4-19971266_o.jpg\" alt=\"Bir k\u0131z\u0131n\u0131 \u00f6ld\u00fcrd\u00fc, e\u015fi ve di\u011fer k\u0131z\u0131n\u0131 a\u011f\u0131r yaralad\u0131\"\/><\/figure>\n\n\n\n<p class=\"wp-block-paragraph\"><\/p>\n","protected":false},"excerpt":{"rendered":"<p>Malatya&#8217;n\u0131n Ye\u015filyurt il\u00e7esinde bir \u015fah\u0131s, tart\u0131\u015ft\u0131\u011f\u0131 21 ya\u015f\u0131ndaki k\u0131z\u0131n\u0131 tabancayla \u00f6ld\u00fcrd\u00fc, e\u015fi ve di\u011fer k\u0131z\u0131n\u0131&#8230;<\/p>\n","protected":false},"author":1,"featured_media":761,"comment_status":"open","ping_status":"open","sticky":false,"template":"","format":"standard","meta":{"footnotes":""},"categories":[20],"tags":[],"class_list":["post-760","post","type-post","status-publish","format-standard","has-post-thumbnail","hentry","category-yesilyurt"],"_links":{"self":[{"href":"https:\/\/gundem44.com.tr\/index.php?rest_route=\/wp\/v2\/posts\/760","targetHints":{"allow":["GET"]}}],"collection":[{"href":"https:\/\/gundem44.com.tr\/index.php?rest_route=\/wp\/v2\/posts"}],"about":[{"href":"https:\/\/gundem44.com.tr\/index.php?rest_route=\/wp\/v2\/types\/post"}],"author":[{"embeddable":true,"href":"https:\/\/gundem44.com.tr\/index.php?rest_route=\/wp\/v2\/users\/1"}],"replies":[{"embeddable":true,"href":"https:\/\/gundem44.com.tr\/index.php?rest_route=%2Fwp%2Fv2%2Fcomments&post=760"}],"version-history":[{"count":1,"href":"https:\/\/gundem44.com.tr\/index.php?rest_route=\/wp\/v2\/posts\/760\/revisions"}],"predecessor-version":[{"id":762,"href":"https:\/\/gundem44.com.tr\/index.php?rest_route=\/wp\/v2\/posts\/760\/revisions\/762"}],"wp:featuredmedia":[{"embeddable":true,"href":"https:\/\/gundem44.com.tr\/index.php?rest_route=\/wp\/v2\/media\/761"}],"wp:attachment":[{"href":"https:\/\/gundem44.com.tr\/index.php?rest_route=%2Fwp%2Fv2%2Fmedia&parent=760"}],"wp:term":[{"taxonomy":"category","embeddable":true,"href":"https:\/\/gundem44.com.tr\/index.php?rest_route=%2Fwp%2Fv2%2Fcategories&post=760"},{"taxonomy":"post_tag","embeddable":true,"href":"https:\/\/gundem44.com.tr\/index.php?rest_route=%2Fwp%2Fv2%2Ftags&post=760"}],"curies":[{"name":"wp","href":"https:\/\/api.w.org\/{rel}","templated":true}]}}