{"id":76,"date":"2026-06-02T10:46:47","date_gmt":"2026-06-02T10:46:47","guid":{"rendered":"https:\/\/gundem44.com.tr\/?p=76"},"modified":"2026-06-02T10:46:48","modified_gmt":"2026-06-02T10:46:48","slug":"kopru-susuz-kalmanin-esiginde","status":"publish","type":"post","link":"https:\/\/gundem44.com.tr\/?p=76","title":{"rendered":"K\u00f6pr\u00fc Susuz Kalman\u0131n E\u015fi\u011finde"},"content":{"rendered":"\n<p class=\"wp-block-paragraph\">Diyarbak\u0131r ve Malatya aras\u0131ndaki k\u00f6pr\u00fc, barajdaki su tahliyeleri nedeniyle hasar g\u00f6rd\u00fc.<\/p>\n\n\n\n<p class=\"wp-block-paragraph\"><a href=\"https:\/\/www.sondakika.com\/diyarbakir\/\">Diyarbak\u0131r<\/a>&#8216;\u0131n \u00c7\u00fcng\u00fc\u015f ve&nbsp;<a href=\"https:\/\/www.sondakika.com\/malatya\/\">Malatya<\/a>&#8216;n\u0131n P\u00fct\u00fcrge il\u00e7esinin mahallelerini birbirine ba\u011flayan k\u00f6pr\u00fc, Karakaya Baraj\u0131&#8217;nda yap\u0131lan su tahliyeleriyle birlikte zarar g\u00f6rd\u00fc. Vatanda\u015flar, kopma noktas\u0131na gelen k\u00f6pr\u00fcde manzaray\u0131 izlemeye devam etti.<\/p>\n\n\n\n<p class=\"wp-block-paragraph\">Diyarbak\u0131r&#8217;\u0131n \u00c7\u00fcng\u00fc\u015f il\u00e7esi k\u0131rsal mahalleleri ile Malatya&#8217;n\u0131n P\u00fct\u00fcrge il\u00e7esi k\u0131rsal mahallelerini birbirine ba\u011flayan Karakaya Baraj\u0131&#8217;n\u0131n alt\u0131nda bulunan k\u00f6pr\u00fc, karayla ba\u011flant\u0131s\u0131 kopma noktas\u0131na geldi. Barajdaki su seviyesinin y\u00fckselmesi \u00fczerine, su tahliyesi yap\u0131lmaya ba\u015flanm\u0131\u015ft\u0131. Suyun olu\u015fturdu\u011fu bas\u0131n\u00e7la k\u00f6pr\u00fcn\u00fcn Malatya k\u0131sm\u0131ndaki aya\u011f\u0131nda hasar olu\u015fmu\u015ftu. Olu\u015fan hasardan dolay\u0131 k\u00f6pr\u00fc, ge\u00e7ti\u011fimiz g\u00fcnlerde ara\u00e7 trafi\u011fine kapat\u0131lm\u0131\u015ft\u0131. K\u00f6pr\u00fcn\u00fcn Malatya ili ile ba\u011flant\u0131 aya\u011f\u0131nda hasar derinle\u015fti, k\u00f6pr\u00fc ba\u011flant\u0131s\u0131nda \u00e7\u00f6kme olu\u015ftu. Vatanda\u015flar ise bu tehlikeye ra\u011fmen k\u00f6pr\u00fc \u00fczerinden baraj manzaras\u0131n\u0131 izlemeye devam etti. &#8211; D\u0130YARBAKIR<\/p>\n","protected":false},"excerpt":{"rendered":"<p>Diyarbak\u0131r ve Malatya aras\u0131ndaki k\u00f6pr\u00fc, barajdaki su tahliyeleri nedeniyle hasar g\u00f6rd\u00fc. Diyarbak\u0131r&#8216;\u0131n \u00c7\u00fcng\u00fc\u015f ve&nbsp;Malatya&#8216;n\u0131n P\u00fct\u00fcrge&#8230;<\/p>\n","protected":false},"author":1,"featured_media":77,"comment_status":"open","ping_status":"open","sticky":false,"template":"","format":"standard","meta":{"footnotes":""},"categories":[18],"tags":[],"class_list":["post-76","post","type-post","status-publish","format-standard","has-post-thumbnail","hentry","category-guncel"],"_links":{"self":[{"href":"https:\/\/gundem44.com.tr\/index.php?rest_route=\/wp\/v2\/posts\/76","targetHints":{"allow":["GET"]}}],"collection":[{"href":"https:\/\/gundem44.com.tr\/index.php?rest_route=\/wp\/v2\/posts"}],"about":[{"href":"https:\/\/gundem44.com.tr\/index.php?rest_route=\/wp\/v2\/types\/post"}],"author":[{"embeddable":true,"href":"https:\/\/gundem44.com.tr\/index.php?rest_route=\/wp\/v2\/users\/1"}],"replies":[{"embeddable":true,"href":"https:\/\/gundem44.com.tr\/index.php?rest_route=%2Fwp%2Fv2%2Fcomments&post=76"}],"version-history":[{"count":1,"href":"https:\/\/gundem44.com.tr\/index.php?rest_route=\/wp\/v2\/posts\/76\/revisions"}],"predecessor-version":[{"id":78,"href":"https:\/\/gundem44.com.tr\/index.php?rest_route=\/wp\/v2\/posts\/76\/revisions\/78"}],"wp:featuredmedia":[{"embeddable":true,"href":"https:\/\/gundem44.com.tr\/index.php?rest_route=\/wp\/v2\/media\/77"}],"wp:attachment":[{"href":"https:\/\/gundem44.com.tr\/index.php?rest_route=%2Fwp%2Fv2%2Fmedia&parent=76"}],"wp:term":[{"taxonomy":"category","embeddable":true,"href":"https:\/\/gundem44.com.tr\/index.php?rest_route=%2Fwp%2Fv2%2Fcategories&post=76"},{"taxonomy":"post_tag","embeddable":true,"href":"https:\/\/gundem44.com.tr\/index.php?rest_route=%2Fwp%2Fv2%2Ftags&post=76"}],"curies":[{"name":"wp","href":"https:\/\/api.w.org\/{rel}","templated":true}]}}