{"id":757,"date":"2026-06-20T11:08:44","date_gmt":"2026-06-20T11:08:44","guid":{"rendered":"https:\/\/gundem44.com.tr\/?p=757"},"modified":"2026-06-20T11:08:45","modified_gmt":"2026-06-20T11:08:45","slug":"malatyada-yas-kayisi-tezgahlarda","status":"publish","type":"post","link":"https:\/\/gundem44.com.tr\/?p=757","title":{"rendered":"Malatya&#8217;da Ya\u015f Kay\u0131s\u0131 Tezgahlarda"},"content":{"rendered":"\n<p class=\"wp-block-paragraph\">Malatya&#8217;da ya\u015f kay\u0131s\u0131 sat\u0131\u015fa sunuldu, sat\u0131c\u0131lar piyasan\u0131n beklentilere uygun hareket etti\u011fini belirtti.<\/p>\n\n\n\n<p class=\"wp-block-paragraph\">T\u00fcrkiye&#8217;nin \u00f6nemli kay\u0131s\u0131 \u00fcretim merkezlerinden&nbsp;<a href=\"https:\/\/www.sondakika.com\/malatya\/\">Malatya<\/a>&#8216;da ya\u015f kay\u0131s\u0131 tezgahlarda yerini ald\u0131. Kentte sat\u0131\u015fa sunulan \u00fcr\u00fcnler vatanda\u015flar\u0131n ilgisini g\u00f6r\u00fcrken, sat\u0131c\u0131lar piyasan\u0131n beklentiler do\u011frultusunda hareket etti\u011fini ifade etti.<\/p>\n\n\n\n<p class=\"wp-block-paragraph\">D\u00fcnyadaki kuru kay\u0131s\u0131 \u00fcretiminin b\u00fcy\u00fck bir b\u00f6l\u00fcm\u00fcn\u00fcn kar\u015f\u0131land\u0131\u011f\u0131 Malatya&#8217;da yeni sezonda hasat i\u00e7in g\u00fcn say\u0131l\u0131rken, ya\u015f kay\u0131s\u0131 ise tezgahlarda yerini ald\u0131. Kent merkezinde kay\u0131s\u0131 sat\u0131\u015f\u0131 yapan esnaf Mehmet \u015eahin, bu y\u0131l hava \u015fartlar\u0131na ba\u011fl\u0131 olarak s\u00fcrecin gecikmeli ilerledi\u011fini belirtti. \u0130lk \u00fcr\u00fcnlerin P\u00fct\u00fcrge ve Do\u011fanyol b\u00f6lgesinden geldi\u011fini aktaran \u015eahin, &#8220;Babam 35 y\u0131ll\u0131k kay\u0131s\u0131c\u0131, ben de 5 y\u0131ld\u0131r bu i\u015fle u\u011fra\u015f\u0131yorum. Ya\u015f kay\u0131s\u0131 tezgahlarda yerini ald\u0131. Hava \u015fartlar\u0131ndan dolay\u0131 biraz gecikme oldu ama \u015fu an piyasada \u00fcr\u00fcn mevcut ve sat\u0131\u015flar devam ediyor&#8221; dedi<\/p>\n\n\n\n<p class=\"wp-block-paragraph\">Bah\u00e7elerdeki fiyatlara ili\u015fkin de bilgi veren \u015eahin, dal\u0131nda kay\u0131s\u0131n\u0131n 70 ila 80 TL, islimli 60 ila 65 TL aras\u0131nda, tezgah fiyatlar\u0131n\u0131n ise 125 ila 150 TL band\u0131nda oldu\u011funu ifade etti.<\/p>\n\n\n\n<p class=\"wp-block-paragraph\">Malatya kay\u0131s\u0131s\u0131n\u0131n i\u00e7 piyasada farkl\u0131 b\u00f6lgelerden gelen \u00fcr\u00fcnlerle kar\u015f\u0131la\u015ft\u0131r\u0131lmas\u0131na da de\u011finen \u015eahin, Mersin Mut ve I\u011fd\u0131r \u015eekerpare kay\u0131s\u0131s\u0131n\u0131n piyasada yer ald\u0131\u011f\u0131n\u0131 ancak kurutmal\u0131k kalite a\u00e7\u0131s\u0131ndan Malatya kay\u0131s\u0131s\u0131n\u0131n \u00f6ne \u00e7\u0131kt\u0131\u011f\u0131n\u0131 s\u00f6yledi.<\/p>\n\n\n\n<p class=\"wp-block-paragraph\">Mut ve I\u011fd\u0131r kay\u0131s\u0131s\u0131n\u0131n Malatya kay\u0131s\u0131s\u0131n\u0131n yerini tutmayaca\u011f\u0131n\u0131 kaydeden \u015eahin, &#8220;Malatya kay\u0131s\u0131s\u0131 g\u00fcne\u015fte kurutuldu\u011funda 3 g\u00fcn i\u00e7inde ideal k\u0131vama gelir. Kabaa\u015f\u0131, Hasanbey ve Hac\u0131halilo\u011flu \u00e7e\u015fitleri Malatya&#8217;n\u0131n marka de\u011ferini olu\u015fturan kay\u0131s\u0131d\u0131r&#8221; diye konu\u015ftu.&nbsp;<\/p>\n","protected":false},"excerpt":{"rendered":"<p>Malatya&#8217;da ya\u015f kay\u0131s\u0131 sat\u0131\u015fa sunuldu, sat\u0131c\u0131lar piyasan\u0131n beklentilere uygun hareket etti\u011fini belirtti. T\u00fcrkiye&#8217;nin \u00f6nemli kay\u0131s\u0131&#8230;<\/p>\n","protected":false},"author":1,"featured_media":758,"comment_status":"open","ping_status":"open","sticky":false,"template":"","format":"standard","meta":{"footnotes":""},"categories":[1],"tags":[],"class_list":["post-757","post","type-post","status-publish","format-standard","has-post-thumbnail","hentry","category-malatya-gundemi"],"_links":{"self":[{"href":"https:\/\/gundem44.com.tr\/index.php?rest_route=\/wp\/v2\/posts\/757","targetHints":{"allow":["GET"]}}],"collection":[{"href":"https:\/\/gundem44.com.tr\/index.php?rest_route=\/wp\/v2\/posts"}],"about":[{"href":"https:\/\/gundem44.com.tr\/index.php?rest_route=\/wp\/v2\/types\/post"}],"author":[{"embeddable":true,"href":"https:\/\/gundem44.com.tr\/index.php?rest_route=\/wp\/v2\/users\/1"}],"replies":[{"embeddable":true,"href":"https:\/\/gundem44.com.tr\/index.php?rest_route=%2Fwp%2Fv2%2Fcomments&post=757"}],"version-history":[{"count":1,"href":"https:\/\/gundem44.com.tr\/index.php?rest_route=\/wp\/v2\/posts\/757\/revisions"}],"predecessor-version":[{"id":759,"href":"https:\/\/gundem44.com.tr\/index.php?rest_route=\/wp\/v2\/posts\/757\/revisions\/759"}],"wp:featuredmedia":[{"embeddable":true,"href":"https:\/\/gundem44.com.tr\/index.php?rest_route=\/wp\/v2\/media\/758"}],"wp:attachment":[{"href":"https:\/\/gundem44.com.tr\/index.php?rest_route=%2Fwp%2Fv2%2Fmedia&parent=757"}],"wp:term":[{"taxonomy":"category","embeddable":true,"href":"https:\/\/gundem44.com.tr\/index.php?rest_route=%2Fwp%2Fv2%2Fcategories&post=757"},{"taxonomy":"post_tag","embeddable":true,"href":"https:\/\/gundem44.com.tr\/index.php?rest_route=%2Fwp%2Fv2%2Ftags&post=757"}],"curies":[{"name":"wp","href":"https:\/\/api.w.org\/{rel}","templated":true}]}}