{"id":754,"date":"2026-06-20T11:07:25","date_gmt":"2026-06-20T11:07:25","guid":{"rendered":"https:\/\/gundem44.com.tr\/?p=754"},"modified":"2026-06-20T11:07:25","modified_gmt":"2026-06-20T11:07:25","slug":"sahinbey-ampute-finalde-2-1","status":"publish","type":"post","link":"https:\/\/gundem44.com.tr\/?p=754","title":{"rendered":"\u015eahinbey Ampute finalde 2-1"},"content":{"rendered":"\n<p class=\"wp-block-paragraph\">Ampute Futbol S\u00fcper Ligi \u015fampiyonu \u015eahinbey Ampute Futbol Tak\u0131m\u0131, T\u00fcrkiye Kupas\u0131 yar\u0131 finalinde Malatya B\u00fcy\u00fck\u015fehir Belediye Spor&#8217;u 2-1 yenerek finale \u00e7\u0131kt\u0131. Kul\u00fcp ba\u015fkan\u0131 Cuma G\u00fczel, tak\u0131m\u0131 tebrik ederek kupay\u0131 kazanmay\u0131 hedeflediklerini s\u00f6yledi.<\/p>\n\n\n\n<p class=\"wp-block-paragraph\">Ampute&nbsp;<a href=\"https:\/\/www.sondakika.com\/futbol\/\">Futbol<\/a>&nbsp;S\u00fcper Ligi&#8217;ni \u015fampiyon olarak tamamlayan&nbsp;<a href=\"https:\/\/www.sondakika.com\/sahinbey\/\">\u015eahinbey<\/a>&nbsp;Ampute Futbol Tak\u0131m\u0131, \u0130stanbul&#8217;da d\u00fczenlenen&nbsp;<a href=\"https:\/\/www.sondakika.com\/turkiye-kupasi\/\">T\u00fcrkiye Kupas\u0131<\/a>&nbsp;Yar\u0131 Final kar\u015f\u0131la\u015fmas\u0131nda&nbsp;<a href=\"https:\/\/www.sondakika.com\/malatya\/\">Malatya<\/a>&nbsp;B\u00fcy\u00fck\u015fehir Belediye&nbsp;<a href=\"https:\/\/www.sondakika.com\/Spor\/\">Spor<\/a>&nbsp;Ampute Futbol Tak\u0131m\u0131&#8217;n\u0131 2-1 ma\u011flup ederek finale y\u00fckseldi.<\/p>\n\n\n\n<p class=\"wp-block-paragraph\">Ligde oldu\u011fu gibi T\u00fcrkiye Kupas\u0131&#8217;nda da \u015fampiyonluk hedefleyen \u015eahinbey Ampute Futbol Tak\u0131m\u0131, T\u00fcrkiye Kupas\u0131 Yar\u0131 Final kar\u015f\u0131la\u015fmas\u0131nda Malatya B\u00fcy\u00fck\u015fehir Belediye Spor Ampute Futbol Tak\u0131m\u0131&#8217;n\u0131 2-1 ma\u011flup ederek finale y\u00fckseldi. B\u00fcy\u00fck \u00e7eki\u015fmeye sahne olan kar\u015f\u0131la\u015fmada \u015eahinbey Ampute Futbol Tak\u0131m\u0131, ma\u00e7\u0131n ba\u015f\u0131ndan sonuna kadar oyunun kontrol\u00fcn\u00fc elinde tuttu. Oynad\u0131\u011f\u0131 oyunla tarafl\u0131 tarafs\u0131z herkesin takdirini kazanan mavi-beyazl\u0131 ekip, T\u00fcrkiye Kupas\u0131&#8217;n\u0131 da kazanarak m\u00fczesini iki kupayla ta\u00e7land\u0131rmak istiyor.<\/p>\n\n\n\n<p class=\"wp-block-paragraph\">&#8220;Hedefimiz kupay\u0131 \u015eahinbey&#8217;e getirmek&#8221;<\/p>\n\n\n\n<p class=\"wp-block-paragraph\">\u015eahinbey Ampute Spor Kul\u00fcb\u00fc Ba\u015fkan\u0131 Cuma G\u00fczel, Malatya B\u00fcy\u00fck\u015fehir Belediyespor Ampute Futbol Tak\u0131m\u0131 kar\u015f\u0131s\u0131nda al\u0131nan galibiyetin ard\u0131ndan oyuncular\u0131 ve teknik heyeti tebrik etti. Ba\u015fkan Cuma G\u00fczel, sahada m\u00fccadele eden t\u00fcm sporcularla gurur duyduklar\u0131n\u0131 ifade ederek, &#8220;Tak\u0131m\u0131m\u0131z sahada b\u00fcy\u00fck bir inan\u00e7, disiplin ve m\u00fccadele \u00f6rne\u011fi sergiledi. Al\u0131nan galibiyet, oyuncular\u0131m\u0131z\u0131n ve teknik heyetimizin \u00f6zverili \u00e7al\u0131\u015fmalar\u0131n\u0131n bir sonucudur. Hepsini y\u00fcrekten kutluyorum&#8221; dedi.<\/p>\n","protected":false},"excerpt":{"rendered":"<p>Ampute Futbol S\u00fcper Ligi \u015fampiyonu \u015eahinbey Ampute Futbol Tak\u0131m\u0131, T\u00fcrkiye Kupas\u0131 yar\u0131 finalinde Malatya B\u00fcy\u00fck\u015fehir&#8230;<\/p>\n","protected":false},"author":1,"featured_media":755,"comment_status":"open","ping_status":"open","sticky":false,"template":"","format":"standard","meta":{"footnotes":""},"categories":[15],"tags":[],"class_list":["post-754","post","type-post","status-publish","format-standard","has-post-thumbnail","hentry","category-spor"],"_links":{"self":[{"href":"https:\/\/gundem44.com.tr\/index.php?rest_route=\/wp\/v2\/posts\/754","targetHints":{"allow":["GET"]}}],"collection":[{"href":"https:\/\/gundem44.com.tr\/index.php?rest_route=\/wp\/v2\/posts"}],"about":[{"href":"https:\/\/gundem44.com.tr\/index.php?rest_route=\/wp\/v2\/types\/post"}],"author":[{"embeddable":true,"href":"https:\/\/gundem44.com.tr\/index.php?rest_route=\/wp\/v2\/users\/1"}],"replies":[{"embeddable":true,"href":"https:\/\/gundem44.com.tr\/index.php?rest_route=%2Fwp%2Fv2%2Fcomments&post=754"}],"version-history":[{"count":1,"href":"https:\/\/gundem44.com.tr\/index.php?rest_route=\/wp\/v2\/posts\/754\/revisions"}],"predecessor-version":[{"id":756,"href":"https:\/\/gundem44.com.tr\/index.php?rest_route=\/wp\/v2\/posts\/754\/revisions\/756"}],"wp:featuredmedia":[{"embeddable":true,"href":"https:\/\/gundem44.com.tr\/index.php?rest_route=\/wp\/v2\/media\/755"}],"wp:attachment":[{"href":"https:\/\/gundem44.com.tr\/index.php?rest_route=%2Fwp%2Fv2%2Fmedia&parent=754"}],"wp:term":[{"taxonomy":"category","embeddable":true,"href":"https:\/\/gundem44.com.tr\/index.php?rest_route=%2Fwp%2Fv2%2Fcategories&post=754"},{"taxonomy":"post_tag","embeddable":true,"href":"https:\/\/gundem44.com.tr\/index.php?rest_route=%2Fwp%2Fv2%2Ftags&post=754"}],"curies":[{"name":"wp","href":"https:\/\/api.w.org\/{rel}","templated":true}]}}