{"id":736,"date":"2026-06-20T10:55:12","date_gmt":"2026-06-20T10:55:12","guid":{"rendered":"https:\/\/gundem44.com.tr\/?p=736"},"modified":"2026-06-20T10:55:12","modified_gmt":"2026-06-20T10:55:12","slug":"kayisi-bahcesinde-kurt-anlari","status":"publish","type":"post","link":"https:\/\/gundem44.com.tr\/?p=736","title":{"rendered":"Kay\u0131s\u0131 Bah\u00e7esinde Kurt Anlar\u0131"},"content":{"rendered":"\n<p class=\"wp-block-paragraph\">Malatya&#8217;da \u00e7ift\u00e7inin trakt\u00f6r\u00fcyle kar\u015f\u0131la\u015ft\u0131\u011f\u0131 kurt, korna sesiyle uzakla\u015ft\u0131. G\u00f6r\u00fcnt\u00fcler kaydedildi.<\/p>\n\n\n\n<p class=\"wp-block-paragraph\"><a href=\"https:\/\/www.sondakika.com\/malatya\/\">Malatya<\/a>&#8216;n\u0131n Ak\u00e7ada\u011f il\u00e7esinde kay\u0131s\u0131 bah\u00e7esinde \u00e7al\u0131\u015fma yapan bir \u00e7ift\u00e7i, trakt\u00f6r\u00fcyle ilerledi\u011fi s\u0131rada kurtla kar\u015f\u0131la\u015ft\u0131. Korna sesiyle irkilen kurdun bir s\u00fcre \u00e7ift\u00e7iyi izledikten sonra uzakla\u015ft\u0131\u011f\u0131 anlar cep telefonu kameras\u0131na yans\u0131d\u0131.<\/p>\n\n\n\n<p class=\"wp-block-paragraph\">Olay, Ak\u00e7ada\u011f il\u00e7esine ba\u011fl\u0131 Muhacirovas\u0131 mevkiinde meydana geldi. Edinilen bilgilere g\u00f6re, kay\u0131s\u0131 bah\u00e7esinde trakt\u00f6rle \u00e7al\u0131\u015fma yapan Burhan Kocaman, bah\u00e7e i\u00e7erisinde dola\u015fan kurdu fark etti. Trakt\u00f6r\u00fcyle kurda do\u011fru yakla\u015fan \u00e7ift\u00e7i, korna \u00e7alarak hayvan\u0131 b\u00f6lgeden uzakla\u015ft\u0131rmaya \u00e7al\u0131\u015ft\u0131.<\/p>\n\n\n\n<p class=\"wp-block-paragraph\">\u00c7ift\u00e7inin cep telefonu kameras\u0131yla kaydetti\u011fi g\u00f6r\u00fcnt\u00fclerde korna sesinin ard\u0131ndan bir s\u00fcre bulundu\u011fu yerde durarak trakt\u00f6re bakan kurt, daha sonra h\u0131zla ko\u015farak g\u00f6zden kayboldu.<\/p>\n","protected":false},"excerpt":{"rendered":"<p>Malatya&#8217;da \u00e7ift\u00e7inin trakt\u00f6r\u00fcyle kar\u015f\u0131la\u015ft\u0131\u011f\u0131 kurt, korna sesiyle uzakla\u015ft\u0131. G\u00f6r\u00fcnt\u00fcler kaydedildi. Malatya&#8216;n\u0131n Ak\u00e7ada\u011f il\u00e7esinde kay\u0131s\u0131 bah\u00e7esinde&#8230;<\/p>\n","protected":false},"author":1,"featured_media":737,"comment_status":"open","ping_status":"open","sticky":false,"template":"","format":"standard","meta":{"footnotes":""},"categories":[18],"tags":[],"class_list":["post-736","post","type-post","status-publish","format-standard","has-post-thumbnail","hentry","category-guncel"],"_links":{"self":[{"href":"https:\/\/gundem44.com.tr\/index.php?rest_route=\/wp\/v2\/posts\/736","targetHints":{"allow":["GET"]}}],"collection":[{"href":"https:\/\/gundem44.com.tr\/index.php?rest_route=\/wp\/v2\/posts"}],"about":[{"href":"https:\/\/gundem44.com.tr\/index.php?rest_route=\/wp\/v2\/types\/post"}],"author":[{"embeddable":true,"href":"https:\/\/gundem44.com.tr\/index.php?rest_route=\/wp\/v2\/users\/1"}],"replies":[{"embeddable":true,"href":"https:\/\/gundem44.com.tr\/index.php?rest_route=%2Fwp%2Fv2%2Fcomments&post=736"}],"version-history":[{"count":1,"href":"https:\/\/gundem44.com.tr\/index.php?rest_route=\/wp\/v2\/posts\/736\/revisions"}],"predecessor-version":[{"id":738,"href":"https:\/\/gundem44.com.tr\/index.php?rest_route=\/wp\/v2\/posts\/736\/revisions\/738"}],"wp:featuredmedia":[{"embeddable":true,"href":"https:\/\/gundem44.com.tr\/index.php?rest_route=\/wp\/v2\/media\/737"}],"wp:attachment":[{"href":"https:\/\/gundem44.com.tr\/index.php?rest_route=%2Fwp%2Fv2%2Fmedia&parent=736"}],"wp:term":[{"taxonomy":"category","embeddable":true,"href":"https:\/\/gundem44.com.tr\/index.php?rest_route=%2Fwp%2Fv2%2Fcategories&post=736"},{"taxonomy":"post_tag","embeddable":true,"href":"https:\/\/gundem44.com.tr\/index.php?rest_route=%2Fwp%2Fv2%2Ftags&post=736"}],"curies":[{"name":"wp","href":"https:\/\/api.w.org\/{rel}","templated":true}]}}