{"id":726,"date":"2026-06-19T10:07:01","date_gmt":"2026-06-19T10:07:01","guid":{"rendered":"https:\/\/gundem44.com.tr\/?p=726"},"modified":"2026-06-19T10:07:01","modified_gmt":"2026-06-19T10:07:01","slug":"mtuden-coskulu-mezuniyet-toreni","status":"publish","type":"post","link":"https:\/\/gundem44.com.tr\/?p=726","title":{"rendered":"MT\u00dc&#8217;den co\u015fkulu mezuniyet t\u00f6reni"},"content":{"rendered":"\n<p class=\"wp-block-paragraph\">Malatya Turgut \u00d6zal \u00dcniversitesi (MT\u00dc) 2025-2026 Akademik Y\u0131l\u0131 Mezuniyet T\u00f6reni, Malatya protokol\u00fcn\u00fcn geni\u015f kat\u0131l\u0131m\u0131yla ger\u00e7ekle\u015ftirildi.,<\/p>\n\n\n\n<p class=\"wp-block-paragraph\"><a href=\"https:\/\/www.sondakika.com\/malatya\/\">Malatya<\/a>&nbsp;Turgut \u00d6zal \u00dcniversitesi (MT\u00dc) 2025-2026 Akademik Y\u0131l\u0131 Mezuniyet T\u00f6reni, Malatya protokol\u00fcn\u00fcn geni\u015f kat\u0131l\u0131m\u0131yla ger\u00e7ekle\u015ftirildi. \u00d6\u011frenciler, aileleri ve akademisyenlerin kat\u0131l\u0131m sa\u011flad\u0131\u011f\u0131 t\u00f6rende, mezuniyet sevincinin yan\u0131 s\u0131ra \u00fcniversitenin son y\u0131llarda kaydetti\u011fi geli\u015fim ve ba\u015far\u0131lar da payla\u015f\u0131ld\u0131.<\/p>\n\n\n\n<p class=\"wp-block-paragraph\">Battalgazi Yerle\u015fkesinde d\u00fczenlenen t\u00f6rene Malatya Vali Yard\u0131mc\u0131s\u0131 Talat Tabur, Malatya B\u00fcy\u00fck\u015fehir Belediye Ba\u015fkan\u0131 Sami Er, \u0130n\u00f6n\u00fc \u00dcniversitesi Rekt\u00f6r\u00fc Prof. Dr. Nusret Akpolat, Ye\u015filyurt Kaymakam\u0131 Hasan H\u00fcseyin Uzan, Ye\u015filyurt Belediye Ba\u015fkan Vekili Erkan Dikenli, MT\u00dc Geli\u015ftirme Vakf\u0131 (MAT\u00d6V) m\u00fctevelli heyet \u00fcyeleri, il protokol\u00fc, kamu kurum ve kurulu\u015flar\u0131n\u0131n temsilcileri, sivil toplum kurulu\u015flar\u0131n\u0131n temsilcileri, akademisyenler, \u00f6\u011frenciler ve aileleri kat\u0131ld\u0131.<\/p>\n\n\n\n<p class=\"wp-block-paragraph\">Malatya B\u00fcy\u00fck\u015fehir Belediye Ba\u015fkan\u0131 Sami Er ise konu\u015fmas\u0131nda, Malatya Turgut \u00d6zal \u00dcniversitesinin 8. Cumhurba\u015fkan\u0131 merhum Turgut \u00d6zal&#8217;\u0131n ad\u0131n\u0131 ta\u015f\u0131yan gen\u00e7 bir \u00fcniversite olarak 8 y\u0131l\u0131 geride b\u0131rakt\u0131\u011f\u0131n\u0131 belirterek, bu k\u0131sa s\u00fcrede \u00f6nemli mesafeler katedildi\u011fini s\u00f6yledi. \u0130kizce&#8217;de g\u00fczel bir kamp\u00fcs\u00fcn in\u015fa edildi\u011fini ifade eden Er, ba\u015fta Rekt\u00f6r Prof. Dr. Recep Bentli olmak \u00fczere \u00fcniversitenin geli\u015fiminde eme\u011fi ge\u00e7en akademisyenlere te\u015fekk\u00fcr etti.<\/p>\n\n\n\n<p class=\"wp-block-paragraph\">Mezun \u00f6\u011frencilere seslenen Ba\u015fkan Er, al\u0131nan diplomalar\u0131n yaln\u0131zca bir meslek unvan\u0131 kazand\u0131rmad\u0131\u011f\u0131n\u0131, ayn\u0131 zamanda b\u00fcy\u00fck bir sorumluluk y\u00fckledi\u011fini vurgulad\u0131. Meslek bilgisi ve yetene\u011fin yan\u0131nda merhamet, vicdan ve insanl\u0131\u011f\u0131n da b\u00fcy\u00fck \u00f6nem ta\u015f\u0131d\u0131\u011f\u0131n\u0131 ifade eden Er, gen\u00e7lerden g\u00f6rev yapacaklar\u0131 yerlerde b\u00fcy\u00fcklerine anne ve babalar\u0131na g\u00f6sterdikleri sayg\u0131yla, gen\u00e7lere ise karde\u015flerine g\u00f6sterdikleri sevgiyle yakla\u015fmalar\u0131n\u0131 istedi.<\/p>\n\n\n\n<p class=\"wp-block-paragraph\">\u00d6\u011frencilik y\u0131llar\u0131n\u0131n insan hayat\u0131n\u0131n en g\u00fczel d\u00f6nemlerinden biri oldu\u011funu belirten Er, mezunlara umutlu, azimli, kararl\u0131 ve diren\u00e7li olmalar\u0131 tavsiyesinde bulundu. &#8220;Kararl\u0131l\u0131k ve azim ba\u015far\u0131 getirir. Yeter ki istekli olun.&#8221; diyen Er, mezuniyetin yaln\u0131zca \u00f6\u011frencilerin de\u011fil, ailelerin ve \u00fclkenin de beklentisi oldu\u011funu ifade etti.<\/p>\n\n\n\n<p class=\"wp-block-paragraph\">Konu\u015fmas\u0131nda beyin g\u00f6\u00e7\u00fc konusuna da de\u011finen Ba\u015fkan Er, devletin gen\u00e7lere \u00f6nemli yat\u0131r\u0131mlar yapt\u0131\u011f\u0131n\u0131 belirterek, gen\u00e7lerin \u00fclkelerine de\u011fer katacak bireyler olarak yeti\u015fmelerinin b\u00fcy\u00fck \u00f6nem ta\u015f\u0131d\u0131\u011f\u0131n\u0131 s\u00f6yledi. T\u00fcrkiye ad\u0131na umutlu olunacak \u00e7ok say\u0131da geli\u015fme bulundu\u011funu dile getiren Er, gen\u00e7lerden geleceklerini in\u015fa ederken \u00fclkelerine olan aidiyetlerini korumalar\u0131n\u0131 istedi.<\/p>\n\n\n\n<p class=\"wp-block-paragraph\">Malatya B\u00fcy\u00fck\u015fehir Belediyesi olarak gen\u00e7lere y\u00f6nelik \u00f6nemli yat\u0131r\u0131mlar yapt\u0131klar\u0131n\u0131 da belirten Er, Malatya&#8217;da 4 milyar liral\u0131k gen\u00e7lik yat\u0131r\u0131m\u0131 ger\u00e7ekle\u015ftirdiklerini s\u00f6yledi. \u015eehrin yeniden aya\u011fa kalkt\u0131\u011f\u0131n\u0131 ifade eden Er, gen\u00e7lik,&nbsp;<a href=\"https:\/\/www.sondakika.com\/spor\/\">spor<\/a>&nbsp;ve k\u00fclt\u00fcr alanlar\u0131nda yap\u0131lan \u00e7al\u0131\u015fmalarla gelece\u011fin Malatya&#8217;s\u0131n\u0131 in\u015fa ettiklerini vurgulad\u0131. KPSS, y\u00fcksek lisans, doktora ve ALES&#8217;e haz\u0131rlanan gen\u00e7ler i\u00e7in 7\/24 hizmet verecek g\u00fcvenli, modern ve donan\u0131ml\u0131 bir k\u00fct\u00fcphane kazand\u0131rd\u0131klar\u0131n\u0131 belirten Er, &#8220;Biz siz gen\u00e7leri \u00e7ok \u00f6nemsiyoruz. Sizin bundan sonra alaca\u011f\u0131n\u0131z daha \u00e7ok yol var&#8221; ifadelerini kulland\u0131.<\/p>\n\n\n\n<p class=\"wp-block-paragraph\">Malatya Turgut \u00d6zal \u00dcniversitesi Rekt\u00f6r\u00fc Prof. Dr. Recep Bentli ise konu\u015fmas\u0131nda, gen\u00e7 bir \u00fcniversite olmalar\u0131na ra\u011fmen e\u011fitimden bilimsel \u00fcretime, fiziki altyap\u0131dan dijital d\u00f6n\u00fc\u015f\u00fcme kadar bir\u00e7ok alanda \u00f6nemli mesafe kat ettiklerini s\u00f6yledi.<\/p>\n\n\n\n<p class=\"wp-block-paragraph\">Ye\u015filyurt Yerle\u015fkesinin yeni merkez kamp\u00fcs kimli\u011fiyle h\u0131zla geli\u015fti\u011fini belirten Bentli, son y\u0131llarda tamamlanan rekt\u00f6rl\u00fck binas\u0131, nizamiye giri\u015fleri, konferans salonu, \u00f6\u011frenci ya\u015fam alanlar\u0131 ve derslik yat\u0131r\u0131mlar\u0131n\u0131n \u00fcniversiteye yeni bir vizyon kazand\u0131rd\u0131\u011f\u0131n\u0131 ifade etti. Yap\u0131m\u0131na ba\u015flanan Merkezi Derslik B Blok ile ihale s\u00fcrecindeki yeni k\u00fct\u00fcphane ve yakla\u015f\u0131k 20 d\u00f6n\u00fcml\u00fck \u00fcniversite meydan\u0131 projesinin tamamlanmas\u0131yla \u00f6\u011frencilerin e\u011fitim, bilim, k\u00fclt\u00fcr ve sosyal ya\u015fam imkanlar\u0131n\u0131n daha da g\u00fc\u00e7lenece\u011fini kaydetti.<\/p>\n\n\n\n<p class=\"wp-block-paragraph\">Bentli, Gen\u00e7lik ve Spor Bakanl\u0131\u011f\u0131 taraf\u0131ndan \u00fcniversiteye kazand\u0131r\u0131lacak 2 bin ki\u015filik \u00f6\u011frenci yurdunun da kamp\u00fcs\u00fcn geli\u015fiminde \u00f6nemli bir d\u00f6n\u00fcm noktas\u0131 olaca\u011f\u0131n\u0131 belirterek, modern ya\u015fam alanlar\u0131yla \u00f6\u011frencilerin bar\u0131nma imkanlar\u0131n\u0131n \u00f6nemli \u00f6l\u00e7\u00fcde art\u0131r\u0131laca\u011f\u0131n\u0131 s\u00f6yledi.<\/p>\n\n\n\n<p class=\"wp-block-paragraph\">\u00dcniversitenin akademik b\u00fcy\u00fcmesini de de\u011ferlendiren Bentli, bug\u00fcn 6 fak\u00fclte, 2 y\u00fcksekokul, 9 meslek y\u00fcksekokulu, enstit\u00fcs\u00fc, ara\u015ft\u0131rma merkezleri, 12 bini a\u015fan \u00f6\u011frencisi ve 500&#8217;\u00fcn \u00fczerinde akademik personeliyle b\u00f6lgesine de\u011fer \u00fcreten g\u00fc\u00e7l\u00fc bir y\u00fcksek\u00f6\u011fretim kurumu haline geldiklerini ifade etti.<\/p>\n\n\n\n<p class=\"wp-block-paragraph\">Y\u00fcksek\u00f6\u011fretim Kurulu karar\u0131yla kurulan Bili\u015fim Teknolojileri Meslek Y\u00fcksekokulunun yapay zeka, siber g\u00fcvenlik, robotik ve yeni nesil bili\u015fim alanlar\u0131nda nitelikli insan kayna\u011f\u0131 yeti\u015ftirece\u011fini belirten Bentli, bunun \u00fcniversitenin gelece\u011fe d\u00f6n\u00fck en \u00f6nemli yat\u0131r\u0131mlar\u0131ndan biri oldu\u011funu vurgulad\u0131.<\/p>\n\n\n\n<p class=\"wp-block-paragraph\">Bilimsel \u00fcretimde yakalanan y\u00fckseli\u015fe dikkat \u00e7eken Bentli, Web of Science kapsam\u0131ndaki yay\u0131n say\u0131lar\u0131nda \u00f6nemli art\u0131\u015f sa\u011fland\u0131\u011f\u0131n\u0131, T\u00dcB\u0130TAK projeleri, TEKNOFEST ve proje yar\u0131\u015fmalar\u0131nda elde edilen ba\u015far\u0131lar\u0131n \u00fcniversitenin ara\u015ft\u0131rma k\u00fclt\u00fcr\u00fcn\u00fc g\u00fc\u00e7lendirdi\u011fini s\u00f6yledi.<\/p>\n\n\n\n<p class=\"wp-block-paragraph\">Bu kapsamda 2025 y\u0131l\u0131nda T\u00dcB\u0130TAK 2209-A \u00dcniversite \u00d6\u011frencileri Ara\u015ft\u0131rma Projeleri kapsam\u0131nda 114 proje destek almaya hak kazan\u0131rken, Malatya Turgut \u00d6zal \u00dcniversitesi \u00f6\u011frenci ba\u015f\u0131na d\u00fc\u015fen proje say\u0131s\u0131nda T\u00fcrkiye genelinde 7&#8217;nci s\u0131rada yer ald\u0131. Bu y\u0131l ise 548 proje ba\u015fvurusu ile \u00f6\u011frencilerin ara\u015ft\u0131rma ve proje geli\u015ftirme k\u00fclt\u00fcr\u00fcne g\u00f6sterdi\u011fi ilginin daha da artt\u0131\u011f\u0131 belirtildi.<\/p>\n\n\n\n<p class=\"wp-block-paragraph\">Bentli, \u00fcniversitenin kendi imkanlar\u0131yla geli\u015ftirdi\u011fi dijital sistemlerin e\u011fitimden y\u00f6netime kadar bir\u00e7ok alanda verimlili\u011fi art\u0131rd\u0131\u011f\u0131n\u0131, kalite g\u00fcvence sistemi ve akreditasyon \u00e7al\u0131\u015fmalar\u0131yla e\u011fitimde s\u00fcrd\u00fcr\u00fclebilir niteli\u011fi g\u00fc\u00e7lendirmeye devam ettiklerini ifade etti.<\/p>\n\n\n\n<p class=\"wp-block-paragraph\">Konu\u015fmas\u0131nda mezunlara da seslenen Bentli, bilgiyi vicdanla bulu\u015fturan, \u00e7al\u0131\u015fkan, d\u00fcr\u00fcst ve topluma fayda sa\u011flayan bireyler olmalar\u0131n\u0131n en b\u00fcy\u00fck temennileri oldu\u011funu belirterek, Malatya Turgut \u00d6zal \u00dcniversitesi mezunlar\u0131n\u0131n \u00fclkenin gelece\u011fine de\u011fer kataca\u011f\u0131na inand\u0131\u011f\u0131n\u0131 s\u00f6yledi.<\/p>\n\n\n\n<p class=\"wp-block-paragraph\">Bu y\u0131lki mezuniyet t\u00f6reni, \u00fcniversite ad\u0131na ayr\u0131 bir gurura da sahne oldu. Malatya Turgut \u00d6zal \u00dcniversitesi, T\u0131p Fak\u00fcltesinin ilk mezunlar\u0131n\u0131 vererek sa\u011fl\u0131k alan\u0131ndaki e\u011fitim yolculu\u011funda \u00f6nemli bir e\u015fi\u011fi geride b\u0131rakt\u0131.<\/p>\n\n\n\n<p class=\"wp-block-paragraph\">Programda \u00fcniversite birincisi, Do\u011fa Bilimleri ve M\u00fchendislik Fak\u00fcltesi Yaz\u0131l\u0131m M\u00fchendisli\u011fi B\u00f6l\u00fcm\u00fc mezunu U\u011fur G\u00fcnayd\u0131n da mezunlar ad\u0131na konu\u015ftu. G\u00fcnayd\u0131n, e\u011fitim s\u00fcrecini birincilikle tamamlam\u0131\u015f olmaktan b\u00fcy\u00fck bir onur ve mutluluk duydu\u011funu belirterek, mezuniyetin yaln\u0131zca bir t\u00f6ren olmad\u0131\u011f\u0131n\u0131; y\u0131llar s\u00fcren emeklerin, fedakarl\u0131klar\u0131n, umutlar\u0131n ve hayallerin kar\u015f\u0131l\u0131\u011f\u0131n\u0131n al\u0131nd\u0131\u011f\u0131 anlaml\u0131 bir g\u00fcn oldu\u011funu ifade etti. Diplomalar\u0131n sadece akademik bir ba\u015far\u0131 belgesi de\u011fil, ayn\u0131 zamanda sabr\u0131n, disiplinin ve azmin bir g\u00f6stergesi oldu\u011funu vurgulayan G\u00fcnayd\u0131n, bu s\u00fcre\u00e7te kendilerine rehberlik eden hocalar\u0131na ve ba\u015far\u0131lar\u0131n\u0131n g\u00f6r\u00fcnmeyen kahramanlar\u0131 olarak nitelendirdi\u011fi ailelerine te\u015fekk\u00fcr etti. Mezun arkada\u015flar\u0131na da seslenen G\u00fcnayd\u0131n, &#8220;Bug\u00fcn sadece mezun olmuyoruz; ayn\u0131 zamanda hayat\u0131m\u0131z\u0131n yeni bir sayfas\u0131n\u0131 a\u00e7\u0131yoruz.&#8221; diyerek, Malatya Turgut \u00d6zal \u00dcniversitesi mezunlar\u0131n\u0131n bulunduklar\u0131 her yerde \u00e7al\u0131\u015fkanl\u0131klar\u0131, d\u00fcr\u00fcstl\u00fckleri ve \u00fcretkenlikleriyle fark olu\u015fturaca\u011f\u0131na inand\u0131\u011f\u0131n\u0131 s\u00f6yledi. Konu\u015fmas\u0131n\u0131, &#8220;Bug\u00fcn bir d\u00f6nemi kapat\u0131yoruz; ancak hayallerimizden, \u00f6\u011frenme arzumuzdan ve \u00fcretme heyecan\u0131m\u0131zdan asla mezun olmuyoruz&#8221; s\u00f6zleriyle tamamlad\u0131.<\/p>\n\n\n\n<p class=\"wp-block-paragraph\">Konu\u015fmalar\u0131n ard\u0131ndan dereceye giren \u00f6\u011frencilere ba\u015far\u0131 belgeleri ve \u00f6d\u00fclleri protokol \u00fcyeleri taraf\u0131ndan takdim edildi. Fak\u00fclte, y\u00fcksekokul ve meslek y\u00fcksekokullar\u0131ndan mezun olan \u00f6\u011frenciler diplomalar\u0131n\u0131 al\u0131rken, t\u00f6ren geleneksel kep atma seremonisiyle sona erdi. Binlerce \u00f6\u011frencinin ayn\u0131 anda kep atmas\u0131yla ya\u015fanan co\u015fku, aileler ve davetliler taraf\u0131ndan uzun s\u00fcre alk\u0131\u015fland\u0131.<\/p>\n","protected":false},"excerpt":{"rendered":"<p>Malatya Turgut \u00d6zal \u00dcniversitesi (MT\u00dc) 2025-2026 Akademik Y\u0131l\u0131 Mezuniyet T\u00f6reni, Malatya protokol\u00fcn\u00fcn geni\u015f kat\u0131l\u0131m\u0131yla ger\u00e7ekle\u015ftirildi.,&#8230;<\/p>\n","protected":false},"author":1,"featured_media":727,"comment_status":"open","ping_status":"open","sticky":false,"template":"","format":"standard","meta":{"footnotes":""},"categories":[18],"tags":[],"class_list":["post-726","post","type-post","status-publish","format-standard","has-post-thumbnail","hentry","category-guncel"],"_links":{"self":[{"href":"https:\/\/gundem44.com.tr\/index.php?rest_route=\/wp\/v2\/posts\/726","targetHints":{"allow":["GET"]}}],"collection":[{"href":"https:\/\/gundem44.com.tr\/index.php?rest_route=\/wp\/v2\/posts"}],"about":[{"href":"https:\/\/gundem44.com.tr\/index.php?rest_route=\/wp\/v2\/types\/post"}],"author":[{"embeddable":true,"href":"https:\/\/gundem44.com.tr\/index.php?rest_route=\/wp\/v2\/users\/1"}],"replies":[{"embeddable":true,"href":"https:\/\/gundem44.com.tr\/index.php?rest_route=%2Fwp%2Fv2%2Fcomments&post=726"}],"version-history":[{"count":1,"href":"https:\/\/gundem44.com.tr\/index.php?rest_route=\/wp\/v2\/posts\/726\/revisions"}],"predecessor-version":[{"id":728,"href":"https:\/\/gundem44.com.tr\/index.php?rest_route=\/wp\/v2\/posts\/726\/revisions\/728"}],"wp:featuredmedia":[{"embeddable":true,"href":"https:\/\/gundem44.com.tr\/index.php?rest_route=\/wp\/v2\/media\/727"}],"wp:attachment":[{"href":"https:\/\/gundem44.com.tr\/index.php?rest_route=%2Fwp%2Fv2%2Fmedia&parent=726"}],"wp:term":[{"taxonomy":"category","embeddable":true,"href":"https:\/\/gundem44.com.tr\/index.php?rest_route=%2Fwp%2Fv2%2Fcategories&post=726"},{"taxonomy":"post_tag","embeddable":true,"href":"https:\/\/gundem44.com.tr\/index.php?rest_route=%2Fwp%2Fv2%2Ftags&post=726"}],"curies":[{"name":"wp","href":"https:\/\/api.w.org\/{rel}","templated":true}]}}