{"id":723,"date":"2026-06-19T10:02:55","date_gmt":"2026-06-19T10:02:55","guid":{"rendered":"https:\/\/gundem44.com.tr\/?p=723"},"modified":"2026-06-19T10:02:55","modified_gmt":"2026-06-19T10:02:55","slug":"darende-belediyesinin-ges-projesi-devreye-alindi","status":"publish","type":"post","link":"https:\/\/gundem44.com.tr\/?p=723","title":{"rendered":"Darende Belediyesi&#8217;nin GES projesi devreye al\u0131nd\u0131"},"content":{"rendered":"\n<p class=\"wp-block-paragraph\">Malatya&#8217;n\u0131n Darende il\u00e7esinde belediyenin \u00f6z kaynaklar\u0131yla kurulan G\u00fcne\u015f Enerji Santrali (GES) faaliyete ge\u00e7ti. Proje ile belediyenin enerji ihtiyac\u0131 kar\u015f\u0131lan\u0131rken ayl\u0131k 1 milyon TL&#8217;nin \u00fczerinde gelir elde edilmesi hedefleniyor.<\/p>\n\n\n\n<p class=\"wp-block-paragraph\"><a href=\"https:\/\/www.sondakika.com\/malatya\/\">Malatya<\/a>&#8216;n\u0131n&nbsp;<a href=\"https:\/\/www.sondakika.com\/darende\/\">Darende<\/a>&nbsp;il\u00e7esinde belediyenin \u00f6z kaynaklar\u0131yla hayata ge\u00e7irilen&nbsp;<a href=\"https:\/\/www.sondakika.com\/gunes\/\">G\u00fcne\u015f<\/a>&nbsp;<a href=\"https:\/\/www.sondakika.com\/enerji\/\">Enerji<\/a>&nbsp;Santrali (GES) devreye al\u0131nd\u0131. Proje ile belediyenin enerji ihtiyac\u0131n\u0131n kar\u015f\u0131lanmas\u0131n\u0131n yan\u0131 s\u0131ra ayl\u0131k 1 milyon TL&#8217;nin \u00fczerinde gelir elde edilmesi hedefleniyor.<\/p>\n\n\n\n<p class=\"wp-block-paragraph\">Malatya&#8217;n\u0131n Darende il\u00e7esinde, Darende Belediyesi taraf\u0131ndan \u00f6z kaynaklarla hayata ge\u00e7irilen G\u00fcne\u015f Enerji Santrali (GES) projesi devreye al\u0131nd\u0131. Darende Belediye Ba\u015fkan\u0131 Alican Bozkurt, faaliyete ba\u015flayan GES proje alan\u0131nda incelemelerde bulunarak \u00e7al\u0131\u015fmalar hakk\u0131nda bilgi ald\u0131. Projenin belediyenin enerji ihtiyac\u0131n\u0131 kar\u015f\u0131lamas\u0131n\u0131n yan\u0131 s\u0131ra \u00f6nemli bir ekonomik katk\u0131 sa\u011flayaca\u011f\u0131n\u0131 belirten Bozkurt, ayl\u0131k 1 milyon TL&#8217;nin \u00fczerinde gelir elde edilmesinin hedeflendi\u011fini s\u00f6yledi.<\/p>\n\n\n\n<p class=\"wp-block-paragraph\">Yat\u0131r\u0131m\u0131n belediyenin mali yap\u0131s\u0131n\u0131 g\u00fc\u00e7lendirece\u011fini ifade eden Bozkurt, elde edilecek gelirle kaynaklar\u0131n daha verimli kullan\u0131laca\u011f\u0131n\u0131 ve vatanda\u015flara sunulan hizmetlerin s\u00fcrd\u00fcr\u00fclebilirli\u011finin art\u0131r\u0131laca\u011f\u0131n\u0131 kaydetti.<\/p>\n\n\n\n<p class=\"wp-block-paragraph\">\u00dcreten, tasarruf eden ve gelece\u011fi planlayan bir belediyecilik anlay\u0131\u015f\u0131yla \u00e7al\u0131\u015fmalar\u0131n\u0131 s\u00fcrd\u00fcrd\u00fcklerini dile getiren Bozkurt, Darende&#8217;nin gelece\u011fine de\u011fer katacak yat\u0131r\u0131mlar\u0131 kararl\u0131l\u0131kla hayata ge\u00e7irmeye devam edeceklerini belirtti.<\/p>\n\n\n\n<p class=\"wp-block-paragraph\">Belediye taraf\u0131ndan \u00f6z kaynaklarla ger\u00e7ekle\u015ftirilen GES yat\u0131r\u0131m\u0131n\u0131n, hem enerji maliyetlerinin azalt\u0131lmas\u0131 hem de belediye b\u00fct\u00e7esine d\u00fczenli gelir sa\u011flamas\u0131 a\u00e7\u0131s\u0131ndan \u00f6nemli katk\u0131 sunmas\u0131 bekleniyor.<\/p>\n","protected":false},"excerpt":{"rendered":"<p>Malatya&#8217;n\u0131n Darende il\u00e7esinde belediyenin \u00f6z kaynaklar\u0131yla kurulan G\u00fcne\u015f Enerji Santrali (GES) faaliyete ge\u00e7ti. Proje ile&#8230;<\/p>\n","protected":false},"author":1,"featured_media":724,"comment_status":"open","ping_status":"open","sticky":false,"template":"","format":"standard","meta":{"footnotes":""},"categories":[26],"tags":[],"class_list":["post-723","post","type-post","status-publish","format-standard","has-post-thumbnail","hentry","category-darende"],"_links":{"self":[{"href":"https:\/\/gundem44.com.tr\/index.php?rest_route=\/wp\/v2\/posts\/723","targetHints":{"allow":["GET"]}}],"collection":[{"href":"https:\/\/gundem44.com.tr\/index.php?rest_route=\/wp\/v2\/posts"}],"about":[{"href":"https:\/\/gundem44.com.tr\/index.php?rest_route=\/wp\/v2\/types\/post"}],"author":[{"embeddable":true,"href":"https:\/\/gundem44.com.tr\/index.php?rest_route=\/wp\/v2\/users\/1"}],"replies":[{"embeddable":true,"href":"https:\/\/gundem44.com.tr\/index.php?rest_route=%2Fwp%2Fv2%2Fcomments&post=723"}],"version-history":[{"count":1,"href":"https:\/\/gundem44.com.tr\/index.php?rest_route=\/wp\/v2\/posts\/723\/revisions"}],"predecessor-version":[{"id":725,"href":"https:\/\/gundem44.com.tr\/index.php?rest_route=\/wp\/v2\/posts\/723\/revisions\/725"}],"wp:featuredmedia":[{"embeddable":true,"href":"https:\/\/gundem44.com.tr\/index.php?rest_route=\/wp\/v2\/media\/724"}],"wp:attachment":[{"href":"https:\/\/gundem44.com.tr\/index.php?rest_route=%2Fwp%2Fv2%2Fmedia&parent=723"}],"wp:term":[{"taxonomy":"category","embeddable":true,"href":"https:\/\/gundem44.com.tr\/index.php?rest_route=%2Fwp%2Fv2%2Fcategories&post=723"},{"taxonomy":"post_tag","embeddable":true,"href":"https:\/\/gundem44.com.tr\/index.php?rest_route=%2Fwp%2Fv2%2Ftags&post=723"}],"curies":[{"name":"wp","href":"https:\/\/api.w.org\/{rel}","templated":true}]}}