{"id":720,"date":"2026-06-19T10:01:35","date_gmt":"2026-06-19T10:01:35","guid":{"rendered":"https:\/\/gundem44.com.tr\/?p=720"},"modified":"2026-06-19T10:01:36","modified_gmt":"2026-06-19T10:01:36","slug":"malatyada-kayisi-hasadi-basliyor","status":"publish","type":"post","link":"https:\/\/gundem44.com.tr\/?p=720","title":{"rendered":"Malatya&#8217;da Kay\u0131s\u0131 Hasad\u0131 Ba\u015fl\u0131yor"},"content":{"rendered":"\n<p class=\"wp-block-paragraph\">Malatya&#8217;da 2026 kay\u0131s\u0131 sezonu umutla bekleniyor, hasat ay sonunda ba\u015flayacak.<\/p>\n\n\n\n<p class=\"wp-block-paragraph\">Ge\u00e7en y\u0131l zirai don nedeniyle b\u00fcy\u00fck kay\u0131p ya\u015fayan&nbsp;<a href=\"https:\/\/www.sondakika.com\/malatya\/\">Malatya<\/a>&#8216;da yeni sezon i\u00e7in geri say\u0131m ba\u015flad\u0131. Malatya Ticaret Borsas\u0131 Ba\u015fkan\u0131 Ramazan \u00d6zcan, ay sonunda hasad\u0131n ba\u015flayaca\u011f\u0131n\u0131 belirterek, kaliteli \u00fcr\u00fcnle Malatya kay\u0131s\u0131s\u0131n\u0131 yeniden d\u00fcnya pazarlar\u0131nda g\u00fc\u00e7l\u00fc \u015fekilde temsil etmeyi hedeflediklerini ifade etti.<\/p>\n\n\n\n<p class=\"wp-block-paragraph\">Malatya Ticaret Borsas\u0131 Ba\u015fkan\u0131 Ramazan \u00d6zcan, 2026 kay\u0131s\u0131 sezonuna ili\u015fkin de\u011ferlendirmelerde bulundu. Ge\u00e7en y\u0131l ya\u015fanan zirai donun ard\u0131ndan bu sezon umutlu olduklar\u0131n\u0131 belirten \u00d6zcan, rekolte tespit \u00e7al\u0131\u015fmalar\u0131n\u0131n sahada s\u00fcrd\u00fc\u011f\u00fcn\u00fc, ay sonunda hasad\u0131n ba\u015flayaca\u011f\u0131n\u0131 ve Temmuz ay\u0131yla birlikte yeni sezon ihracat\u0131n\u0131n start alaca\u011f\u0131n\u0131 s\u00f6yledi. 2025 y\u0131l\u0131n\u0131n \u00fcretici, ihracat\u00e7\u0131 ve Malatya ekonomisi a\u00e7\u0131s\u0131ndan son derece zorlu ge\u00e7ti\u011fini ifade eden \u00d6zcan, zirai don nedeniyle mahsul\u00fcn b\u00fcy\u00fck b\u00f6l\u00fcm\u00fcn\u00fcn kaybedildi\u011fini hat\u0131rlatt\u0131. Bu y\u0131l ise ilkbahar ge\u00e7 donlar\u0131n\u0131n etkisinin s\u0131n\u0131rl\u0131 kald\u0131\u011f\u0131n\u0131 ancak sa\u011fanak ya\u011f\u0131\u015flar ve dolu nedeniyle baz\u0131 b\u00f6lgelerde kalite kay\u0131plar\u0131 ya\u015fand\u0131\u011f\u0131n\u0131 belirten \u00d6zcan, buna ra\u011fmen iyi bir hasat d\u00f6nemi beklediklerini dile getirdi.<\/p>\n\n\n\n<p class=\"wp-block-paragraph\">\u0130l Tar\u0131m ve Orman M\u00fcd\u00fcrl\u00fc\u011f\u00fc koordinasyonunda y\u00fcr\u00fct\u00fclen rekolte tespit \u00e7al\u0131\u015fmalar\u0131n\u0131n t\u00fcm payda\u015flar\u0131n kat\u0131l\u0131m\u0131yla devam etti\u011fini kaydeden \u00d6zcan, il\u00e7e il\u00e7e yap\u0131lan saha incelemeleri ile \u00e7i\u00e7eklenme, meyve ba\u011flama ve \u00e7a\u011fla d\u00f6nemlerinde elde edilen verilerin de\u011ferlendirilmesinin ard\u0131ndan ya\u015f ve kuru kay\u0131s\u0131 rekoltesinin netle\u015fece\u011fini s\u00f6yledi. Hasad\u0131n ay sonunda ba\u015flayaca\u011f\u0131n\u0131 belirten \u00d6zcan, Temmuz ay\u0131n\u0131n ilk yar\u0131s\u0131ndan itibaren yo\u011fun hasat d\u00f6nemine girilece\u011fini, Temmuz ay\u0131 sonuna do\u011fru ise yeni mahsul kuru kay\u0131s\u0131n\u0131n d\u00fcnya pazarlar\u0131na sunulaca\u011f\u0131n\u0131 ifade etti.<\/p>\n\n\n\n<p class=\"wp-block-paragraph\">Malatya kay\u0131s\u0131s\u0131n\u0131n kalite a\u00e7\u0131s\u0131ndan d\u00fcnyadaki \u00fcst\u00fcnl\u00fc\u011f\u00fcn\u00fc korudu\u011funu ifade eden \u00d6zcan, AB co\u011frafi i\u015faret tesciline sahip \u00fcr\u00fcn\u00fcn besin de\u011feri ve kalitesiyle uluslararas\u0131 al\u0131c\u0131lar\u0131n g\u00f6zdesi olmaya devam etti\u011fini belirterek, &#8220;Bu y\u0131l hi\u00e7bir al\u0131c\u0131 firman\u0131n farkl\u0131 pazarlara y\u00f6nelmesine f\u0131rsat vermek istemiyoruz. Hem \u00fcreticimizin eme\u011finin kar\u015f\u0131l\u0131\u011f\u0131n\u0131 almas\u0131n\u0131 hem de \u015fehrimizin kay\u0131s\u0131dan elde etti\u011fi ekonomik katk\u0131n\u0131n yeniden artmas\u0131n\u0131 hedefliyoruz&#8221; dedi \u00dcreticilerin bu sezon yo\u011fun emek harcad\u0131\u011f\u0131n\u0131 ifade eden \u00d6zcan, s\u0131k g\u00f6r\u00fclen ya\u011f\u0131\u015flar nedeniyle ila\u00e7lama \u00e7al\u0131\u015fmalar\u0131n\u0131n artt\u0131\u011f\u0131n\u0131, ge\u00e7en y\u0131l ya\u015fanan donun a\u011fa\u00e7larda olu\u015fturdu\u011fu olumsuz etkilerin giderilmesi i\u00e7in de b\u00fcy\u00fck \u00e7aba g\u00f6sterildi\u011fini s\u00f6yledi. \u00dcreticilere kaliteli \u00fcretim konusunda hassas davranmalar\u0131 \u00e7a\u011fr\u0131s\u0131nda bulunan \u00d6zcan, ya\u011f\u0131\u015flar\u0131n neden oldu\u011fu \u00e7illenme ve kalite kay\u0131plar\u0131na kar\u015f\u0131 gerekli tedbirlerin al\u0131nmas\u0131n\u0131n \u00f6nemine dikkat \u00e7ekti.<\/p>\n","protected":false},"excerpt":{"rendered":"<p>Malatya&#8217;da 2026 kay\u0131s\u0131 sezonu umutla bekleniyor, hasat ay sonunda ba\u015flayacak. Ge\u00e7en y\u0131l zirai don nedeniyle&#8230;<\/p>\n","protected":false},"author":1,"featured_media":721,"comment_status":"open","ping_status":"open","sticky":false,"template":"","format":"standard","meta":{"footnotes":""},"categories":[18],"tags":[],"class_list":["post-720","post","type-post","status-publish","format-standard","has-post-thumbnail","hentry","category-guncel"],"_links":{"self":[{"href":"https:\/\/gundem44.com.tr\/index.php?rest_route=\/wp\/v2\/posts\/720","targetHints":{"allow":["GET"]}}],"collection":[{"href":"https:\/\/gundem44.com.tr\/index.php?rest_route=\/wp\/v2\/posts"}],"about":[{"href":"https:\/\/gundem44.com.tr\/index.php?rest_route=\/wp\/v2\/types\/post"}],"author":[{"embeddable":true,"href":"https:\/\/gundem44.com.tr\/index.php?rest_route=\/wp\/v2\/users\/1"}],"replies":[{"embeddable":true,"href":"https:\/\/gundem44.com.tr\/index.php?rest_route=%2Fwp%2Fv2%2Fcomments&post=720"}],"version-history":[{"count":1,"href":"https:\/\/gundem44.com.tr\/index.php?rest_route=\/wp\/v2\/posts\/720\/revisions"}],"predecessor-version":[{"id":722,"href":"https:\/\/gundem44.com.tr\/index.php?rest_route=\/wp\/v2\/posts\/720\/revisions\/722"}],"wp:featuredmedia":[{"embeddable":true,"href":"https:\/\/gundem44.com.tr\/index.php?rest_route=\/wp\/v2\/media\/721"}],"wp:attachment":[{"href":"https:\/\/gundem44.com.tr\/index.php?rest_route=%2Fwp%2Fv2%2Fmedia&parent=720"}],"wp:term":[{"taxonomy":"category","embeddable":true,"href":"https:\/\/gundem44.com.tr\/index.php?rest_route=%2Fwp%2Fv2%2Fcategories&post=720"},{"taxonomy":"post_tag","embeddable":true,"href":"https:\/\/gundem44.com.tr\/index.php?rest_route=%2Fwp%2Fv2%2Ftags&post=720"}],"curies":[{"name":"wp","href":"https:\/\/api.w.org\/{rel}","templated":true}]}}