{"id":713,"date":"2026-06-18T19:18:27","date_gmt":"2026-06-18T19:18:27","guid":{"rendered":"https:\/\/gundem44.com.tr\/?p=713"},"modified":"2026-06-18T19:18:27","modified_gmt":"2026-06-18T19:18:27","slug":"tasimaci-esnafindan-ulasim-daire-baskani-yele-hayirli-olsun-ziyareti","status":"publish","type":"post","link":"https:\/\/gundem44.com.tr\/?p=713","title":{"rendered":"Ta\u015f\u0131mac\u0131 esnaf\u0131ndan Ula\u015f\u0131m Daire Ba\u015fkan\u0131 Yel&#8217;e hay\u0131rl\u0131 olsun ziyareti"},"content":{"rendered":"\n<p class=\"wp-block-paragraph\">Malatya Minib\u00fcs\u00e7\u00fcler ve \u015eof\u00f6rler Odas\u0131 y\u00f6neticileri, B\u00fcy\u00fck\u015fehir Belediyesi Ula\u015f\u0131m Daire Ba\u015fkan\u0131 S\u00fcmeyye Yel&#8217;e hay\u0131rl\u0131 olsun ziyaretinde bulundu. G\u00f6r\u00fc\u015fmede toplu ta\u015f\u0131ma sorunlar\u0131, esnaf talepleri ve \u00e7\u00f6z\u00fcm \u00f6nerileri ele al\u0131nd\u0131.<\/p>\n\n\n\n<p class=\"wp-block-paragraph\"><a href=\"https:\/\/www.sondakika.com\/malatya\/\">Malatya<\/a>&nbsp;Minib\u00fcs\u00e7\u00fcler ve Umum Servis Ara\u00e7lar\u0131 Esnaf Odas\u0131 ile Malatya \u015eof\u00f6rler ve Otomobilciler Esnaf Odas\u0131 y\u00f6neticileri, Malatya B\u00fcy\u00fck\u015fehir Belediyesi&nbsp;<a href=\"https:\/\/www.sondakika.com\/ulasim\/\">Ula\u015f\u0131m<\/a>&nbsp;Daire Ba\u015fkan\u0131 S\u00fcmeyye Yel&#8217;e hay\u0131rl\u0131 olsun ziyaretinde bulundu. Ziyarette, kentte toplu ta\u015f\u0131ma sekt\u00f6r\u00fcn\u00fcn mevcut durumu, esnaf\u0131n talepleri ve \u00e7\u00f6z\u00fcm \u00f6nerileri ele al\u0131nd\u0131.<\/p>\n\n\n\n<p class=\"wp-block-paragraph\">Malatya Minib\u00fcs\u00e7\u00fcler ve Umum Servis Ara\u00e7lar\u0131 Esnaf Odas\u0131 Ba\u015fkan\u0131 Mesut \u0130nce, Malatya \u015eof\u00f6rler ve Otomobilciler Esnaf Odas\u0131 Ba\u015fkan Vekili Ali K\u0131z\u0131lca, oda y\u00f6neticileri ve esnaf temsilcileriyle birlikte Ula\u015f\u0131m Daire Ba\u015fkan\u0131 S\u00fcmeyye Yel&#8217;i makam\u0131nda ziyaret etti. Ger\u00e7ekle\u015fen g\u00f6r\u00fc\u015fmede minib\u00fcs, taksi ve servis\u00e7i esnaf\u0131n\u0131n kar\u015f\u0131la\u015ft\u0131\u011f\u0131 operasyonel sorunlar, g\u00fczergah talepleri ve mevzuattan kaynaklanan aksakl\u0131klar masaya yat\u0131r\u0131ld\u0131. Toplu ta\u015f\u0131ma hizmetlerinin daha kaliteli ve verimli sunulabilmesi amac\u0131yla belediye ile meslek odalar\u0131n\u0131n koordinasyon i\u00e7erisinde \u00e7al\u0131\u015fmas\u0131n\u0131n \u00f6nemine vurgu yap\u0131ld\u0131.<\/p>\n\n\n\n<p class=\"wp-block-paragraph\">Ziyaretin ard\u0131ndan de\u011ferlendirmelerde bulunan Malatya Minib\u00fcs\u00e7\u00fcler ve Umum Servis Ara\u00e7lar\u0131 Esnaf Odas\u0131 Ba\u015fkan\u0131 Mesut \u0130nce, toplu ta\u015f\u0131ma hizmetlerinin geli\u015ftirilmesi ad\u0131na i\u015f birli\u011finin \u00f6nemine dikkat \u00e7ekerek, &#8220;Minib\u00fcs, taksi ve servis\u00e7i esnaf\u0131m\u0131z\u0131n talep, sorun ve \u00e7\u00f6z\u00fcm \u00f6nerilerini kar\u015f\u0131l\u0131kl\u0131 isti\u015fare ettik. Malatya&#8217;da toplu ta\u015f\u0131ma hizmetlerinin daha kaliteli ve verimli y\u00fcr\u00fct\u00fclmesi i\u00e7in ortak ak\u0131l ve i\u015f birli\u011fi anlay\u0131\u015f\u0131yla hareket etmenin \u00f6nemini bir kez daha vurgulad\u0131k. Esnaf\u0131m\u0131z\u0131n ve vatanda\u015flar\u0131m\u0131z\u0131n menfaatini esas alan her t\u00fcrl\u00fc \u00e7al\u0131\u015fmaya katk\u0131 sunmaya devam edece\u011fiz. Ula\u015f\u0131m Daire Ba\u015fkan\u0131m\u0131z Say\u0131n S\u00fcmeyye Yel&#8217;e misafirperverli\u011fi i\u00e7in te\u015fekk\u00fcr ediyor, yeni g\u00f6revinde ba\u015far\u0131lar diliyoruz&#8221; diye konu\u015ftu.<\/p>\n","protected":false},"excerpt":{"rendered":"<p>Malatya Minib\u00fcs\u00e7\u00fcler ve \u015eof\u00f6rler Odas\u0131 y\u00f6neticileri, B\u00fcy\u00fck\u015fehir Belediyesi Ula\u015f\u0131m Daire Ba\u015fkan\u0131 S\u00fcmeyye Yel&#8217;e hay\u0131rl\u0131 olsun&#8230;<\/p>\n","protected":false},"author":1,"featured_media":714,"comment_status":"open","ping_status":"open","sticky":false,"template":"","format":"standard","meta":{"footnotes":""},"categories":[18],"tags":[],"class_list":["post-713","post","type-post","status-publish","format-standard","has-post-thumbnail","hentry","category-guncel"],"_links":{"self":[{"href":"https:\/\/gundem44.com.tr\/index.php?rest_route=\/wp\/v2\/posts\/713","targetHints":{"allow":["GET"]}}],"collection":[{"href":"https:\/\/gundem44.com.tr\/index.php?rest_route=\/wp\/v2\/posts"}],"about":[{"href":"https:\/\/gundem44.com.tr\/index.php?rest_route=\/wp\/v2\/types\/post"}],"author":[{"embeddable":true,"href":"https:\/\/gundem44.com.tr\/index.php?rest_route=\/wp\/v2\/users\/1"}],"replies":[{"embeddable":true,"href":"https:\/\/gundem44.com.tr\/index.php?rest_route=%2Fwp%2Fv2%2Fcomments&post=713"}],"version-history":[{"count":1,"href":"https:\/\/gundem44.com.tr\/index.php?rest_route=\/wp\/v2\/posts\/713\/revisions"}],"predecessor-version":[{"id":715,"href":"https:\/\/gundem44.com.tr\/index.php?rest_route=\/wp\/v2\/posts\/713\/revisions\/715"}],"wp:featuredmedia":[{"embeddable":true,"href":"https:\/\/gundem44.com.tr\/index.php?rest_route=\/wp\/v2\/media\/714"}],"wp:attachment":[{"href":"https:\/\/gundem44.com.tr\/index.php?rest_route=%2Fwp%2Fv2%2Fmedia&parent=713"}],"wp:term":[{"taxonomy":"category","embeddable":true,"href":"https:\/\/gundem44.com.tr\/index.php?rest_route=%2Fwp%2Fv2%2Fcategories&post=713"},{"taxonomy":"post_tag","embeddable":true,"href":"https:\/\/gundem44.com.tr\/index.php?rest_route=%2Fwp%2Fv2%2Ftags&post=713"}],"curies":[{"name":"wp","href":"https:\/\/api.w.org\/{rel}","templated":true}]}}