{"id":710,"date":"2026-06-18T19:16:49","date_gmt":"2026-06-18T19:16:49","guid":{"rendered":"https:\/\/gundem44.com.tr\/?p=710"},"modified":"2026-06-18T19:16:50","modified_gmt":"2026-06-18T19:16:50","slug":"eminoglu-malatya-kutuphanesini-ziyaret-etti","status":"publish","type":"post","link":"https:\/\/gundem44.com.tr\/?p=710","title":{"rendered":"Emino\u011flu Malatya K\u00fct\u00fcphanesini Ziyaret Etti"},"content":{"rendered":"\n<p class=\"wp-block-paragraph\">Gen\u00e7lik ve Spor Bakan Yard\u0131mc\u0131s\u0131 Emino\u011flu, Malatya&#8217;da k\u00fct\u00fcphane ve spor yat\u0131r\u0131mlar\u0131n\u0131 inceledi.<\/p>\n\n\n\n<p class=\"wp-block-paragraph\"><a href=\"https:\/\/www.sondakika.com\/genclik\/\">Gen\u00e7lik<\/a>&nbsp;ve&nbsp;<a href=\"https:\/\/www.sondakika.com\/Spor\/\">Spor<\/a>&nbsp;Bakan Yard\u0131mc\u0131s\u0131 Enes Emino\u011flu,&nbsp;<a href=\"https:\/\/www.sondakika.com\/malatya\/\">Malatya<\/a>&nbsp;\u015eehir K\u00fct\u00fcphanesini ziyaret etti.<\/p>\n\n\n\n<p class=\"wp-block-paragraph\">B\u00fcy\u00fck\u015fehir Belediyesinden yap\u0131lan a\u00e7\u0131klamaya g\u00f6re, bir dizi ziyaret ve incelemede bulunmak \u00fczere kente gelen Emino\u011flu, B\u00fcy\u00fck\u015fehir Belediye Ba\u015fkan\u0131 Sami Er&#8217;i ziyaret etti.<\/p>\n\n\n\n<p class=\"wp-block-paragraph\">A\u00e7\u0131klamada g\u00f6r\u00fc\u015flerine yer verilen Emino\u011flu, Malatya&#8217;da&nbsp;<a href=\"https:\/\/www.sondakika.com\/spor\/\">spor<\/a>&nbsp;alan\u0131nda \u00f6nemli yat\u0131r\u0131mlar yap\u0131ld\u0131\u011f\u0131n\u0131 belirtti.<\/p>\n\n\n\n<p class=\"wp-block-paragraph\">Emino\u011flu, \u015funlar\u0131 kaydetti:<\/p>\n\n\n\n<p class=\"wp-block-paragraph\">&#8220;Malatya&#8217;da 120 bin ba\u011f\u0131ms\u0131z b\u00f6l\u00fcm y\u0131k\u0131lm\u0131\u015f, k\u0131sa s\u00fcrede \u015fehrin imar ve ihya edilmi\u015f olmas\u0131 takdire \u015fayan. Cumhurba\u015fkan\u0131m\u0131z\u0131n k\u0131ymetli ve g\u00fc\u00e7l\u00fc deste\u011fiyle Malatya parmakla g\u00f6sterilecek duruma gelmi\u015f. Ba\u015fkan\u0131m\u0131z bu imkanlar\u0131 gen\u00e7lerimiz i\u00e7in seferber ediyor. T\u00fcrkiye&#8217;deki k\u00fct\u00fcphaneler aras\u0131nda ilk 5&#8217;e girer. Ba\u015fkan\u0131m\u0131z\u0131n k\u0131ymetli \u00e7al\u0131\u015fmalar\u0131 var, bunlar\u0131 anlatmak laz\u0131m.&#8221;<\/p>\n\n\n\n<p class=\"wp-block-paragraph\">Malatya B\u00fcy\u00fck\u015fehir Belediye Ba\u015fkan\u0131 Sami Er de Malatya&#8217;da \u00e7al\u0131\u015fmalar\u0131n 3 ayda planland\u0131\u011f\u0131n\u0131 ve binalar\u0131n 8 ay i\u00e7erisinde y\u00fckseldi\u011fini ifade etti.<\/p>\n\n\n\n<p class=\"wp-block-paragraph\">Gen\u00e7lik ve Spor Bakan\u0131 Osman A\u015fk\u0131n Bak&#8217;\u0131n da Malatya&#8217;ya b\u00fcy\u00fck katk\u0131larda bulundu\u011funu kaydeden Er, &#8220;Burada \u00fccretsiz \u00e7orba, \u00e7ay, kahve ve su ikram\u0131m\u0131z var. Ayr\u0131ca, kent genelinde onlarca k\u00fct\u00fcphane in\u015fa ediyoruz. Gen\u00e7lik merkezlerinin hepsinde k\u00fct\u00fcphane olacak. Yak\u0131nda \u00c7ocuk K\u00fct\u00fcphanesi&#8217;ni a\u00e7\u0131yoruz.&#8221; de\u011ferlendirmesinde bulundu.<\/p>\n","protected":false},"excerpt":{"rendered":"<p>Gen\u00e7lik ve Spor Bakan Yard\u0131mc\u0131s\u0131 Emino\u011flu, Malatya&#8217;da k\u00fct\u00fcphane ve spor yat\u0131r\u0131mlar\u0131n\u0131 inceledi. Gen\u00e7lik&nbsp;ve&nbsp;Spor&nbsp;Bakan Yard\u0131mc\u0131s\u0131 Enes&#8230;<\/p>\n","protected":false},"author":1,"featured_media":711,"comment_status":"open","ping_status":"open","sticky":false,"template":"","format":"standard","meta":{"footnotes":""},"categories":[18],"tags":[],"class_list":["post-710","post","type-post","status-publish","format-standard","has-post-thumbnail","hentry","category-guncel"],"_links":{"self":[{"href":"https:\/\/gundem44.com.tr\/index.php?rest_route=\/wp\/v2\/posts\/710","targetHints":{"allow":["GET"]}}],"collection":[{"href":"https:\/\/gundem44.com.tr\/index.php?rest_route=\/wp\/v2\/posts"}],"about":[{"href":"https:\/\/gundem44.com.tr\/index.php?rest_route=\/wp\/v2\/types\/post"}],"author":[{"embeddable":true,"href":"https:\/\/gundem44.com.tr\/index.php?rest_route=\/wp\/v2\/users\/1"}],"replies":[{"embeddable":true,"href":"https:\/\/gundem44.com.tr\/index.php?rest_route=%2Fwp%2Fv2%2Fcomments&post=710"}],"version-history":[{"count":1,"href":"https:\/\/gundem44.com.tr\/index.php?rest_route=\/wp\/v2\/posts\/710\/revisions"}],"predecessor-version":[{"id":712,"href":"https:\/\/gundem44.com.tr\/index.php?rest_route=\/wp\/v2\/posts\/710\/revisions\/712"}],"wp:featuredmedia":[{"embeddable":true,"href":"https:\/\/gundem44.com.tr\/index.php?rest_route=\/wp\/v2\/media\/711"}],"wp:attachment":[{"href":"https:\/\/gundem44.com.tr\/index.php?rest_route=%2Fwp%2Fv2%2Fmedia&parent=710"}],"wp:term":[{"taxonomy":"category","embeddable":true,"href":"https:\/\/gundem44.com.tr\/index.php?rest_route=%2Fwp%2Fv2%2Fcategories&post=710"},{"taxonomy":"post_tag","embeddable":true,"href":"https:\/\/gundem44.com.tr\/index.php?rest_route=%2Fwp%2Fv2%2Ftags&post=710"}],"curies":[{"name":"wp","href":"https:\/\/api.w.org\/{rel}","templated":true}]}}