{"id":699,"date":"2026-06-18T11:03:17","date_gmt":"2026-06-18T11:03:17","guid":{"rendered":"https:\/\/gundem44.com.tr\/?p=699"},"modified":"2026-06-18T11:03:17","modified_gmt":"2026-06-18T11:03:17","slug":"malatyada-deprem-yaralari-sarildi-gelecek-insa-ediliyor","status":"publish","type":"post","link":"https:\/\/gundem44.com.tr\/?p=699","title":{"rendered":"Malatya&#8217;da Deprem Yaralar\u0131 Sar\u0131ld\u0131, Gelecek \u0130n\u015fa Ediliyor"},"content":{"rendered":"\n<p class=\"wp-block-paragraph\">Malatya B\u00fcy\u00fck\u015fehir Belediye Ba\u015fkan\u0131 Sami Er, deprem sonras\u0131 yeniden in\u015fa edilen Do\u011fan\u015fehir&#8217;de yap\u0131lan konut ve camileri inceledi. 124 bin ba\u011f\u0131ms\u0131z b\u00f6l\u00fcm in\u015fa edildi\u011fini belirten Er, kentin ula\u015f\u0131m, spor, e\u011fitim gibi alanlarda da yat\u0131r\u0131mlarla g\u00fc\u00e7lendirildi\u011fini vurgulad\u0131.<\/p>\n\n\n\n<p class=\"wp-block-paragraph\"><a href=\"https:\/\/www.sondakika.com\/malatya\/\">Malatya<\/a>&nbsp;B\u00fcy\u00fck\u015fehir Belediye Ba\u015fkan\u0131&nbsp;<a href=\"https:\/\/www.sondakika.com\/sami-er\/\">Sami Er<\/a>, g\u00fc\u00e7l\u00fc bir Malatya in\u015fa edildi\u011fini ifade ederek, &#8220;Malatya&#8217;da yaln\u0131zca deprem yaralar\u0131n\u0131 sarmad\u0131k, gelece\u011fin Malatya&#8217;s\u0131n\u0131 in\u015fa ettik. Ula\u015f\u0131m, spor, e\u011fitim, gen\u00e7lik, sanayi ve turizm alanlar\u0131nda da \u00f6nemli yat\u0131r\u0131mlar\u0131m\u0131z s\u00fcr\u00fcyor&#8221; dedi.<\/p>\n\n\n\n<p class=\"wp-block-paragraph\">B\u00fcy\u00fck\u015fehir Belediye Ba\u015fkan\u0131 Sami Er, Malatya Valisi Seddar Yavuz ile birlikte 6 \u015eubat 2023 depremlerinde b\u00fcy\u00fck y\u0131k\u0131m ya\u015fayan ve yeniden in\u015fa edilen&nbsp;<a href=\"https:\/\/www.sondakika.com\/dogansehir\/\">Do\u011fan\u015fehir<\/a>&nbsp;il\u00e7esinde yap\u0131m\u0131 tamamlanan ve devam eden k\u0131rsal k\u00f6y konutlar\u0131nda incelemede bulundu.<\/p>\n\n\n\n<p class=\"wp-block-paragraph\">Eskik\u00f6y ve S\u00fcrg\u00fc mahallelerinde yeni yap\u0131lan k\u0131rsal k\u00f6y konutlar\u0131 ile S\u00fcrg\u00fc Merkez Cami in\u015faat\u0131nda incelemede bulunan Ba\u015fkan Er, Kurucuova Mahallesindeki K\u00f6l\u00fckkuyu Camiinin a\u00e7\u0131l\u0131\u015f\u0131na kat\u0131ld\u0131. B\u00fcy\u00fck\u015fehir Belediye Ba\u015fkan\u0131 Sami Er, Do\u011fan\u015fehir&#8217;de yap\u0131m\u0131 tamamlanan caminin a\u00e7\u0131l\u0131\u015f t\u00f6reninde yapt\u0131\u011f\u0131 konu\u015fmada, deprem sonras\u0131 yeniden in\u015fa s\u00fcrecinde Malatya&#8217;n\u0131n b\u00fcy\u00fck bir d\u00f6n\u00fc\u015f\u00fcm ya\u015fad\u0131\u011f\u0131n\u0131 ifade etti.<\/p>\n\n\n\n<p class=\"wp-block-paragraph\">Cumhurba\u015fkan\u0131 Recep Tayyip Erdo\u011fan&#8217;\u0131n liderli\u011finde,&nbsp;<a href=\"https:\/\/www.sondakika.com\/cevre\/\">\u00c7evre<\/a>, \u015eehircilik ve \u0130klim De\u011fi\u015fikli\u011fi Bakan\u0131 Murat Kurum ba\u015fta olmak \u00fczere bakanl\u0131klar\u0131n, kamu kurumlar\u0131n\u0131n, milletvekillerinin, valinin ve yerel y\u00f6netimlerin g\u00fc\u00e7l\u00fc i\u015f birli\u011fiyle Malatya&#8217;n\u0131n yeniden aya\u011fa kald\u0131r\u0131ld\u0131\u011f\u0131n\u0131 kaydeden Ba\u015fkan Er, \u015fehrin sadece yeniden in\u015fa edilmedi\u011fini, ayn\u0131 zamanda gelece\u011fe haz\u0131rlanarak daha g\u00fc\u00e7l\u00fc bir Malatya&#8217;n\u0131n in\u015fa edildi\u011fini ifade etti.<\/p>\n\n\n\n<p class=\"wp-block-paragraph\">&#8220;Do\u011fan\u015fehir&#8217;de adeta yeni bir il\u00e7enin kuruldu&#8221;<\/p>\n\n\n\n<p class=\"wp-block-paragraph\">Malatya genelinde 124 bin ba\u011f\u0131ms\u0131z b\u00f6l\u00fcm\u00fcn yap\u0131ld\u0131\u011f\u0131na dikkati \u00e7eken Ba\u015fkan Sami Er, Do\u011fan\u015fehir \u00f6zelinde ise 7 bin 828 ba\u011f\u0131ms\u0131z b\u00f6l\u00fcm\u00fcn in\u015fa edildi\u011fini s\u00f6yledi. Ba\u015fkan Er, &#8220;Do\u011fan\u015fehir il\u00e7emizde yap\u0131lan konut say\u0131s\u0131 31 bin ki\u015filik bir n\u00fcfusa kar\u015f\u0131l\u0131k geliyor. N\u00fcfusu 36 bin olan Do\u011fan\u015fehir&#8217;de adeta yeni bir il\u00e7enin kuruldu. Biz, Malatya&#8217;da yaln\u0131zca deprem yaralar\u0131n\u0131 sarmalad\u0131k, gelece\u011fin Malatya&#8217;s\u0131n\u0131 in\u015fa ettik. Ula\u015f\u0131m, spor, e\u011fitim, gen\u00e7lik, sanayi ve turizm alanlar\u0131nda da \u00f6nemli yat\u0131r\u0131mlar\u0131m\u0131z s\u00fcr\u00fcyor&#8221; diye konu\u015ftu.<\/p>\n\n\n\n<p class=\"wp-block-paragraph\">Vatanda\u015flardan olumsuz s\u00f6ylemlere kulak asmamalar\u0131n\u0131 isteyen Er, Malatya hakk\u0131nda negatif alg\u0131 olu\u015fturulmas\u0131na izin verilmemesi gerekti\u011fini de s\u00f6zlerine ekledi.<\/p>\n\n\n\n<p class=\"wp-block-paragraph\">Malatya Valisi Seddar Yavuz ise Malatya&#8217;da ger\u00e7ekle\u015ftirilen \u00e7al\u0131\u015fmalar\u0131n b\u00fcy\u00fckl\u00fc\u011f\u00fcne dikkat \u00e7ekerek, 124 bin ba\u011f\u0131ms\u0131z b\u00f6l\u00fcm\u00fcn in\u015fa edilmesinin kent merkezi ve Do\u011fan\u015fehir&#8217;in yeniden kurulmas\u0131 anlam\u0131na geldi\u011fi ifade etti.<\/p>\n\n\n\n<p class=\"wp-block-paragraph\">K\u0131rsalda farkl\u0131 lokasyonlarda 16 bin 500 konutun yap\u0131ld\u0131\u011f\u0131n\u0131 kaydederek, y\u00fcr\u00fct\u00fclen \u00e7al\u0131\u015fmalar\u0131n sadece bug\u00fcn\u00fcn de\u011fil, gelece\u011fin Malatya&#8217;s\u0131n\u0131n in\u015fa edildi\u011fini aktaran Vali Yavuz, &#8220;Malatya yeniden aya\u011fa kalk\u0131yor, yeniden k\u00fcllerinden do\u011fuyor&#8221; dedi.<\/p>\n\n\n\n<p class=\"wp-block-paragraph\">Ba\u015fkan Er, daha sonra Vali Yavuz ile birlikte Erkenek Mahallesi rezerv alan, \u00d6rencik, Kap\u0131dere, G\u00f6vdeli, B\u0131\u00e7akc\u0131, Elmal\u0131 ve G\u00fcnedo\u011fru mahallelerinde deprem konutlar\u0131nda incelemede bulundu.<\/p>\n\n\n\n<p class=\"wp-block-paragraph\">B\u00fcy\u00fck\u015fehir Belediye Ba\u015fkan\u0131 Sami Er ayr\u0131ca, \u015fehit Jandarma Er Nurettin Dalk\u0131l\u0131\u00e7&#8217;\u0131n ailesini ve kabrini ziyaret etti. &#8211; MALATYA<\/p>\n","protected":false},"excerpt":{"rendered":"<p>Malatya B\u00fcy\u00fck\u015fehir Belediye Ba\u015fkan\u0131 Sami Er, deprem sonras\u0131 yeniden in\u015fa edilen Do\u011fan\u015fehir&#8217;de yap\u0131lan konut ve&#8230;<\/p>\n","protected":false},"author":1,"featured_media":700,"comment_status":"open","ping_status":"open","sticky":false,"template":"","format":"standard","meta":{"footnotes":""},"categories":[27,1],"tags":[],"class_list":["post-699","post","type-post","status-publish","format-standard","has-post-thumbnail","hentry","category-dogansehir","category-malatya-gundemi"],"_links":{"self":[{"href":"https:\/\/gundem44.com.tr\/index.php?rest_route=\/wp\/v2\/posts\/699","targetHints":{"allow":["GET"]}}],"collection":[{"href":"https:\/\/gundem44.com.tr\/index.php?rest_route=\/wp\/v2\/posts"}],"about":[{"href":"https:\/\/gundem44.com.tr\/index.php?rest_route=\/wp\/v2\/types\/post"}],"author":[{"embeddable":true,"href":"https:\/\/gundem44.com.tr\/index.php?rest_route=\/wp\/v2\/users\/1"}],"replies":[{"embeddable":true,"href":"https:\/\/gundem44.com.tr\/index.php?rest_route=%2Fwp%2Fv2%2Fcomments&post=699"}],"version-history":[{"count":1,"href":"https:\/\/gundem44.com.tr\/index.php?rest_route=\/wp\/v2\/posts\/699\/revisions"}],"predecessor-version":[{"id":701,"href":"https:\/\/gundem44.com.tr\/index.php?rest_route=\/wp\/v2\/posts\/699\/revisions\/701"}],"wp:featuredmedia":[{"embeddable":true,"href":"https:\/\/gundem44.com.tr\/index.php?rest_route=\/wp\/v2\/media\/700"}],"wp:attachment":[{"href":"https:\/\/gundem44.com.tr\/index.php?rest_route=%2Fwp%2Fv2%2Fmedia&parent=699"}],"wp:term":[{"taxonomy":"category","embeddable":true,"href":"https:\/\/gundem44.com.tr\/index.php?rest_route=%2Fwp%2Fv2%2Fcategories&post=699"},{"taxonomy":"post_tag","embeddable":true,"href":"https:\/\/gundem44.com.tr\/index.php?rest_route=%2Fwp%2Fv2%2Ftags&post=699"}],"curies":[{"name":"wp","href":"https:\/\/api.w.org\/{rel}","templated":true}]}}