{"id":687,"date":"2026-06-18T10:57:21","date_gmt":"2026-06-18T10:57:21","guid":{"rendered":"https:\/\/gundem44.com.tr\/?p=687"},"modified":"2026-06-18T10:57:21","modified_gmt":"2026-06-18T10:57:21","slug":"dogansehirde-yil-sonu-senligi","status":"publish","type":"post","link":"https:\/\/gundem44.com.tr\/?p=687","title":{"rendered":"Do\u011fan\u015fehir&#8217;de Y\u0131l Sonu \u015eenli\u011fi"},"content":{"rendered":"\n<p class=\"wp-block-paragraph\">Malatya&#8217;n\u0131n Do\u011fan\u015fehir il\u00e7esinde d\u00fczenlenen \u015fenlikte k\u00fclt\u00fcrel etkinlikler yap\u0131ld\u0131.<\/p>\n\n\n\n<p class=\"wp-block-paragraph\"><a href=\"https:\/\/www.sondakika.com\/malatya\/\">Malatya<\/a>&#8216;n\u0131n&nbsp;<a href=\"https:\/\/www.sondakika.com\/dogansehir\/\">Do\u011fan\u015fehir<\/a>&nbsp;\u0130l\u00e7esinde &#8220;Y\u0131l Sonu \u015eenli\u011fi Program\u0131&#8221; ger\u00e7ekle\u015ftirildi.<\/p>\n\n\n\n<p class=\"wp-block-paragraph\">\u0130l\u00e7e Milli&nbsp;<a href=\"https:\/\/www.sondakika.com\/egitim\/\">E\u011fitim<\/a>&nbsp;M\u00fcd\u00fcrl\u00fc\u011f\u00fc taraf\u0131ndan d\u00fczenlenen programda, \u00f6\u011frenci ve \u00f6\u011fretmenler taraf\u0131ndan haz\u0131rlanan etkinlikler yap\u0131ld\u0131.<\/p>\n\n\n\n<p class=\"wp-block-paragraph\">Vatanda\u015flar\u0131n yo\u011fun kat\u0131l\u0131m\u0131n\u0131n oldu\u011fu programda, bir\u00e7ok sanat ve k\u00fclt\u00fcr etkinli\u011fi d\u00fczenlendi.<\/p>\n\n\n\n<p class=\"wp-block-paragraph\">Do\u011fan\u015fehir Kaymakam\u0131 Ahmet Fatih Sungur, yapt\u0131\u011f\u0131 a\u00e7\u0131klamada, bu y\u0131l g\u00f6rev alan \u00f6\u011fretmen ve \u00f6\u011frencilere te\u015fekk\u00fcr etti.<\/p>\n\n\n\n<p class=\"wp-block-paragraph\">\u0130l\u00e7e Milli E\u011fitim M\u00fcd\u00fcr\u00fc Mehmet \u00c7oban da programda eme\u011fi ge\u00e7enlere te\u015fekk\u00fcr ederek ba\u015far\u0131 diledi.<\/p>\n\n\n\n<p class=\"wp-block-paragraph\">Programa, Do\u011fan\u015fehir Belediye Ba\u015fkan\u0131 Mehmet Bayram, siyasi parti temsilcileri, kurum amirleri ve vatanda\u015flar kat\u0131ld\u0131.<\/p>\n","protected":false},"excerpt":{"rendered":"<p>Malatya&#8217;n\u0131n Do\u011fan\u015fehir il\u00e7esinde d\u00fczenlenen \u015fenlikte k\u00fclt\u00fcrel etkinlikler yap\u0131ld\u0131. Malatya&#8216;n\u0131n&nbsp;Do\u011fan\u015fehir&nbsp;\u0130l\u00e7esinde &#8220;Y\u0131l Sonu \u015eenli\u011fi Program\u0131&#8221; ger\u00e7ekle\u015ftirildi. \u0130l\u00e7e&#8230;<\/p>\n","protected":false},"author":1,"featured_media":688,"comment_status":"open","ping_status":"open","sticky":false,"template":"","format":"standard","meta":{"footnotes":""},"categories":[27],"tags":[],"class_list":["post-687","post","type-post","status-publish","format-standard","has-post-thumbnail","hentry","category-dogansehir"],"_links":{"self":[{"href":"https:\/\/gundem44.com.tr\/index.php?rest_route=\/wp\/v2\/posts\/687","targetHints":{"allow":["GET"]}}],"collection":[{"href":"https:\/\/gundem44.com.tr\/index.php?rest_route=\/wp\/v2\/posts"}],"about":[{"href":"https:\/\/gundem44.com.tr\/index.php?rest_route=\/wp\/v2\/types\/post"}],"author":[{"embeddable":true,"href":"https:\/\/gundem44.com.tr\/index.php?rest_route=\/wp\/v2\/users\/1"}],"replies":[{"embeddable":true,"href":"https:\/\/gundem44.com.tr\/index.php?rest_route=%2Fwp%2Fv2%2Fcomments&post=687"}],"version-history":[{"count":1,"href":"https:\/\/gundem44.com.tr\/index.php?rest_route=\/wp\/v2\/posts\/687\/revisions"}],"predecessor-version":[{"id":689,"href":"https:\/\/gundem44.com.tr\/index.php?rest_route=\/wp\/v2\/posts\/687\/revisions\/689"}],"wp:featuredmedia":[{"embeddable":true,"href":"https:\/\/gundem44.com.tr\/index.php?rest_route=\/wp\/v2\/media\/688"}],"wp:attachment":[{"href":"https:\/\/gundem44.com.tr\/index.php?rest_route=%2Fwp%2Fv2%2Fmedia&parent=687"}],"wp:term":[{"taxonomy":"category","embeddable":true,"href":"https:\/\/gundem44.com.tr\/index.php?rest_route=%2Fwp%2Fv2%2Fcategories&post=687"},{"taxonomy":"post_tag","embeddable":true,"href":"https:\/\/gundem44.com.tr\/index.php?rest_route=%2Fwp%2Fv2%2Ftags&post=687"}],"curies":[{"name":"wp","href":"https:\/\/api.w.org\/{rel}","templated":true}]}}