{"id":684,"date":"2026-06-18T10:55:45","date_gmt":"2026-06-18T10:55:45","guid":{"rendered":"https:\/\/gundem44.com.tr\/?p=684"},"modified":"2026-06-18T10:55:46","modified_gmt":"2026-06-18T10:55:46","slug":"yazikoy-mahallesine-kultur-merkezi-ve-taziye-konagi","status":"publish","type":"post","link":"https:\/\/gundem44.com.tr\/?p=684","title":{"rendered":"Yaz\u0131k\u00f6y Mahallesi&#8217;ne K\u00fclt\u00fcr Merkezi ve Taziye Kona\u011f\u0131"},"content":{"rendered":"\n<p class=\"wp-block-paragraph\">Malatya&#8217;n\u0131n Darende il\u00e7esi Yaz\u0131k\u00f6y Mahallesi&#8217;nde yap\u0131lacak K\u00fclt\u00fcr Merkezi ve Taziye Kona\u011f\u0131&#8217;n\u0131n temel atma t\u00f6reni ger\u00e7ekle\u015ftirildi. Belediye Ba\u015fkan\u0131 Alican Bozkurt, projenin sosyal ve k\u00fclt\u00fcrel faaliyetlerin yan\u0131 s\u0131ra vatanda\u015flar\u0131n ac\u0131 ve sevin\u00e7lerini payla\u015fabilece\u011fi bir alan olaca\u011f\u0131n\u0131 belirtti.<\/p>\n\n\n\n<p class=\"wp-block-paragraph\"><a href=\"https:\/\/www.sondakika.com\/malatya\/\">Malatya<\/a>&#8216;n\u0131n&nbsp;<a href=\"https:\/\/www.sondakika.com\/darende\/\">Darende<\/a>&nbsp;il\u00e7esine ba\u011fl\u0131&nbsp;<a href=\"https:\/\/www.sondakika.com\/yazikoy\/\">Yaz\u0131k\u00f6y<\/a>&nbsp;Mahallesi&#8217;nde yap\u0131m\u0131 planlanan&nbsp;<a href=\"https:\/\/www.sondakika.com\/kultur\/\">K\u00fclt\u00fcr<\/a>&nbsp;Merkezi ve Taziye Kona\u011f\u0131&#8217;n\u0131n temeli d\u00fczenlenen t\u00f6renle at\u0131ld\u0131.<\/p>\n\n\n\n<p class=\"wp-block-paragraph\">Darende Belediye Ba\u015fkan\u0131&nbsp;<a href=\"https:\/\/www.sondakika.com\/alican-bozkurt\/\">Alican Bozkurt<\/a>, Yaz\u0131k\u00f6y Mahallesi&#8217;nin \u00f6nemli ihtiya\u00e7lar\u0131ndan birini kar\u015f\u0131layacak olan K\u00fclt\u00fcr Merkezi ve Taziye Kona\u011f\u0131 projesinin temelinin at\u0131ld\u0131\u011f\u0131n\u0131 belirtti.<\/p>\n\n\n\n<p class=\"wp-block-paragraph\">Projenin mahalle sakinlerinin sosyal ve k\u00fclt\u00fcrel faaliyetlerine ev sahipli\u011fi yapaca\u011f\u0131n\u0131 ifade eden Ba\u015fkan Bozkurt, ayn\u0131 zamanda vatanda\u015flar\u0131n ac\u0131 ve sevin\u00e7lerini birlikte payla\u015fabilecekleri \u00f6nemli bir ya\u015fam alan\u0131 olu\u015fturaca\u011f\u0131n\u0131 s\u00f6yledi.<\/p>\n\n\n\n<p class=\"wp-block-paragraph\">\u00c7al\u0131\u015fmalar\u0131n en k\u0131sa s\u00fcrede tamamlanarak tesisin vatanda\u015flar\u0131n hizmetine sunulaca\u011f\u0131n\u0131 kaydeden Bozkurt, &#8220;Yaz\u0131k\u00f6y Mahallemizin \u00f6nemli bir ihtiyac\u0131n\u0131 kar\u015f\u0131layacak K\u00fclt\u00fcr Merkezi ve Taziye Kona\u011f\u0131 projemizin temelini att\u0131k. Hem sosyal ve k\u00fclt\u00fcrel faaliyetlere ev sahipli\u011fi yapacak hem de vatanda\u015flar\u0131m\u0131z\u0131n ac\u0131 ve sevin\u00e7lerini birlikte payla\u015fabilecekleri bu \u00f6nemli eseri en k\u0131sa s\u00fcrede tamamlayarak hem\u015ferilerimizin hizmetine sunaca\u011f\u0131z. Darende&#8217;mize ve Yaz\u0131k\u00f6y Mahallemize hay\u0131rl\u0131 olmas\u0131n\u0131 diliyor, il\u00e7emize de\u011fer katacak yat\u0131r\u0131mlar\u0131m\u0131z\u0131 kararl\u0131l\u0131kla s\u00fcrd\u00fcrmeye devam ediyoruz&#8221; diye konu\u015ftu<\/p>\n","protected":false},"excerpt":{"rendered":"<p>Malatya&#8217;n\u0131n Darende il\u00e7esi Yaz\u0131k\u00f6y Mahallesi&#8217;nde yap\u0131lacak K\u00fclt\u00fcr Merkezi ve Taziye Kona\u011f\u0131&#8217;n\u0131n temel atma t\u00f6reni ger\u00e7ekle\u015ftirildi&#8230;.<\/p>\n","protected":false},"author":1,"featured_media":685,"comment_status":"open","ping_status":"open","sticky":false,"template":"","format":"standard","meta":{"footnotes":""},"categories":[26],"tags":[],"class_list":["post-684","post","type-post","status-publish","format-standard","has-post-thumbnail","hentry","category-darende"],"_links":{"self":[{"href":"https:\/\/gundem44.com.tr\/index.php?rest_route=\/wp\/v2\/posts\/684","targetHints":{"allow":["GET"]}}],"collection":[{"href":"https:\/\/gundem44.com.tr\/index.php?rest_route=\/wp\/v2\/posts"}],"about":[{"href":"https:\/\/gundem44.com.tr\/index.php?rest_route=\/wp\/v2\/types\/post"}],"author":[{"embeddable":true,"href":"https:\/\/gundem44.com.tr\/index.php?rest_route=\/wp\/v2\/users\/1"}],"replies":[{"embeddable":true,"href":"https:\/\/gundem44.com.tr\/index.php?rest_route=%2Fwp%2Fv2%2Fcomments&post=684"}],"version-history":[{"count":1,"href":"https:\/\/gundem44.com.tr\/index.php?rest_route=\/wp\/v2\/posts\/684\/revisions"}],"predecessor-version":[{"id":686,"href":"https:\/\/gundem44.com.tr\/index.php?rest_route=\/wp\/v2\/posts\/684\/revisions\/686"}],"wp:featuredmedia":[{"embeddable":true,"href":"https:\/\/gundem44.com.tr\/index.php?rest_route=\/wp\/v2\/media\/685"}],"wp:attachment":[{"href":"https:\/\/gundem44.com.tr\/index.php?rest_route=%2Fwp%2Fv2%2Fmedia&parent=684"}],"wp:term":[{"taxonomy":"category","embeddable":true,"href":"https:\/\/gundem44.com.tr\/index.php?rest_route=%2Fwp%2Fv2%2Fcategories&post=684"},{"taxonomy":"post_tag","embeddable":true,"href":"https:\/\/gundem44.com.tr\/index.php?rest_route=%2Fwp%2Fv2%2Ftags&post=684"}],"curies":[{"name":"wp","href":"https:\/\/api.w.org\/{rel}","templated":true}]}}