{"id":672,"date":"2026-06-17T00:27:33","date_gmt":"2026-06-17T00:27:33","guid":{"rendered":"https:\/\/gundem44.com.tr\/?p=672"},"modified":"2026-06-17T00:27:34","modified_gmt":"2026-06-17T00:27:34","slug":"akcadagda-hayat-boyu-ogrenme-sergisi-acildi","status":"publish","type":"post","link":"https:\/\/gundem44.com.tr\/?p=672","title":{"rendered":"Ak\u00e7ada\u011f&#8217;da hayat boyu \u00f6\u011frenme sergisi a\u00e7\u0131ld\u0131"},"content":{"rendered":"\n<p class=\"wp-block-paragraph\">Malatya&#8217;n\u0131n Ak\u00e7ada\u011f il\u00e7esinde Hayat Boyu \u00d6\u011frenme Program\u0131 kapsam\u0131nda d\u00fczenlenen el eme\u011fi \u00fcr\u00fcnler sergisinin a\u00e7\u0131l\u0131\u015f\u0131, belediye ba\u015fkan\u0131 ve protokol \u00fcyelerinin kat\u0131l\u0131m\u0131yla ger\u00e7ekle\u015ftirildi.<\/p>\n\n\n\n<p class=\"wp-block-paragraph\"><a href=\"https:\/\/www.sondakika.com\/malatya\/\">Malatya<\/a>&#8216;n\u0131n&nbsp;<a href=\"https:\/\/www.sondakika.com\/akcadag\/\">Ak\u00e7ada\u011f<\/a>&nbsp;il\u00e7esinde Hayat Boyu \u00d6\u011frenme Program\u0131 kapsam\u0131nda haz\u0131rlanan el eme\u011fi \u00fcr\u00fcnler sergisinin a\u00e7\u0131l\u0131\u015f\u0131 ger\u00e7ekle\u015ftirildi.<\/p>\n\n\n\n<p class=\"wp-block-paragraph\">Ak\u00e7ada\u011f Halk E\u011fitim Merkezi taraf\u0131ndan d\u00fczenlenen serginin a\u00e7\u0131l\u0131\u015f\u0131na Ak\u00e7ada\u011f Belediye Ba\u015fkan\u0131 Hasan Uluta\u015f&#8217;\u0131n yan\u0131 s\u0131ra \u0130l\u00e7e Kaymakam\u0131, \u0130l\u00e7e Milli E\u011fitim M\u00fcd\u00fcr\u00fc ve Halk E\u011fitim Merkezi M\u00fcd\u00fcr\u00fc kat\u0131ld\u0131. A\u00e7\u0131l\u0131\u015f\u0131n ard\u0131ndan sergiyi gezen protokol \u00fcyeleri, kursiyerler taraf\u0131ndan y\u0131l boyunca haz\u0131rlanan el eme\u011fi \u00fcr\u00fcnleri inceleyerek \u00e7al\u0131\u015fmalar hakk\u0131nda bilgi ald\u0131.<\/p>\n\n\n\n<p class=\"wp-block-paragraph\">Ak\u00e7ada\u011f Belediye Ba\u015fkan\u0131 Hasan Uluta\u015f, serginin ard\u0131ndan yapt\u0131\u011f\u0131 a\u00e7\u0131klamada, Hayat Boyu \u00d6\u011frenme Program\u0131 kapsam\u0131nda d\u00fczenlenen serginin \u00f6nemli bir organizasyon oldu\u011funu belirterek, kursiyerlerin ortaya koydu\u011fu \u00e7al\u0131\u015fmalar\u0131n takdire \u015fayan oldu\u011funu s\u00f6yledi.<\/p>\n\n\n\n<p class=\"wp-block-paragraph\">Kursiyerlerin haz\u0131rlad\u0131\u011f\u0131 eserleri g\u00f6rmekten memnuniyet duydu\u011funu ifade eden Uluta\u015f, &#8220;\u0130l\u00e7e Kaymakam\u0131m\u0131z, \u0130l\u00e7e Milli E\u011fitim M\u00fcd\u00fcr\u00fcm\u00fcz ve Halk E\u011fitim Merkezi M\u00fcd\u00fcr\u00fcm\u00fcz ile birlikte Hayat Boyu \u00d6\u011frenme Program\u0131 kapsam\u0131nda d\u00fczenlenen el eme\u011fi \u00fcr\u00fcnler sergisinin a\u00e7\u0131l\u0131\u015f\u0131na kat\u0131ld\u0131k. Kursiyerlerimizin ortaya koydu\u011fu birbirinden de\u011ferli \u00e7al\u0131\u015fmalar\u0131 g\u00f6rmekten memnuniyet duyduk. Eme\u011fi ge\u00e7en t\u00fcm e\u011fitmenlerimize, kursiyerlerimize ve katk\u0131 sunan herkese te\u015fekk\u00fcr ediyor, \u00e7al\u0131\u015fmalar\u0131n\u0131n devam\u0131n\u0131 diliyorum&#8221; diye konu\u015ftu &#8211; MALATYA<\/p>\n","protected":false},"excerpt":{"rendered":"<p>Malatya&#8217;n\u0131n Ak\u00e7ada\u011f il\u00e7esinde Hayat Boyu \u00d6\u011frenme Program\u0131 kapsam\u0131nda d\u00fczenlenen el eme\u011fi \u00fcr\u00fcnler sergisinin a\u00e7\u0131l\u0131\u015f\u0131, belediye&#8230;<\/p>\n","protected":false},"author":1,"featured_media":673,"comment_status":"open","ping_status":"open","sticky":false,"template":"","format":"standard","meta":{"footnotes":""},"categories":[23],"tags":[],"class_list":["post-672","post","type-post","status-publish","format-standard","has-post-thumbnail","hentry","category-akcadag"],"_links":{"self":[{"href":"https:\/\/gundem44.com.tr\/index.php?rest_route=\/wp\/v2\/posts\/672","targetHints":{"allow":["GET"]}}],"collection":[{"href":"https:\/\/gundem44.com.tr\/index.php?rest_route=\/wp\/v2\/posts"}],"about":[{"href":"https:\/\/gundem44.com.tr\/index.php?rest_route=\/wp\/v2\/types\/post"}],"author":[{"embeddable":true,"href":"https:\/\/gundem44.com.tr\/index.php?rest_route=\/wp\/v2\/users\/1"}],"replies":[{"embeddable":true,"href":"https:\/\/gundem44.com.tr\/index.php?rest_route=%2Fwp%2Fv2%2Fcomments&post=672"}],"version-history":[{"count":1,"href":"https:\/\/gundem44.com.tr\/index.php?rest_route=\/wp\/v2\/posts\/672\/revisions"}],"predecessor-version":[{"id":674,"href":"https:\/\/gundem44.com.tr\/index.php?rest_route=\/wp\/v2\/posts\/672\/revisions\/674"}],"wp:featuredmedia":[{"embeddable":true,"href":"https:\/\/gundem44.com.tr\/index.php?rest_route=\/wp\/v2\/media\/673"}],"wp:attachment":[{"href":"https:\/\/gundem44.com.tr\/index.php?rest_route=%2Fwp%2Fv2%2Fmedia&parent=672"}],"wp:term":[{"taxonomy":"category","embeddable":true,"href":"https:\/\/gundem44.com.tr\/index.php?rest_route=%2Fwp%2Fv2%2Fcategories&post=672"},{"taxonomy":"post_tag","embeddable":true,"href":"https:\/\/gundem44.com.tr\/index.php?rest_route=%2Fwp%2Fv2%2Ftags&post=672"}],"curies":[{"name":"wp","href":"https:\/\/api.w.org\/{rel}","templated":true}]}}