{"id":669,"date":"2026-06-17T00:25:52","date_gmt":"2026-06-17T00:25:52","guid":{"rendered":"https:\/\/gundem44.com.tr\/?p=669"},"modified":"2026-06-17T00:26:13","modified_gmt":"2026-06-17T00:26:13","slug":"malatyada-trafik-kazasi-ogretmen-hayatini-kaybetti","status":"publish","type":"post","link":"https:\/\/gundem44.com.tr\/?p=669","title":{"rendered":"Malatya&#8217;da Trafik Kazas\u0131: \u00d6\u011fretmen Hayat\u0131n\u0131 Kaybetti"},"content":{"rendered":"\n<p class=\"wp-block-paragraph\">Do\u011fan\u015fehir&#8217;de arac\u0131n kayal\u0131klara \u00e7arpmas\u0131 sonucu 43 ya\u015f\u0131ndaki \u00f6\u011fretmen hayat\u0131n\u0131 kaybetti.<\/p>\n\n\n\n<p class=\"wp-block-paragraph\"><a href=\"https:\/\/www.sondakika.com\/malatya\/\">Malatya<\/a>&#8216;n\u0131n&nbsp;<a href=\"https:\/\/www.sondakika.com\/dogansehir\/\">Do\u011fan\u015fehir<\/a>&nbsp;il\u00e7esinde hafif ticari arac\u0131n kayal\u0131klara \u00e7arpmas\u0131 sonucu meydana gelen trafik kazas\u0131nda 43 ya\u015f\u0131ndaki \u00f6\u011fretmen hayat\u0131n\u0131 kaybetti.<\/p>\n\n\n\n<p class=\"wp-block-paragraph\">Kaza, Malatya-Ad\u0131yaman karayolu Do\u011fan\u015fehir il\u00e7esi Su\u00e7at\u0131 Mahallesi mevkiinde meydana geldi. Edinilen bilgilere g\u00f6re, Malatya y\u00f6n\u00fcne seyreden Mustafa Akba\u015f (43) y\u00f6netimindeki 44 AFG 577 plakal\u0131 hafif ticari ara\u00e7, s\u00fcr\u00fcc\u00fcs\u00fcn\u00fcn direksiyon hakimiyetini kaybetmesi sonucu kontrolden \u00e7\u0131karak yol kenar\u0131ndaki kayal\u0131klara \u00e7arpt\u0131. \u00c7arpman\u0131n etkisiyle ara\u00e7 hurdaya d\u00f6nd\u00fc. \u0130hbar \u00fczerine olay yerine jandarma, sa\u011fl\u0131k ve itfaiye ekipleri sevk edildi. Sa\u011fl\u0131k ekiplerinin yapt\u0131\u011f\u0131 kontrolde s\u00fcr\u00fcc\u00fc Mustafa Akba\u015f&#8217;\u0131n olay yerinde hayat\u0131n\u0131 kaybetti\u011fi belirlendi.<\/p>\n\n\n\n<p class=\"wp-block-paragraph\">\u00d6\u011fretmen oldu\u011fu \u00f6\u011frenilen Mustafa Akba\u015f&#8217;\u0131n cenazesi, olay yerindeki incelemelerin ard\u0131ndan otopsi i\u00e7in Malatya Adli T\u0131p Kurumu&#8217;na kald\u0131r\u0131ld\u0131.<\/p>\n\n\n\n<p class=\"wp-block-paragraph\">Kazayla ilgili inceleme ba\u015flat\u0131ld\u0131. &#8211; MALATYA<\/p>\n","protected":false},"excerpt":{"rendered":"<p>Do\u011fan\u015fehir&#8217;de arac\u0131n kayal\u0131klara \u00e7arpmas\u0131 sonucu 43 ya\u015f\u0131ndaki \u00f6\u011fretmen hayat\u0131n\u0131 kaybetti. Malatya&#8216;n\u0131n&nbsp;Do\u011fan\u015fehir&nbsp;il\u00e7esinde hafif ticari arac\u0131n kayal\u0131klara&#8230;<\/p>\n","protected":false},"author":1,"featured_media":670,"comment_status":"open","ping_status":"open","sticky":false,"template":"","format":"standard","meta":{"footnotes":""},"categories":[27],"tags":[],"class_list":["post-669","post","type-post","status-publish","format-standard","has-post-thumbnail","hentry","category-dogansehir"],"_links":{"self":[{"href":"https:\/\/gundem44.com.tr\/index.php?rest_route=\/wp\/v2\/posts\/669","targetHints":{"allow":["GET"]}}],"collection":[{"href":"https:\/\/gundem44.com.tr\/index.php?rest_route=\/wp\/v2\/posts"}],"about":[{"href":"https:\/\/gundem44.com.tr\/index.php?rest_route=\/wp\/v2\/types\/post"}],"author":[{"embeddable":true,"href":"https:\/\/gundem44.com.tr\/index.php?rest_route=\/wp\/v2\/users\/1"}],"replies":[{"embeddable":true,"href":"https:\/\/gundem44.com.tr\/index.php?rest_route=%2Fwp%2Fv2%2Fcomments&post=669"}],"version-history":[{"count":1,"href":"https:\/\/gundem44.com.tr\/index.php?rest_route=\/wp\/v2\/posts\/669\/revisions"}],"predecessor-version":[{"id":671,"href":"https:\/\/gundem44.com.tr\/index.php?rest_route=\/wp\/v2\/posts\/669\/revisions\/671"}],"wp:featuredmedia":[{"embeddable":true,"href":"https:\/\/gundem44.com.tr\/index.php?rest_route=\/wp\/v2\/media\/670"}],"wp:attachment":[{"href":"https:\/\/gundem44.com.tr\/index.php?rest_route=%2Fwp%2Fv2%2Fmedia&parent=669"}],"wp:term":[{"taxonomy":"category","embeddable":true,"href":"https:\/\/gundem44.com.tr\/index.php?rest_route=%2Fwp%2Fv2%2Fcategories&post=669"},{"taxonomy":"post_tag","embeddable":true,"href":"https:\/\/gundem44.com.tr\/index.php?rest_route=%2Fwp%2Fv2%2Ftags&post=669"}],"curies":[{"name":"wp","href":"https:\/\/api.w.org\/{rel}","templated":true}]}}