{"id":666,"date":"2026-06-16T23:45:06","date_gmt":"2026-06-16T23:45:06","guid":{"rendered":"https:\/\/gundem44.com.tr\/?p=666"},"modified":"2026-06-16T23:45:07","modified_gmt":"2026-06-16T23:45:07","slug":"resmi-gazetede-yayimlanan-kararla-430-mulki-idare-amirinin-gorev-yeri-degisti","status":"publish","type":"post","link":"https:\/\/gundem44.com.tr\/?p=666","title":{"rendered":"Resmi Gazete&#8217;de yay\u0131mlanan kararla 430 m\u00fclki idare amirinin g\u00f6rev yeri de\u011fi\u015fti"},"content":{"rendered":"\n<p class=\"wp-block-paragraph\">Cumhurba\u015fkan\u0131 Recep Tayyip Erdo\u011fan\u2019\u0131n imzas\u0131yla \u0130\u00e7i\u015fleri Bakanl\u0131\u011f\u0131na ait M\u00fclki \u0130dare Amirleri Atama Kararnamesinin Resmi Gazete&#8217;de yay\u0131mland\u0131. Kararname ile \u0130\u00e7i\u015fleri Bakanl\u0131\u011f\u0131 merkez ve ta\u015fra te\u015fkilat\u0131nda g\u00f6rev yapan 430 m\u00fclki idare amirinin g\u00f6rev yeri de\u011fi\u015ftirildi<\/p>\n\n\n\n<p class=\"wp-block-paragraph\">Cumhurba\u015fkan\u0131 Recep Tayyip Erdo\u011fan\u2019\u0131n imzas\u0131yla Resmi Gazete&#8217;de yay\u0131mlanan yeni atama kararnamesi kapsam\u0131nda m\u00fclki idarede kapsaml\u0131 bir rotasyona gidildi. Kararname ile&nbsp;<a href=\"https:\/\/www.sondakika.com\/icisleri-bakanligi\/\">\u0130\u00e7i\u015fleri Bakanl\u0131\u011f\u0131<\/a>&nbsp;b\u00fcnyesindeki y\u00fczlerce vali yard\u0131mc\u0131s\u0131, kaymakam ve \u00fcst d\u00fczey b\u00fcrokrat\u0131n yeni g\u00f6rev yerleri belirlendi.<\/p>\n\n\n\n<h3 class=\"wp-block-heading\">TOPLAM 430 \u0130SM\u0130N G\u00d6REV YER\u0130 DE\u011e\u0130\u015eT\u0130<\/h3>\n\n\n\n<p class=\"wp-block-paragraph\">Buna g\u00f6re;&nbsp; toplam 430 m\u00fclki idare amirinin g\u00f6rev yerleri yeniden belirlendi. Ta\u015fra te\u015fkilat\u0131nda g\u00f6rev yapan 15 m\u00fclki idare amirinden 11\u2019i kaymakam, 4\u2019\u00fc vali yard\u0131mc\u0131s\u0131 olmak \u00fczere merkez yeniden g\u00f6revlendirildi. Ayr\u0131ca 208 m\u00fclki idare amiri kaymakaml\u0131ktan kaymakaml\u0131\u011fa, 82\u2019si kaymakaml\u0131ktan vali yard\u0131mc\u0131l\u0131\u011f\u0131na, 74\u2019\u00fc vali yard\u0131mc\u0131l\u0131\u011f\u0131ndan vali yard\u0131mc\u0131l\u0131\u011f\u0131na, 32\u2019si ise vali yard\u0131mc\u0131l\u0131\u011f\u0131ndan kaymakaml\u0131\u011fa atand\u0131. Bunun yan\u0131nda \u0130stanbul\u2019da 5, Ankara\u2019da 4 ve \u0130zmir\u2019de 6 kaymakam\u0131n g\u00f6rev yerleri de\u011fi\u015ftirildi.<\/p>\n\n\n\n<p class=\"wp-block-paragraph\">Ayr\u0131ca, 6\u2019s\u0131 il, 7\u2019si il\u00e7e kayyumu olarak g\u00f6rev yapan 13 m\u00fclki idare amirinin de g\u00f6rev yeri de\u011fi\u015ftirilerek yerlerine yeni isimler getirildi.<\/p>\n\n\n\n<p class=\"wp-block-paragraph\"><strong>\u0130\u015fte g\u00f6rev yeri de\u011fi\u015ftirilen ve yeni g\u00f6revlere atanan m\u00fclki idare amirlerinin tam listesi:<\/strong><\/p>\n\n\n\n<figure class=\"wp-block-image\"><img decoding=\"async\" src=\"https:\/\/foto.sondakika.com\/haber\/2026\/06\/17\/resmi-gazetede-yayimlandi-cok-19956516-7430_1_m.jpg\" alt=\"Resmi Gazete'de yay\u0131mlanan kararla 430 m\u00fclki idare amirinin g\u00f6rev yeri de\u011fi\u015fti\"\/><\/figure>\n\n\n\n<figure class=\"wp-block-image\"><img decoding=\"async\" src=\"https:\/\/foto.sondakika.com\/haber\/2026\/06\/17\/resmi-gazetede-yayimlandi-cok-19956516-8295_1_m.jpg\" alt=\"Resmi Gazete'de yay\u0131mlanan kararla 430 m\u00fclki idare amirinin g\u00f6rev yeri de\u011fi\u015fti\"\/><\/figure>\n\n\n\n<figure class=\"wp-block-image\"><img decoding=\"async\" src=\"https:\/\/foto.sondakika.com\/haber\/2026\/06\/17\/resmi-gazetede-yayimlandi-cok-19956516-9718_1_m.jpg\" alt=\"Resmi Gazete'de yay\u0131mlanan kararla 430 m\u00fclki idare amirinin g\u00f6rev yeri de\u011fi\u015fti\"\/><\/figure>\n\n\n\n<figure class=\"wp-block-image\"><img decoding=\"async\" src=\"https:\/\/foto.sondakika.com\/haber\/2026\/06\/17\/resmi-gazetede-yayimlandi-cok-19956516-1437_1_m.jpg\" alt=\"Resmi Gazete'de yay\u0131mlanan kararla 430 m\u00fclki idare amirinin g\u00f6rev yeri de\u011fi\u015fti\"\/><\/figure>\n\n\n\n<figure class=\"wp-block-image\"><img decoding=\"async\" src=\"https:\/\/foto.sondakika.com\/haber\/2026\/06\/17\/resmi-gazetede-yayimlandi-cok-19956516-4255_1_m.jpg\" alt=\"Resmi Gazete'de yay\u0131mlanan kararla 430 m\u00fclki idare amirinin g\u00f6rev yeri de\u011fi\u015fti\"\/><\/figure>\n\n\n\n<figure class=\"wp-block-image\"><img decoding=\"async\" src=\"https:\/\/foto.sondakika.com\/haber\/2026\/06\/17\/resmi-gazetede-yayimlandi-cok-19956516-8148_1_m.jpg\" alt=\"Resmi Gazete'de yay\u0131mlanan kararla 430 m\u00fclki idare amirinin g\u00f6rev yeri de\u011fi\u015fti\"\/><\/figure>\n\n\n\n<figure class=\"wp-block-image\"><img decoding=\"async\" src=\"https:\/\/foto.sondakika.com\/haber\/2026\/06\/17\/resmi-gazetede-yayimlandi-cok-19956516-5120_1_m.jpg\" alt=\"Resmi Gazete'de yay\u0131mlanan kararla 430 m\u00fclki idare amirinin g\u00f6rev yeri de\u011fi\u015fti\"\/><\/figure>\n\n\n\n<figure class=\"wp-block-image\"><img decoding=\"async\" src=\"https:\/\/foto.sondakika.com\/haber\/2026\/06\/17\/resmi-gazetede-yayimlandi-cok-19956516-7953_1_m.jpg\" alt=\"Resmi Gazete'de yay\u0131mlanan kararla 430 m\u00fclki idare amirinin g\u00f6rev yeri de\u011fi\u015fti\"\/><\/figure>\n\n\n\n<figure class=\"wp-block-image\"><img decoding=\"async\" src=\"https:\/\/foto.sondakika.com\/haber\/2026\/06\/17\/resmi-gazetede-yayimlandi-cok-19956516-1250_1_m.jpg\" alt=\"Resmi Gazete'de yay\u0131mlanan kararla 430 m\u00fclki idare amirinin g\u00f6rev yeri de\u011fi\u015fti\"\/><\/figure>\n\n\n\n<figure class=\"wp-block-image\"><img decoding=\"async\" src=\"https:\/\/foto.sondakika.com\/haber\/2026\/06\/17\/resmi-gazetede-yayimlandi-cok-19956516-6227_1_m.jpg\" alt=\"Resmi Gazete'de yay\u0131mlanan kararla 430 m\u00fclki idare amirinin g\u00f6rev yeri de\u011fi\u015fti\"\/><\/figure>\n\n\n\n<figure class=\"wp-block-image\"><img decoding=\"async\" src=\"https:\/\/foto.sondakika.com\/haber\/2026\/06\/17\/resmi-gazetede-yayimlandi-cok-19956516-4512_1_m.jpg\" alt=\"Resmi Gazete'de yay\u0131mlanan kararla 430 m\u00fclki idare amirinin g\u00f6rev yeri de\u011fi\u015fti\"\/><\/figure>\n\n\n\n<figure class=\"wp-block-image\"><img decoding=\"async\" src=\"https:\/\/foto.sondakika.com\/haber\/2026\/06\/17\/resmi-gazetede-yayimlandi-cok-19956516-7650_1_m.jpg\" alt=\"Resmi Gazete'de yay\u0131mlanan kararla 430 m\u00fclki idare amirinin g\u00f6rev yeri de\u011fi\u015fti\"\/><\/figure>\n\n\n\n<figure class=\"wp-block-image\"><img decoding=\"async\" src=\"https:\/\/foto.sondakika.com\/haber\/2026\/06\/17\/resmi-gazetede-yayimlandi-cok-19956516-1577_1_m.jpg\" alt=\"Resmi Gazete'de yay\u0131mlanan kararla 430 m\u00fclki idare amirinin g\u00f6rev yeri de\u011fi\u015fti\"\/><\/figure>\n\n\n\n<figure class=\"wp-block-image\"><img decoding=\"async\" src=\"https:\/\/foto.sondakika.com\/haber\/2026\/06\/17\/resmi-gazetede-yayimlandi-cok-19956516-8128_1_m.jpg\" alt=\"Resmi Gazete'de yay\u0131mlanan kararla 430 m\u00fclki idare amirinin g\u00f6rev yeri de\u011fi\u015fti\"\/><\/figure>\n\n\n\n<figure class=\"wp-block-image\"><img decoding=\"async\" src=\"https:\/\/foto.sondakika.com\/haber\/2026\/06\/17\/resmi-gazetede-yayimlandi-cok-19956516-9462_1_m.jpg\" alt=\"Resmi Gazete'de yay\u0131mlanan kararla 430 m\u00fclki idare amirinin g\u00f6rev yeri de\u011fi\u015fti\"\/><\/figure>\n\n\n\n<figure class=\"wp-block-image\"><img decoding=\"async\" src=\"https:\/\/foto.sondakika.com\/haber\/2026\/06\/17\/resmi-gazetede-yayimlandi-cok-19956516-5295_1_m.jpg\" alt=\"Resmi Gazete'de yay\u0131mlanan kararla 430 m\u00fclki idare amirinin g\u00f6rev yeri de\u011fi\u015fti\"\/><\/figure>\n","protected":false},"excerpt":{"rendered":"<p>Cumhurba\u015fkan\u0131 Recep Tayyip Erdo\u011fan\u2019\u0131n imzas\u0131yla \u0130\u00e7i\u015fleri Bakanl\u0131\u011f\u0131na ait M\u00fclki \u0130dare Amirleri Atama Kararnamesinin Resmi Gazete&#8217;de&#8230;<\/p>\n","protected":false},"author":1,"featured_media":667,"comment_status":"open","ping_status":"open","sticky":false,"template":"","format":"standard","meta":{"footnotes":""},"categories":[14],"tags":[],"class_list":["post-666","post","type-post","status-publish","format-standard","has-post-thumbnail","hentry","category-son-dakika"],"_links":{"self":[{"href":"https:\/\/gundem44.com.tr\/index.php?rest_route=\/wp\/v2\/posts\/666","targetHints":{"allow":["GET"]}}],"collection":[{"href":"https:\/\/gundem44.com.tr\/index.php?rest_route=\/wp\/v2\/posts"}],"about":[{"href":"https:\/\/gundem44.com.tr\/index.php?rest_route=\/wp\/v2\/types\/post"}],"author":[{"embeddable":true,"href":"https:\/\/gundem44.com.tr\/index.php?rest_route=\/wp\/v2\/users\/1"}],"replies":[{"embeddable":true,"href":"https:\/\/gundem44.com.tr\/index.php?rest_route=%2Fwp%2Fv2%2Fcomments&post=666"}],"version-history":[{"count":1,"href":"https:\/\/gundem44.com.tr\/index.php?rest_route=\/wp\/v2\/posts\/666\/revisions"}],"predecessor-version":[{"id":668,"href":"https:\/\/gundem44.com.tr\/index.php?rest_route=\/wp\/v2\/posts\/666\/revisions\/668"}],"wp:featuredmedia":[{"embeddable":true,"href":"https:\/\/gundem44.com.tr\/index.php?rest_route=\/wp\/v2\/media\/667"}],"wp:attachment":[{"href":"https:\/\/gundem44.com.tr\/index.php?rest_route=%2Fwp%2Fv2%2Fmedia&parent=666"}],"wp:term":[{"taxonomy":"category","embeddable":true,"href":"https:\/\/gundem44.com.tr\/index.php?rest_route=%2Fwp%2Fv2%2Fcategories&post=666"},{"taxonomy":"post_tag","embeddable":true,"href":"https:\/\/gundem44.com.tr\/index.php?rest_route=%2Fwp%2Fv2%2Ftags&post=666"}],"curies":[{"name":"wp","href":"https:\/\/api.w.org\/{rel}","templated":true}]}}