{"id":646,"date":"2026-06-15T10:30:26","date_gmt":"2026-06-15T10:30:26","guid":{"rendered":"https:\/\/gundem44.com.tr\/?p=646"},"modified":"2026-06-15T10:30:26","modified_gmt":"2026-06-15T10:30:26","slug":"jandarmanin-187-yili-malatyada-kutlandi","status":"publish","type":"post","link":"https:\/\/gundem44.com.tr\/?p=646","title":{"rendered":"Jandarma&#8217;n\u0131n 187. Y\u0131l\u0131 Malatya&#8217;da Kutland\u0131"},"content":{"rendered":"\n<p class=\"wp-block-paragraph\">MalatyaPark&#8217;ta Jandarma&#8217;n\u0131n 187. y\u0131l\u0131 etkinlikleri kapsam\u0131nda tan\u0131t\u0131m stand\u0131 a\u00e7\u0131ld\u0131.<\/p>\n\n\n\n<p class=\"wp-block-paragraph\"><a href=\"https:\/\/www.sondakika.com\/jandarma\/\">Jandarma<\/a>&nbsp;Genel Komutanl\u0131\u011f\u0131&#8217;n\u0131n 187. kurulu\u015f y\u0131l d\u00f6n\u00fcm\u00fc etkinlikleri kapsam\u0131nda MalatyaPark Al\u0131\u015fveri\u015f Merkezi&#8217;nde tan\u0131t\u0131m stand\u0131 a\u00e7\u0131ld\u0131.<\/p>\n\n\n\n<p class=\"wp-block-paragraph\">Malatya \u0130l Jandarma Komutan\u0131 K\u0131demli Albay Tolunay Ba\u015fer&#8217;in kat\u0131l\u0131m\u0131yla ger\u00e7ekle\u015ftirilen etkinlikte, vatanda\u015flar Jandarma Te\u015fkilat\u0131&#8217;n\u0131n g\u00f6rev alanlar\u0131, faaliyetleri ve kulland\u0131\u011f\u0131 ekipmanlar hakk\u0131nda bilgilendirildi. Yo\u011fun ilgi g\u00f6ren stantta ziyaret\u00e7iler, jandarma personeliyle bir araya gelerek te\u015fkilat\u0131n y\u00fcr\u00fctt\u00fc\u011f\u00fc \u00e7al\u0131\u015fmalar hakk\u0131nda bilgi alma f\u0131rsat\u0131 buldu.<\/p>\n\n\n\n<p class=\"wp-block-paragraph\">Etkinlikte, Jandarma Genel Komutanl\u0131\u011f\u0131&#8217;n\u0131n 187 y\u0131ll\u0131k k\u00f6kl\u00fc ge\u00e7mi\u015fine vurgu yap\u0131l\u0131rken, te\u015fkilat\u0131n \u00fclke genelinde kamu d\u00fczeninin sa\u011flanmas\u0131, vatanda\u015flar\u0131n huzur ve g\u00fcvenli\u011finin temini i\u00e7in s\u00fcrd\u00fcrd\u00fc\u011f\u00fc g\u00f6revler anlat\u0131ld\u0131.<\/p>\n\n\n\n<p class=\"wp-block-paragraph\">Programda, milletin huzur ve g\u00fcvenli\u011fi i\u00e7in \u00f6zveriyle g\u00f6rev yapan Jandarma Te\u015fkilat\u0131&#8217;n\u0131n 187. kurulu\u015f y\u0131l d\u00f6n\u00fcm\u00fc kutlan\u0131rken, t\u00fcm te\u015fkilat mensuplar\u0131na g\u00f6revlerinde ba\u015far\u0131 dilekleri iletildi.<\/p>\n","protected":false},"excerpt":{"rendered":"<p>MalatyaPark&#8217;ta Jandarma&#8217;n\u0131n 187. y\u0131l\u0131 etkinlikleri kapsam\u0131nda tan\u0131t\u0131m stand\u0131 a\u00e7\u0131ld\u0131. Jandarma&nbsp;Genel Komutanl\u0131\u011f\u0131&#8217;n\u0131n 187. kurulu\u015f y\u0131l d\u00f6n\u00fcm\u00fc&#8230;<\/p>\n","protected":false},"author":1,"featured_media":647,"comment_status":"open","ping_status":"open","sticky":false,"template":"","format":"standard","meta":{"footnotes":""},"categories":[1],"tags":[],"class_list":["post-646","post","type-post","status-publish","format-standard","has-post-thumbnail","hentry","category-malatya-gundemi"],"_links":{"self":[{"href":"https:\/\/gundem44.com.tr\/index.php?rest_route=\/wp\/v2\/posts\/646","targetHints":{"allow":["GET"]}}],"collection":[{"href":"https:\/\/gundem44.com.tr\/index.php?rest_route=\/wp\/v2\/posts"}],"about":[{"href":"https:\/\/gundem44.com.tr\/index.php?rest_route=\/wp\/v2\/types\/post"}],"author":[{"embeddable":true,"href":"https:\/\/gundem44.com.tr\/index.php?rest_route=\/wp\/v2\/users\/1"}],"replies":[{"embeddable":true,"href":"https:\/\/gundem44.com.tr\/index.php?rest_route=%2Fwp%2Fv2%2Fcomments&post=646"}],"version-history":[{"count":1,"href":"https:\/\/gundem44.com.tr\/index.php?rest_route=\/wp\/v2\/posts\/646\/revisions"}],"predecessor-version":[{"id":648,"href":"https:\/\/gundem44.com.tr\/index.php?rest_route=\/wp\/v2\/posts\/646\/revisions\/648"}],"wp:featuredmedia":[{"embeddable":true,"href":"https:\/\/gundem44.com.tr\/index.php?rest_route=\/wp\/v2\/media\/647"}],"wp:attachment":[{"href":"https:\/\/gundem44.com.tr\/index.php?rest_route=%2Fwp%2Fv2%2Fmedia&parent=646"}],"wp:term":[{"taxonomy":"category","embeddable":true,"href":"https:\/\/gundem44.com.tr\/index.php?rest_route=%2Fwp%2Fv2%2Fcategories&post=646"},{"taxonomy":"post_tag","embeddable":true,"href":"https:\/\/gundem44.com.tr\/index.php?rest_route=%2Fwp%2Fv2%2Ftags&post=646"}],"curies":[{"name":"wp","href":"https:\/\/api.w.org\/{rel}","templated":true}]}}